{"id":5000,"date":"2023-02-21T12:24:47","date_gmt":"2023-02-21T11:24:47","guid":{"rendered":"https:\/\/fleschmazowsza.com.pl\/?p=5000"},"modified":"2023-02-21T12:24:48","modified_gmt":"2023-02-21T11:24:48","slug":"stacje-pogodowe-w-szkolach","status":"publish","type":"post","link":"https:\/\/fleschmazowsza.com.pl\/?p=5000","title":{"rendered":"Stacje pogodowe w szko\u0142ach"},"content":{"rendered":"\n<p><strong>Temperatura powietrza, promieniowanie s\u0142oneczne czy kierunek wiatru \u2013 m.in. takie informacje mo\u017cna odczyta\u0107 ze stacji meteorologicznych, kt\u00f3re zosta\u0142y zamontowane przy szko\u0142ach na terenie gminy Brwin\u00f3w.<\/strong><\/p>\n\n\n\n<p>Automatyczne, bezprzewodowe stacje pogody zosta\u0142y zamontowane na terenie czterech szk\u00f3\u0142 samorz\u0105dowych w Brwinowie, \u017b\u00f3\u0142winie i Otr\u0119busach. Urz\u0105dzenia umo\u017cliwiaj\u0105 bezobs\u0142ugowy pomiar warunk\u00f3w atmosferycznych oraz jako\u015bci powietrza. System czujnik\u00f3w umo\u017cliwia pomiar standardowych parametr\u00f3w okre\u015blaj\u0105cych stan pogody, tj. temperatury i wilgotno\u015bci powietrza, ci\u015bnienia atmosferycznego, pr\u0119dko\u015bci i kierunku wiatru, opad\u00f3w atmosferycznych w stanie ciek\u0142ym, a tak\u017ce kalkulacj\u0119 parametr\u00f3w pochodnych, takich jak m.in. temperatura odczuwalna. Stacje umo\u017cliwiaj\u0105 tak\u017ce pomiar promieniowania s\u0142onecznego.<\/p>\n\n\n\n<p>Ka\u017cda ze szk\u00f3\u0142 mo\u017ce korzysta\u0107 online z dost\u0119pu do pomiar\u00f3w ze stacji. Dzi\u0119ki temu plac\u00f3wki mog\u0105 por\u00f3wnywa\u0107 dane, a tak\u017ce wymienia\u0107 si\u0119 zebranymi informacjami. Pomiary ze stacji pogodowych b\u0119d\u0105 wykorzystywane na lekcjach geografii czy biologii, przez co uczniowie b\u0119d\u0105 mieli okazj\u0119 obserwacji zjawisk pogodowych i zmian zachodz\u0105cych w przyrodzie.<\/p>\n\n\n\n<p>Mo\u017cliwo\u015b\u0107 prowadzenia obserwacji pogody, wyci\u0105gania wniosk\u00f3w na bazie danych z najbli\u017cszego otoczenia zwi\u0119ksza \u015bwiadomo\u015b\u0107 ekologiczn\u0105 i dba\u0142o\u015b\u0107 o otaczaj\u0105ce \u015brodowisko.<\/p>\n\n\n\n<p>Stacje meteorologiczne w szko\u0142ach w Brwinowie i Otr\u0119busach zosta\u0142y zamontowane ze \u015brodk\u00f3w z bud\u017cetu gminy za kwot\u0119 prawie 60 tys. z\u0142. Natomiast stacja w szkole w \u017b\u00f3\u0142winie zosta\u0142a zakupiona w ramach projektu \u201eDzia\u0142aj dla klimatu. Inicjatywy podnosz\u0105ce \u015bwiadomo\u015b\u0107 ekologiczn\u0105 w szko\u0142ach w gminach Brwin\u00f3w i Micha\u0142owice w partnerstwie z Sandgerdi Elementary School z Islandii\u201d dofinansowanego w ramach Mechanizmu Finansowego EOG oraz z bud\u017cetu pa\u0144stwa.<\/p>\n\n\n\n<p class=\"has-text-align-right\">Tekst i foto: <strong>U.G. Brwin\u00f3w<\/strong><\/p>\n","protected":false},"excerpt":{"rendered":"<p>Temperatura powietrza, promieniowanie s\u0142oneczne czy kierunek wiatru \u2013 m.in. takie informacje mo\u017cna odczyta\u0107 ze stacji meteorologicznych, kt\u00f3re zosta\u0142y zamontowane przy szko\u0142ach na terenie gminy Brwin\u00f3w. Automatyczne, bezprzewodowe stacje pogody zosta\u0142y zamontowane na terenie czterech szk\u00f3\u0142 samorz\u0105dowych w Brwinowie, \u017b\u00f3\u0142winie i Otr\u0119busach. Urz\u0105dzenia umo\u017cliwiaj\u0105 bezobs\u0142ugowy pomiar warunk\u00f3w atmosferycznych oraz jako\u015bci powietrza. System czujnik\u00f3w umo\u017cliwia pomiar standardowych [&hellip;]<\/p>\n","protected":false},"author":2,"featured_media":5002,"comment_status":"closed","ping_status":"open","sticky":false,"template":"","format":"standard","meta":{"footnotes":""},"categories":[9],"tags":[],"class_list":["post-5000","post","type-post","status-publish","format-standard","has-post-thumbnail","hentry","category-edukacja"],"_links":{"self":[{"href":"https:\/\/fleschmazowsza.com.pl\/index.php?rest_route=\/wp\/v2\/posts\/5000","targetHints":{"allow":["GET"]}}],"collection":[{"href":"https:\/\/fleschmazowsza.com.pl\/index.php?rest_route=\/wp\/v2\/posts"}],"about":[{"href":"https:\/\/fleschmazowsza.com.pl\/index.php?rest_route=\/wp\/v2\/types\/post"}],"author":[{"embeddable":true,"href":"https:\/\/fleschmazowsza.com.pl\/index.php?rest_route=\/wp\/v2\/users\/2"}],"replies":[{"embeddable":true,"href":"https:\/\/fleschmazowsza.com.pl\/index.php?rest_route=%2Fwp%2Fv2%2Fcomments&post=5000"}],"version-history":[{"count":1,"href":"https:\/\/fleschmazowsza.com.pl\/index.php?rest_route=\/wp\/v2\/posts\/5000\/revisions"}],"predecessor-version":[{"id":5003,"href":"https:\/\/fleschmazowsza.com.pl\/index.php?rest_route=\/wp\/v2\/posts\/5000\/revisions\/5003"}],"wp:featuredmedia":[{"embeddable":true,"href":"https:\/\/fleschmazowsza.com.pl\/index.php?rest_route=\/wp\/v2\/media\/5002"}],"wp:attachment":[{"href":"https:\/\/fleschmazowsza.com.pl\/index.php?rest_route=%2Fwp%2Fv2%2Fmedia&parent=5000"}],"wp:term":[{"taxonomy":"category","embeddable":true,"href":"https:\/\/fleschmazowsza.com.pl\/index.php?rest_route=%2Fwp%2Fv2%2Fcategories&post=5000"},{"taxonomy":"post_tag","embeddable":true,"href":"https:\/\/fleschmazowsza.com.pl\/index.php?rest_route=%2Fwp%2Fv2%2Ftags&post=5000"}],"curies":[{"name":"wp","href":"https:\/\/api.w.org\/{rel}","templated":true}]}}