{"id":4997,"date":"2023-02-21T12:21:05","date_gmt":"2023-02-21T11:21:05","guid":{"rendered":"https:\/\/fleschmazowsza.com.pl\/?p=4997"},"modified":"2023-02-21T12:21:06","modified_gmt":"2023-02-21T11:21:06","slug":"dramatyczne-dane-rekord-samobojstw-dzieci","status":"publish","type":"post","link":"https:\/\/fleschmazowsza.com.pl\/?p=4997","title":{"rendered":"Dramatyczne dane \u2013 rekord samob\u00f3jstw dzieci"},"content":{"rendered":"\n<p><strong>Ubieg\u0142y rok by\u0142 niechlubnym czasem w statystykach dotycz\u0105cych samob\u00f3jstw w\u015br\u00f3d polskiej m\u0142odzie\u017cy. Niestety, pad\u0142 rekord pr\u00f3b samob\u00f3jczych. Fundacja GrowSpace informuje, \u017ce w 2022 roku mia\u0142o miejsce ponad 2 tysi\u0105ce pr\u00f3b pope\u0142nienia samob\u00f3jstwa. To o 150 procent wi\u0119cej ni\u017c w 2020 roku.<\/strong><\/p>\n\n\n\n<p>Z danych uzyskanych od policji wynika, \u017ce takich pr\u00f3b by\u0142o w 2022 r. 2031, w tym 150 pr\u00f3b zako\u0144czy\u0142o si\u0119 zgonem. Co wi\u0119cej, tragiczne statystyki s\u0105 najprawdopodobniej niepe\u0142ne, poniewa\u017c nie obejmuj\u0105 informacji z ca\u0142ego ubieg\u0142ego roku. Okres statystyczny w policji ko\u0144czy si\u0119 dopiero 31 stycznia.<\/p>\n\n\n\n<p>\u2013To bardzo przykre dane, kt\u00f3re pokazuj\u0105 drastyczny wzrost przypadk\u00f3w pr\u00f3b samob\u00f3jczych w\u015br\u00f3d dzieci i m\u0142odzie\u017cy. Jeszcze w 2020 roku by\u0142o ich niewiele ponad 800. To przyrost o 150 proc. \u2013 oceni\u0142 <strong>Dominik Kuc, aktywista Fundacji GrowSpace<\/strong>. \u2013 Te 2000 pr\u00f3b to dla nas niby tylko sucha liczba, ale to 2000 dramatycznych historii w szko\u0142ach, 2000 z\u0142amanych serc rodzic\u00f3w i wreszcie oko\u0142o 2000 os\u00f3b w kryzysie suicydalnym. Ka\u017cdy tego typu przypadek pokazuje, \u017ce system gdzie\u015b zawi\u00f3d\u0142 i pomoc nie zosta\u0142a udzielona na czas. Uwa\u017cam, \u017ce ochrona zdrowia psychicznego powinna by\u0107 jednym z priorytet\u00f3w naszego spo\u0142ecze\u0144stwa, poniewa\u017c reagowa\u0107 nale\u017cy ju\u017c przy pierwszych objawach kryzysu suicydalnego \u2013 doda\u0142.<\/p>\n\n\n\n<p>Wed\u0142ug policyjnych danych do takich zdarze\u0144 dochodzi ju\u017c w\u015br\u00f3d najm\u0142odszych dzieci w przedziale 7-12 lat. S\u0105 to traumatyczne dane. Najwi\u0119cej pr\u00f3b samob\u00f3jczych w\u015br\u00f3d najm\u0142odszych odnotowano w woj. dolno\u015bl\u0105skim. Je\u015bli chodzi o pr\u00f3by samob\u00f3jcze nieletnich to prym wiod\u0105 wojew\u00f3dztwa: pomorskie (417) i \u015bl\u0105skie (301).<\/p>\n\n\n\n<p>\u2013Zachowania samob\u00f3jcze to zjawisko bardzo z\u0142o\u017cone. Specjali\u015bci nie maj\u0105 jednej prostej odpowiedzi na pytanie, dlaczego m\u0142odzi ludzie podejmuj\u0105 decyzj\u0119 o odebraniu sobie \u017cycia. Na te tragedie wp\u0142ywa wiele r\u00f3\u017cnych czynnik\u00f3w, m.in. zaburzenia psychiczne, uzale\u017cnienia, wcze\u015bniejsze zachowania samob\u00f3jcze u osoby lub w jej otoczeniu, przynale\u017cno\u015b\u0107 do grupy mniejszo\u015bciowej, problemy w \u015brodowisku rodzinnym, szkolnym, r\u00f3wie\u015bniczym \u2013 t\u0142umaczy\u0142a <strong>Paulina Filipowicz, psycholo\u017cka i aktywistka<\/strong>. \u2013 Musimy pami\u0119ta\u0107, \u017ce dzieci i nastolatki nie maj\u0105 jeszcze wypracowanych kompetencji do radzenia sobie w kryzysowych momentach. Dlatego to my, doro\u015bli, rodzice, opiekunowie i opiekunki, nauczyciele i nauczycielki, ale r\u00f3wnie\u017c osoby sprawuj\u0105ce w\u0142adz\u0119, powinni\u015bmy by\u0107 stabilnym i empatycznym wsparciem, kt\u00f3re u\u0142atwi m\u0142odym ludziom wystarczaj\u0105co ju\u017c trudny okres dorastania \u2013 doda\u0142a.<\/p>\n\n\n\n<p>Fundacja GrowSpace sk\u0142ada do Ministerstwa Edukacji i Nauki oraz Ministerstwa Zdrowia petycj\u0119, kt\u00f3ra wnioskuje o wprowadzenie systemu prewencyjnego, realizuj\u0105cego program zapewniaj\u0105cy ochron\u0119 dla dzieci i m\u0142odzie\u017cy. Organizacja proponuje, aby szkoli\u0107 rady pedagogiczne oraz stworzy\u0107 szeroki dost\u0119p do psycholog\u00f3w w plac\u00f3wkach edukacyjnych. Petycj\u0119 mo\u017cna podpisa\u0107 na stronie: <em>https:\/\/www.naszademokracja.pl\/petitions\/tak-dla-prewencji-suicydalnej<\/em>.<\/p>\n\n\n\n<p class=\"has-text-align-right\"><strong>M. Ksit<\/strong>, Fot.: <em><strong>Pixabay<\/strong><\/em><\/p>\n","protected":false},"excerpt":{"rendered":"<p>Ubieg\u0142y rok by\u0142 niechlubnym czasem w statystykach dotycz\u0105cych samob\u00f3jstw w\u015br\u00f3d polskiej m\u0142odzie\u017cy. Niestety, pad\u0142 rekord pr\u00f3b samob\u00f3jczych. Fundacja GrowSpace informuje, \u017ce w 2022 roku mia\u0142o miejsce ponad 2 tysi\u0105ce pr\u00f3b pope\u0142nienia samob\u00f3jstwa. To o 150 procent wi\u0119cej ni\u017c w 2020 roku. Z danych uzyskanych od policji wynika, \u017ce takich pr\u00f3b by\u0142o w 2022 r. 2031, [&hellip;]<\/p>\n","protected":false},"author":2,"featured_media":4998,"comment_status":"closed","ping_status":"open","sticky":false,"template":"","format":"standard","meta":{"footnotes":""},"categories":[5],"tags":[],"class_list":["post-4997","post","type-post","status-publish","format-standard","has-post-thumbnail","hentry","category-wiadomosci"],"_links":{"self":[{"href":"https:\/\/fleschmazowsza.com.pl\/index.php?rest_route=\/wp\/v2\/posts\/4997","targetHints":{"allow":["GET"]}}],"collection":[{"href":"https:\/\/fleschmazowsza.com.pl\/index.php?rest_route=\/wp\/v2\/posts"}],"about":[{"href":"https:\/\/fleschmazowsza.com.pl\/index.php?rest_route=\/wp\/v2\/types\/post"}],"author":[{"embeddable":true,"href":"https:\/\/fleschmazowsza.com.pl\/index.php?rest_route=\/wp\/v2\/users\/2"}],"replies":[{"embeddable":true,"href":"https:\/\/fleschmazowsza.com.pl\/index.php?rest_route=%2Fwp%2Fv2%2Fcomments&post=4997"}],"version-history":[{"count":1,"href":"https:\/\/fleschmazowsza.com.pl\/index.php?rest_route=\/wp\/v2\/posts\/4997\/revisions"}],"predecessor-version":[{"id":4999,"href":"https:\/\/fleschmazowsza.com.pl\/index.php?rest_route=\/wp\/v2\/posts\/4997\/revisions\/4999"}],"wp:featuredmedia":[{"embeddable":true,"href":"https:\/\/fleschmazowsza.com.pl\/index.php?rest_route=\/wp\/v2\/media\/4998"}],"wp:attachment":[{"href":"https:\/\/fleschmazowsza.com.pl\/index.php?rest_route=%2Fwp%2Fv2%2Fmedia&parent=4997"}],"wp:term":[{"taxonomy":"category","embeddable":true,"href":"https:\/\/fleschmazowsza.com.pl\/index.php?rest_route=%2Fwp%2Fv2%2Fcategories&post=4997"},{"taxonomy":"post_tag","embeddable":true,"href":"https:\/\/fleschmazowsza.com.pl\/index.php?rest_route=%2Fwp%2Fv2%2Ftags&post=4997"}],"curies":[{"name":"wp","href":"https:\/\/api.w.org\/{rel}","templated":true}]}}