{"id":4994,"date":"2023-02-21T12:12:55","date_gmt":"2023-02-21T11:12:55","guid":{"rendered":"https:\/\/fleschmazowsza.com.pl\/?p=4994"},"modified":"2023-02-21T12:12:56","modified_gmt":"2023-02-21T11:12:56","slug":"umowy-na-sporzadzenie-projektow-i-kosztorysow-ul-kosowskiej-w-parolach-i-skrzyzowania-al-krakowskiej-i-ul-pruszkowskiej-w-raszynie-podpisane","status":"publish","type":"post","link":"https:\/\/fleschmazowsza.com.pl\/?p=4994","title":{"rendered":"<strong>Umowy na sporz\u0105dzenie projekt\u00f3w i kosztorys\u00f3w: ul. Kosowskiej w Parolach i skrzy\u017cowania Al. Krakowskiej i ul. Pruszkowskiej w Raszynie podpisane!<\/strong>"},"content":{"rendered":"\n<p><strong>3 lutego w Starostwie Powiatowym w Pruszkowie zosta\u0142y podpisane dwie umowy na sporz\u0105dzenie kompletnych dokumentacji projektowo-kosztorysowych :<\/strong><\/p>\n\n\n\n<ol class=\"wp-block-list\">\n<li>dla rozbudowy drogi powiatowej, ul. Kosowskiej w Parolach, w gminie Nadarzyn od ul. Szerokiej do granicy powiatu. Koszt projektu 121 770,00 z\u0142.<\/li>\n<\/ol>\n\n\n\n<p>Zakres projektu obejmuje m.in:<\/p>\n\n\n\n<ul class=\"wp-block-list\">\n<li>przebudow\u0119 konstrukcji jezdni do kategorii KR3 na d\u0142ugo\u015bci ok. 785 m, wraz z budow\u0105 \u015bcie\u017cki pieszo-rowerowej oraz przebudow\u0105 i budow\u0105 zjazd\u00f3w,<\/li>\n\n\n\n<li>rozbudow\u0119 skrzy\u017cowania ul. Kosowskiej z ul. Szerok\u0105,<\/li>\n\n\n\n<li>budow\u0119 odwodnienia,<\/li>\n\n\n\n<li>budow\u0119 o\u015bwietlenia ulicznego,<\/li>\n<\/ul>\n\n\n\n<ol class=\"wp-block-list\" start=\"2\">\n<li>dla projektu przebudowy skrzy\u017cowania drogi powiatowej, Al. Krakowskiej i ul. Pruszkowskiej w Raszynie. Koszt projektu: 239 000,00 z\u0142.<\/li>\n<\/ol>\n\n\n\n<p>Zakres projektu obejmuje m.in:<\/p>\n\n\n\n<ul class=\"wp-block-list\">\n<li>dostosowanie do skr\u0119tu w lewo w i z ul. Pruszkowskiej,<\/li>\n\n\n\n<li>wykonanie do\u015bwietlonych przej\u015b\u0107 dla pieszych,<\/li>\n\n\n\n<li>budow\u0119 sygnalizacji \u015bwietlnej,<\/li>\n\n\n\n<li>niezb\u0119dn\u0105 przebudow\u0119 geometrii skrzy\u017cowania,<\/li>\n\n\n\n<li>przebudow\u0119 urz\u0105dze\u0144 bezpiecze\u0144stwa ruchu.<\/li>\n<\/ul>\n\n\n\n<p>W imieniu Zarz\u0105du Powiatu Pruszkowskiego umowy z firm\u0105 MT Projekt Sp z o. o. reprezentowan\u0105 przez <strong>Marcina P\u0142u\u017cy\u0144skiego, Prezesa Zarz\u0105du, podpisali: Krzysztof Rymuza Starosta Pruszkowski i Grzegorz Kami\u0144ski Wicestarosta Pruszkowski, w obecno\u015bci Agnieszki Ku\u017ami\u0144skiej Cz\u0142onka Zarz\u0105du Powiatu Pruszkowskiego i Rafa\u0142a Sieradzkiego Przewodnicz\u0105cego Rady Powiatu Pruszkowskiego<\/strong>.<\/p>\n","protected":false},"excerpt":{"rendered":"<p>3 lutego w Starostwie Powiatowym w Pruszkowie zosta\u0142y podpisane dwie umowy na sporz\u0105dzenie kompletnych dokumentacji projektowo-kosztorysowych : Zakres projektu obejmuje m.in: Zakres projektu obejmuje m.in: W imieniu Zarz\u0105du Powiatu Pruszkowskiego umowy z firm\u0105 MT Projekt Sp z o. o. reprezentowan\u0105 przez Marcina P\u0142u\u017cy\u0144skiego, Prezesa Zarz\u0105du, podpisali: Krzysztof Rymuza Starosta Pruszkowski i Grzegorz Kami\u0144ski Wicestarosta Pruszkowski, [&hellip;]<\/p>\n","protected":false},"author":2,"featured_media":4995,"comment_status":"closed","ping_status":"open","sticky":false,"template":"","format":"standard","meta":{"footnotes":""},"categories":[10],"tags":[],"class_list":["post-4994","post","type-post","status-publish","format-standard","has-post-thumbnail","hentry","category-ogloszenia"],"_links":{"self":[{"href":"https:\/\/fleschmazowsza.com.pl\/index.php?rest_route=\/wp\/v2\/posts\/4994","targetHints":{"allow":["GET"]}}],"collection":[{"href":"https:\/\/fleschmazowsza.com.pl\/index.php?rest_route=\/wp\/v2\/posts"}],"about":[{"href":"https:\/\/fleschmazowsza.com.pl\/index.php?rest_route=\/wp\/v2\/types\/post"}],"author":[{"embeddable":true,"href":"https:\/\/fleschmazowsza.com.pl\/index.php?rest_route=\/wp\/v2\/users\/2"}],"replies":[{"embeddable":true,"href":"https:\/\/fleschmazowsza.com.pl\/index.php?rest_route=%2Fwp%2Fv2%2Fcomments&post=4994"}],"version-history":[{"count":1,"href":"https:\/\/fleschmazowsza.com.pl\/index.php?rest_route=\/wp\/v2\/posts\/4994\/revisions"}],"predecessor-version":[{"id":4996,"href":"https:\/\/fleschmazowsza.com.pl\/index.php?rest_route=\/wp\/v2\/posts\/4994\/revisions\/4996"}],"wp:featuredmedia":[{"embeddable":true,"href":"https:\/\/fleschmazowsza.com.pl\/index.php?rest_route=\/wp\/v2\/media\/4995"}],"wp:attachment":[{"href":"https:\/\/fleschmazowsza.com.pl\/index.php?rest_route=%2Fwp%2Fv2%2Fmedia&parent=4994"}],"wp:term":[{"taxonomy":"category","embeddable":true,"href":"https:\/\/fleschmazowsza.com.pl\/index.php?rest_route=%2Fwp%2Fv2%2Fcategories&post=4994"},{"taxonomy":"post_tag","embeddable":true,"href":"https:\/\/fleschmazowsza.com.pl\/index.php?rest_route=%2Fwp%2Fv2%2Ftags&post=4994"}],"curies":[{"name":"wp","href":"https:\/\/api.w.org\/{rel}","templated":true}]}}