{"id":4991,"date":"2023-02-21T12:08:28","date_gmt":"2023-02-21T11:08:28","guid":{"rendered":"https:\/\/fleschmazowsza.com.pl\/?p=4991"},"modified":"2023-02-21T12:08:29","modified_gmt":"2023-02-21T11:08:29","slug":"spotkanie-w-sprawie-przebudowy-alei-krakowskiej","status":"publish","type":"post","link":"https:\/\/fleschmazowsza.com.pl\/?p=4991","title":{"rendered":"<strong>Spotkanie w sprawie przebudowy Alei Krakowskiej<\/strong>"},"content":{"rendered":"\n<p><strong>18 stycznia w Starostwie Powiatowym w Pruszkowie odby\u0142o si\u0119 spotkanie z przedstawicielami samorz\u0105d\u00f3w: Wojew\u00f3dztwa Mazowieckiego, m. st. Warszawy, Gminy Raszyn i Powiatu Pruszkowskiego dotycz\u0105ce przebudowy Alei Krakowskiej na odcinku: od CH Janki \u2013 Pl. Szwedzki do Park&amp;Ride \u2013 Al. Krakowska, przebiegaj\u0105cym przez Gmin\u0119 Raszyn i m. st. Warszawa.<\/strong><\/p>\n\n\n\n<p>W trakcie merytorycznej dyskusji om\u00f3wiono kluczowe kwestie:<\/p>\n\n\n\n<ul class=\"wp-block-list\">\n<li>rol\u0119 Al. Krakowskiej w systemie komunikacyjnym m. st. Warszawy, gminy Raszyn i gminy Nadarzyn,<\/li>\n\n\n\n<li>potrzeb\u0119 uruchomienia systemu komunikacji zbiorowej i jej formy,<\/li>\n\n\n\n<li>zasady wsp\u00f3\u0142pracy i finansowania przedsi\u0119wzi\u0119cia przebudowy Al. Krakowskiej na odcinku: od CH Janki \u2013 Pl. Szwedzki do Park&amp;Ride \u2013 Al. Krakowska.<\/li>\n<\/ul>\n\n\n\n<p>Uzgodniono r\u00f3wnie\u017c wst\u0119pny plan dzia\u0142ania:<\/p>\n\n\n\n<ul class=\"wp-block-list\">\n<li>powo\u0142anie zespo\u0142u roboczego ds. realizacji przebudowy Al. Krakowskiej,<\/li>\n\n\n\n<li>zawarcie porozumienia o przekazaniu dotacji na rzecz Powiatu, jako lidera projektu,<\/li>\n\n\n\n<li>z przeznaczeniem na wykonanie koncepcji,<\/li>\n\n\n\n<li>wy\u0142onienie wykonawcy koncepcji przebudowy Al. Krakowskiej,<\/li>\n\n\n\n<li>przeprowadzenie konsultacji spo\u0142ecznych w\u015br\u00f3d mieszka\u0144c\u00f3w, w zakresie wyboru koncepcji,<\/li>\n\n\n\n<li>wy\u0142onienie wykonawcy projektu budowlanego przebudowy.<\/li>\n<\/ul>\n\n\n\n<p>W spotkaniu udzia\u0142 wzi\u0119li m.in: Adam Struzik Marsza\u0142ek Wojew\u00f3dztwa Mazowieckiego, Krzysztof Rymuza Starosta Pruszkowski, Rafa\u0142 Sieradzki Przewodnicz\u0105cy Rady Powiatu Pruszkowskiego, Grzegorz Kami\u0144ski Wicestarosta Pruszkowski, Wojciech Herner i Agnieszka Ku\u017ami\u0144ska Cz\u0142onkowie Zarz\u0105du Powiatu Pruszkowskiego, Andrzej Zar\u0119ba W\u00f3jt Gminy Raszyn, Maciej Fija\u0142kowski Dyrektor Biura Funduszy Europejskich i Polityki Rozwoju m. st. Warszawy, Pawe\u0142 Jaworski Zast\u0119pca Dyrektora Biura Funduszy Europejskich i Polityki Rozwoju m. st. Warszawy, Maciej Florczak Naczelnik Wydzia\u0142u Polityki Mobilno\u015bci m. st. Warszawy.<\/p>\n\n\n\n<p><em>Nasze spotkanie daje nadziej\u0119, \u017ce przy wsp\u00f3\u0142dzia\u0142aniu wszystkich zaanga\u017cowanych samorz\u0105d\u00f3w, stworzymy nowoczesny szlak komunikacyjny dla dobra mieszka\u0144c\u00f3w naszego powiatu<\/em> \u2013 podsumowa\u0142 <strong>Krzysztof Rymuza, Starosta Pruszkowski<\/strong>.<\/p>\n","protected":false},"excerpt":{"rendered":"<p>18 stycznia w Starostwie Powiatowym w Pruszkowie odby\u0142o si\u0119 spotkanie z przedstawicielami samorz\u0105d\u00f3w: Wojew\u00f3dztwa Mazowieckiego, m. st. Warszawy, Gminy Raszyn i Powiatu Pruszkowskiego dotycz\u0105ce przebudowy Alei Krakowskiej na odcinku: od CH Janki \u2013 Pl. Szwedzki do Park&amp;Ride \u2013 Al. Krakowska, przebiegaj\u0105cym przez Gmin\u0119 Raszyn i m. st. Warszawa. W trakcie merytorycznej dyskusji om\u00f3wiono kluczowe kwestie: [&hellip;]<\/p>\n","protected":false},"author":2,"featured_media":4992,"comment_status":"closed","ping_status":"open","sticky":false,"template":"","format":"standard","meta":{"footnotes":""},"categories":[10],"tags":[],"class_list":["post-4991","post","type-post","status-publish","format-standard","has-post-thumbnail","hentry","category-ogloszenia"],"_links":{"self":[{"href":"https:\/\/fleschmazowsza.com.pl\/index.php?rest_route=\/wp\/v2\/posts\/4991","targetHints":{"allow":["GET"]}}],"collection":[{"href":"https:\/\/fleschmazowsza.com.pl\/index.php?rest_route=\/wp\/v2\/posts"}],"about":[{"href":"https:\/\/fleschmazowsza.com.pl\/index.php?rest_route=\/wp\/v2\/types\/post"}],"author":[{"embeddable":true,"href":"https:\/\/fleschmazowsza.com.pl\/index.php?rest_route=\/wp\/v2\/users\/2"}],"replies":[{"embeddable":true,"href":"https:\/\/fleschmazowsza.com.pl\/index.php?rest_route=%2Fwp%2Fv2%2Fcomments&post=4991"}],"version-history":[{"count":1,"href":"https:\/\/fleschmazowsza.com.pl\/index.php?rest_route=\/wp\/v2\/posts\/4991\/revisions"}],"predecessor-version":[{"id":4993,"href":"https:\/\/fleschmazowsza.com.pl\/index.php?rest_route=\/wp\/v2\/posts\/4991\/revisions\/4993"}],"wp:featuredmedia":[{"embeddable":true,"href":"https:\/\/fleschmazowsza.com.pl\/index.php?rest_route=\/wp\/v2\/media\/4992"}],"wp:attachment":[{"href":"https:\/\/fleschmazowsza.com.pl\/index.php?rest_route=%2Fwp%2Fv2%2Fmedia&parent=4991"}],"wp:term":[{"taxonomy":"category","embeddable":true,"href":"https:\/\/fleschmazowsza.com.pl\/index.php?rest_route=%2Fwp%2Fv2%2Fcategories&post=4991"},{"taxonomy":"post_tag","embeddable":true,"href":"https:\/\/fleschmazowsza.com.pl\/index.php?rest_route=%2Fwp%2Fv2%2Ftags&post=4991"}],"curies":[{"name":"wp","href":"https:\/\/api.w.org\/{rel}","templated":true}]}}