{"id":4988,"date":"2023-02-21T12:05:23","date_gmt":"2023-02-21T11:05:23","guid":{"rendered":"https:\/\/fleschmazowsza.com.pl\/?p=4988"},"modified":"2023-02-21T12:05:24","modified_gmt":"2023-02-21T11:05:24","slug":"dyskusja-w-sieci-o-wyswietlaczach","status":"publish","type":"post","link":"https:\/\/fleschmazowsza.com.pl\/?p=4988","title":{"rendered":"Dyskusja w sieci o wy\u015bwietlaczach"},"content":{"rendered":"\n<p><strong>W Nadarzynie przy drodze wojew\u00f3dzkiej nr 720 pojawi\u0142y si\u0119 wy\u015bwietlacze pr\u0119dko\u015bci, a wkr\u00f3tce stan\u0105 kolejne dwa. Na portalach spo\u0142eczno\u015bciowych rozgorza\u0142a dyskusje nad ich zasadno\u015bci\u0105, a to w ko\u0144cu\u2026 inicjatywa mieszka\u0144c\u00f3w.<\/strong><\/p>\n\n\n\n<p>\u201e<em>Zwolnij i jed\u017a bezpiecznie<\/em>\u201d to pilota\u017cowy projekt budowy radarowych wy\u015bwietlaczy pr\u0119dko\u015bci na drogach wojew\u00f3dzkich na terenie gmin Brwin\u00f3w, G\u0142owacz\u00f3w, Grodzisk Mazowiecki, Jasieniec, J\u00f3zef\u00f3w, Nadarzyn, Nowa Sucha, Osieck, Miasto P\u0142o\u0144sk, Pruszk\u00f3w, Raszyn, Sanniki, Sierpc, Sochaczew, Soko\u0142\u00f3w Podlaski, Miasto Soko\u0142\u00f3w Podlaski, Tarczyn, Warka, W\u0119gr\u00f3w i Wyszk\u00f3w.<\/p>\n\n\n\n<p>Budowa wy\u015bwietlaczy pr\u0119dko\u015bci przy drogach wojew\u00f3dzkich jest realizowana z inicjatywy mieszka\u0144c\u00f3w. Jest to bowiem realizacja projektu Bud\u017cetu Obywatelskiego. \u2013 Na terenie naszej gminy pojawi\u0142a si\u0119 inwestycja realizowana w ramach BOM\u2013Bud\u017cetu Obywatelskiego Mazowsza, na kt\u00f3r\u0105 g\u0142osowali\u015bcie w ubieg\u0142ym roku. Chodzi o wy\u015bwietlacze pr\u0119dko\u015bci\u2013poinformowa\u0142 w mediach spo\u0142eczno\u015bciowych <strong>Dariusz Zwoli\u0144ski, W\u00f3jt Gminy Nadarzyn<\/strong>.<\/p>\n\n\n\n<p>\u2013Tych, kt\u00f3rzy \u015bwiadomie i z premedytacj\u0105 \u0142ami\u0105 przepisy ruchu drogowego zapewne nie naucz\u0105 przestrzegania prawa, ale tych roztargnionych i zamy\u015blonych kierowc\u00f3w z \u201eci\u0119\u017ck\u0105\u201d nog\u0105 nieco zdyscyplinuj\u0105\u2013podkre\u015bla w\u00f3jt Zwoli\u0144ski.<\/p>\n\n\n\n<p>Na miejskich forach w sieci nie milkn\u0105 g\u0142osy krytyki. \u201eTe pieni\u0105dze mo\u017cna by by\u0142o przeznaczy\u0107 na co\u015b bardziej sensownego. Ka\u017cdy ma licznik w aucie i dok\u0142adnie wie, ile jedzie, wy\u015bwietlacze nie sprawi\u0105, \u017ce kto\u015b b\u0119dzie jecha\u0142 wolniej\u201d\u2013pisze jedna z internautek. \u201eNa takie bzdury id\u0105 nasze podatki. Mo\u017ce poznamy nazwisko osoby, kt\u00f3ra za to odpowiada?\u201d\u2013oburza si\u0119 inny mieszkaniec. Inni broni\u0105 inicjatywy podaj\u0105c za argumenty zwi\u0119kszenie bezpiecze\u0144stwa na drodze.<\/p>\n\n\n\n<p>Jakie efekty przynios\u0105 nowe wy\u015bwietlacze czas poka\u017ce\u2026 a rezultaty wdra\u017cania BOM \u015bwiadcz\u0105, \u017ce trudno jest zadowoli\u0107 mieszka\u0144c\u00f3w, nawet, gdy sami decyduj\u0105 o swojej przysz\u0142o\u015bci.<\/p>\n\n\n\n<p class=\"has-text-align-right\"><strong>M. Ksit<\/strong>, Fot.: <strong><em>sklepdrogowy.pl<\/em><\/strong><\/p>\n","protected":false},"excerpt":{"rendered":"<p>W Nadarzynie przy drodze wojew\u00f3dzkiej nr 720 pojawi\u0142y si\u0119 wy\u015bwietlacze pr\u0119dko\u015bci, a wkr\u00f3tce stan\u0105 kolejne dwa. Na portalach spo\u0142eczno\u015bciowych rozgorza\u0142a dyskusje nad ich zasadno\u015bci\u0105, a to w ko\u0144cu\u2026 inicjatywa mieszka\u0144c\u00f3w. \u201eZwolnij i jed\u017a bezpiecznie\u201d to pilota\u017cowy projekt budowy radarowych wy\u015bwietlaczy pr\u0119dko\u015bci na drogach wojew\u00f3dzkich na terenie gmin Brwin\u00f3w, G\u0142owacz\u00f3w, Grodzisk Mazowiecki, Jasieniec, J\u00f3zef\u00f3w, Nadarzyn, Nowa [&hellip;]<\/p>\n","protected":false},"author":2,"featured_media":4989,"comment_status":"closed","ping_status":"open","sticky":false,"template":"","format":"standard","meta":{"footnotes":""},"categories":[8],"tags":[],"class_list":["post-4988","post","type-post","status-publish","format-standard","has-post-thumbnail","hentry","category-roznosci"],"_links":{"self":[{"href":"https:\/\/fleschmazowsza.com.pl\/index.php?rest_route=\/wp\/v2\/posts\/4988","targetHints":{"allow":["GET"]}}],"collection":[{"href":"https:\/\/fleschmazowsza.com.pl\/index.php?rest_route=\/wp\/v2\/posts"}],"about":[{"href":"https:\/\/fleschmazowsza.com.pl\/index.php?rest_route=\/wp\/v2\/types\/post"}],"author":[{"embeddable":true,"href":"https:\/\/fleschmazowsza.com.pl\/index.php?rest_route=\/wp\/v2\/users\/2"}],"replies":[{"embeddable":true,"href":"https:\/\/fleschmazowsza.com.pl\/index.php?rest_route=%2Fwp%2Fv2%2Fcomments&post=4988"}],"version-history":[{"count":1,"href":"https:\/\/fleschmazowsza.com.pl\/index.php?rest_route=\/wp\/v2\/posts\/4988\/revisions"}],"predecessor-version":[{"id":4990,"href":"https:\/\/fleschmazowsza.com.pl\/index.php?rest_route=\/wp\/v2\/posts\/4988\/revisions\/4990"}],"wp:featuredmedia":[{"embeddable":true,"href":"https:\/\/fleschmazowsza.com.pl\/index.php?rest_route=\/wp\/v2\/media\/4989"}],"wp:attachment":[{"href":"https:\/\/fleschmazowsza.com.pl\/index.php?rest_route=%2Fwp%2Fv2%2Fmedia&parent=4988"}],"wp:term":[{"taxonomy":"category","embeddable":true,"href":"https:\/\/fleschmazowsza.com.pl\/index.php?rest_route=%2Fwp%2Fv2%2Fcategories&post=4988"},{"taxonomy":"post_tag","embeddable":true,"href":"https:\/\/fleschmazowsza.com.pl\/index.php?rest_route=%2Fwp%2Fv2%2Ftags&post=4988"}],"curies":[{"name":"wp","href":"https:\/\/api.w.org\/{rel}","templated":true}]}}