{"id":4964,"date":"2023-01-23T11:23:52","date_gmt":"2023-01-23T10:23:52","guid":{"rendered":"https:\/\/fleschmazowsza.com.pl\/?p=4964"},"modified":"2023-01-23T11:23:53","modified_gmt":"2023-01-23T10:23:53","slug":"coraz-wiecej-odpadow","status":"publish","type":"post","link":"https:\/\/fleschmazowsza.com.pl\/?p=4964","title":{"rendered":"Coraz wi\u0119cej odpad\u00f3w"},"content":{"rendered":"\n<p><strong>Niedawno obchodzony Nowy Rok sprzyja podejmowaniu postanowie\u0144 na kolejne 365 dni. W\u015br\u00f3d nich mo\u017cna wymieni\u0107 regularne chodzenie na si\u0142owni\u0119 czy udzia\u0142 w szkoleniach. Jest jednak nad czym pracowa\u0107 r\u00f3wnie\u017c w kwestii ochrony \u015brodowiska. W 2021 r. na przeci\u0119tnego Polaka przypad\u0142o bowiem prawie 370 kg odpad\u00f3w, czyli o ponad 100 kg wi\u0119cej, ni\u017c w 2011. Czy obecny rok przyniesie ich mniejsz\u0105 ilo\u015b\u0107?<\/strong><\/p>\n\n\n\n<p>W naszym kraju od kilkunastu lat utrzymuje si\u0119 trend rosn\u0105cej produkcji odpad\u00f3w. Dekad\u0119 temu, w 2011 r., Polacy wyprodukowali ich ponad 9,8 mln ton. W 2021 r. by\u0142o to ju\u017c prawie 4 mln wi\u0119cej \u2013 a\u017c 13,7 mln ton. Odpowiada\u0142o to wadze prawie 35 tys. przygotowanych do jazdy polskich poci\u0105g\u00f3w Pendolino (ED250). Dynamik\u0119 zmian pokazuje r\u00f3wnie\u017c \u015brednia masa odpad\u00f3w w przeliczeniu na ka\u017cdego Polaka. W 2011 przypad\u0142o 255 kilogram\u00f3w na osob\u0119, natomiast 10 lat p\u00f3\u017aniej a\u017c 369 kg\/os.<\/p>\n\n\n\n<p>\u2013 Coraz wy\u017cszy standard \u017cycia, a co za tym idzie, wi\u0119ksza konsumpcja d\u00f3br i towar\u00f3w to jeden z czynnik\u00f3w, kt\u00f3ry przek\u0142ada si\u0119 na rosn\u0105c\u0105 ilo\u015b\u0107 odpad\u00f3w. Im wi\u0119cej kupuj\u0105 ludzie, tym wi\u0119cej \u015bmieci trafia p\u00f3\u017aniej do kosza. Ca\u0142y czas wiele produkt\u00f3w jest r\u00f3wnie\u017c sprzedawanych w jednostkowych opakowaniach plastikowych, m.in. niekt\u00f3re owoce i warzywa oraz pieczywo. Polepszaj\u0105ca si\u0119 sytuacja ekonomiczna i spo\u0142eczna to r\u00f3wnie\u017c wi\u0119ksza odpowiedzialno\u015b\u0107 wzgl\u0119dem \u015brodowiska. Dlatego warto sk\u0142ania\u0107 si\u0119 ku odpowiedzialnej konsumpcji, by r\u00f3wnie\u017c w ten spos\u00f3b dba\u0107 o przyrod\u0119 \u2013 m\u00f3wi Felice Scoccimarro, prezes Amest Otwock Sp. z o.o., dzia\u0142aj\u0105cej w bran\u017cy gospodarowania odpadami i lider Akademii Ekologicznej Amest Otwock.<\/p>\n\n\n\n<p class=\"has-text-align-center\"><strong>Noworoczne ekopostanowienia<\/strong><\/p>\n\n\n\n<p>Produkcja odpad\u00f3w jest nieod\u0142\u0105cznym elementem \u017cycia cz\u0142owieka, dlatego te\u017c nie da si\u0119 jej ca\u0142kowicie wyeliminowa\u0107. W Nowym Roku warto jednak d\u0105\u017cy\u0107 do zmniejszania ilo\u015bci wytwarzanych \u015bmieci. Aby to zrobi\u0107, wystarczy kilka prostych krok\u00f3w.<\/p>\n\n\n\n<p>Pierwszym z nich jest rezygnacja z produkt\u00f3w jednorazowych, kt\u00f3re najcz\u0119\u015bciej zrobione s\u0105 z plastiku. Jego du\u017ce ilo\u015bci poch\u0142ania produkcja butelek na wod\u0119. A wiele gospodarstw domowych ma dost\u0119p do pitnej \u201ekran\u00f3wki\u201d dobrej jako\u015bci. Jej walory smakowe oraz zawarto\u015b\u0107 minera\u0142\u00f3w mo\u017cna dodatkowo poprawi\u0107 korzystaj\u0105c ze specjalnych filtr\u00f3w, kt\u00f3re montuje si\u0119 bezpo\u015brednio w instalacji lub zak\u0142ada w dzbankach. Z tworzyw sztucznych wykonywane s\u0105 najcz\u0119\u015bciej tak\u017ce s\u0142omki, kt\u00f3re zast\u0119puj\u0105 dzi\u015b ich wielorazowe wersje \u2013 metalowe lub bambusowe. Tak\u017ce torby wielokrotnego u\u017cytku, np. bawe\u0142niane, s\u0105 lepszym wyborem ni\u017c jednorazowe foli\u00f3wki.<\/p>\n\n\n\n<p>\u2013 Wyb\u00f3r ekologicznych odpowiednik\u00f3w produkt\u00f3w jednorazowych to dobry kierunek w d\u0105\u017ceniu do ograniczania ilo\u015bci produkowanych \u015bmieci. Mniej odpad\u00f3w to mniejsze obci\u0105\u017cenie dla planety. Przedmioty wielorazowe s\u0105 te\u017c w og\u00f3lnym rozrachunku ta\u0144sze \u2013 korzysta wi\u0119c na tym r\u00f3wnie\u017c portfel. R\u00f3wnie wa\u017cna jest segregacja, dzi\u0119ki kt\u00f3rej zwi\u0119kszamy efektywno\u015b\u0107 recyklingu \u2013 ocenia Felice Scoccimarro.<\/p>\n\n\n\n<p>Zaledwie 40 proc. odpad\u00f3w zebrano w 2021 r. selektywnie, a dzi\u0119ki wrzucaniu \u015bmieci do odpowiednich pojemnik\u00f3w mo\u017cna je p\u00f3\u017aniej ponownie wykorzysta\u0107. W Polsce odpady dzielone s\u0105 na 5 frakcji. To papier, metale i tworzywa sztuczne, szk\u0142o opakowaniowe, odpady zmieszane oraz bio. Te ostatnie, mieszkaj\u0105c w domu, mo\u017cna przetwarza\u0107 we w\u0142asnym zakresie. Kompostowanie pozwala bowiem na przemian\u0119 organicznych odpadk\u00f3w w naw\u00f3z do ogr\u00f3dka.<\/p>\n\n\n\n<p class=\"has-text-align-right\"><strong>Biuro Prasowe<br>Amest sp. z o.o.<\/strong><\/p>\n","protected":false},"excerpt":{"rendered":"<p>Niedawno obchodzony Nowy Rok sprzyja podejmowaniu postanowie\u0144 na kolejne 365 dni. W\u015br\u00f3d nich mo\u017cna wymieni\u0107 regularne chodzenie na si\u0142owni\u0119 czy udzia\u0142 w szkoleniach. Jest jednak nad czym pracowa\u0107 r\u00f3wnie\u017c w kwestii ochrony \u015brodowiska. W 2021 r. na przeci\u0119tnego Polaka przypad\u0142o bowiem prawie 370 kg odpad\u00f3w, czyli o ponad 100 kg wi\u0119cej, ni\u017c w 2011. Czy [&hellip;]<\/p>\n","protected":false},"author":2,"featured_media":4965,"comment_status":"closed","ping_status":"open","sticky":false,"template":"","format":"standard","meta":{"footnotes":""},"categories":[9],"tags":[],"class_list":["post-4964","post","type-post","status-publish","format-standard","has-post-thumbnail","hentry","category-edukacja"],"_links":{"self":[{"href":"https:\/\/fleschmazowsza.com.pl\/index.php?rest_route=\/wp\/v2\/posts\/4964","targetHints":{"allow":["GET"]}}],"collection":[{"href":"https:\/\/fleschmazowsza.com.pl\/index.php?rest_route=\/wp\/v2\/posts"}],"about":[{"href":"https:\/\/fleschmazowsza.com.pl\/index.php?rest_route=\/wp\/v2\/types\/post"}],"author":[{"embeddable":true,"href":"https:\/\/fleschmazowsza.com.pl\/index.php?rest_route=\/wp\/v2\/users\/2"}],"replies":[{"embeddable":true,"href":"https:\/\/fleschmazowsza.com.pl\/index.php?rest_route=%2Fwp%2Fv2%2Fcomments&post=4964"}],"version-history":[{"count":1,"href":"https:\/\/fleschmazowsza.com.pl\/index.php?rest_route=\/wp\/v2\/posts\/4964\/revisions"}],"predecessor-version":[{"id":4966,"href":"https:\/\/fleschmazowsza.com.pl\/index.php?rest_route=\/wp\/v2\/posts\/4964\/revisions\/4966"}],"wp:featuredmedia":[{"embeddable":true,"href":"https:\/\/fleschmazowsza.com.pl\/index.php?rest_route=\/wp\/v2\/media\/4965"}],"wp:attachment":[{"href":"https:\/\/fleschmazowsza.com.pl\/index.php?rest_route=%2Fwp%2Fv2%2Fmedia&parent=4964"}],"wp:term":[{"taxonomy":"category","embeddable":true,"href":"https:\/\/fleschmazowsza.com.pl\/index.php?rest_route=%2Fwp%2Fv2%2Fcategories&post=4964"},{"taxonomy":"post_tag","embeddable":true,"href":"https:\/\/fleschmazowsza.com.pl\/index.php?rest_route=%2Fwp%2Fv2%2Ftags&post=4964"}],"curies":[{"name":"wp","href":"https:\/\/api.w.org\/{rel}","templated":true}]}}