{"id":4918,"date":"2022-12-14T12:47:16","date_gmt":"2022-12-14T11:47:16","guid":{"rendered":"https:\/\/fleschmazowsza.com.pl\/?p=4918"},"modified":"2022-12-14T12:47:18","modified_gmt":"2022-12-14T11:47:18","slug":"magia-swiatel-juz-z-nami","status":"publish","type":"post","link":"https:\/\/fleschmazowsza.com.pl\/?p=4918","title":{"rendered":"Magia \u015bwiate\u0142 ju\u017c z Nami"},"content":{"rendered":"\n<p><strong>Pocz\u0105tek grudnia to czas, w kt\u00f3rym Warszawa i jej okolice przygotowuj\u0105 niesamowite iluminacje \u015bwietlne. Ka\u017cdego roku mamy mo\u017cliwo\u015b\u0107 spaceru po\u015br\u00f3d niezwyk\u0142ych rze\u017ab ozdobionych kolorowymi \u015bwiate\u0142kami. Aktualnie w Warszawie i Powsinie mo\u017cna odwiedzi\u0107 trzy nadzwyczajne wystawy iluminacji.<\/strong><\/p>\n\n\n\n<p class=\"has-text-align-center\"><strong><em>Magiczny botaniczny<\/em><\/strong><\/p>\n\n\n\n<p>Magiczny botaniczny ju\u017c od 11.11.2022r. do 26.02.2023r. dost\u0119pny jest dla zwiedzaj\u0105cych. Wieczorny spacer z pewno\u015bci\u0105 b\u0119dzie niezwyk\u0142\u0105 przyjemno\u015bci\u0105 oraz szans\u0105 na zachwyt dywanem tulipan\u00f3w, rodzin\u0105 wiewi\u00f3rek i r\u00f3\u017cnych zwierz\u0105t le\u015bnych. W ogrodzie znajdziemy tak\u017ce wiele innych niesamowitych iluminacji. Jest to idealne miejsce na spacer z rodzin\u0105, znajomymi czy te\u017c drug\u0105 po\u0142\u00f3wk\u0105. Z pewno\u015bci\u0105 jest to miejsce warte odwiedzenia.<\/p>\n\n\n\n<p>Godziny otwarcia:<\/p>\n\n\n\n<p>wtorek &#8211; czwartek: 17:00 &#8211; 20:00<br>pi\u0105tek &#8211; niedziela: 16:00 &#8211; 21:00<\/p>\n\n\n\n<p>Sprzeda\u017c bilet\u00f3w odbywa si\u0119 online oraz w punktach EMPIK. Na miejscu r\u00f3wnie\u017c mo\u017cna kupi\u0107 bilet.<\/p>\n\n\n\n<p class=\"has-text-align-center\"><strong><em>Ceny przy zakupie online:<\/em><\/strong><\/p>\n\n\n\n<p>Bilet normalny \u2013 35 z\u0142, bilet ulgowy \u2013 25 z\u0142, bilet seniora \u2013 25 z\u0142, studencki czwartek \u2013 20 z\u0142,<\/p>\n\n\n\n<p>bilet rodzinny &#8211; 2 bilety normalne + 1 ulgowy = 83 z\u0142 lub 2 bilety normalne + 2 ulgowe = 95 z\u0142<\/p>\n\n\n\n<h4 class=\"wp-block-heading\">Ogr\u00f3d Botaniczny<br>Uniwersytetu Warszawskiego<\/h4>\n\n\n\n<h4 class=\"wp-block-heading\">Aleje Ujazdowskie 4<\/h4>\n\n\n\n<h4 class=\"wp-block-heading\">00-478 Warszawa<\/h4>\n\n\n\n<p class=\"has-text-align-center\"><em><strong>Kr\u00f3lewski Ogr\u00f3d \u015awiat\u0142a<\/strong><\/em><\/p>\n\n\n\n<p>Wystawa Kr\u00f3lewskiego Ogrodu \u015awiat\u0142a rozb\u0142ys\u0142a 8 pa\u017adziernika 2022r. W tym roku czeka Nas wiele interaktywnych i edukacyjnych atrakcji stwarzaj\u0105cych mo\u017cliwo\u015b\u0107 \u015bwietnej zabawy. Po zmroku na wystaw\u0119 zaprowadzi Nas znany ju\u017c z poprzednich lat, 75-metrowy <strong>\u015bwietlisty tunel<\/strong>, w kt\u00f3rym rozbrzmiewa muzyka klasyczna.<\/p>\n\n\n\n<p>W tym roku przygotowane zosta\u0142y nowo\u015bci. Przed wej\u015bciem na w\u0142a\u015bciw\u0105 wystaw\u0119 przejdziemy przez <strong>Galeri\u0119 Obraz\u00f3w.<\/strong><\/p>\n\n\n\n<p><strong>W Ogrodzie Po\u0142udniowym przy Oran\u017cerii warto zgubi\u0107 si\u0119 w Labiryncie pe\u0142nym mitologicznych stwor\u00f3w i zagadek. Ta interaktywna cz\u0119\u015b\u0107 ogrodu z pewno\u015bci\u0105 spodoba si\u0119 nie tylko najm\u0142odszym.<\/strong><\/p>\n\n\n\n<p><strong>Idealnym dope\u0142nieniem tegorocznej edycji Kr\u00f3lewskiego Ogrodu \u015awiat\u0142a jest zaprojektowany w prawdziwie kr\u00f3lewskim stylu Ogr\u00f3d R\u00f3\u017cany Raffaello oraz Muzyczny Ogr\u00f3d Marze\u0144.<\/strong><\/p>\n\n\n\n<p><strong>Godziny otwarcia:<\/strong><\/p>\n\n\n\n<ul class=\"wp-block-list\"><li>2 listopada \u2013 26 lutego, w godz. 16.00\u201321.00 (wej\u015bcie do 20.30).<\/li><\/ul>\n\n\n\n<h3 class=\"wp-block-heading\">Ceny bilet\u00f3w<\/h3>\n\n\n\n<ul class=\"wp-block-list\"><li><strong>poniedzia\u0142ek \u2013 czwartek<\/strong>: 20 z\u0142 bilet zwyk\u0142y, 10 z\u0142 bilet ulgowy<\/li><li><strong>pi\u0105tek \u2013 niedziela oraz dni z pokazami mapping\u00f3w<\/strong>: 40 z\u0142 bilet zwyk\u0142y, 20 z\u0142 bilet ulgowy<\/li><li><strong>dzieci do lat 7: <\/strong>wst\u0119p bezp\u0142atny (bez biletu)<\/li><li><strong>dodatkowe pokazy mapping\u00f3w: 11 listopada, 6 i 25\u201330 grudnia 2022 r., 1 i 6 stycznia, 14 lutego 2023 r.<\/strong>: ceny weekendowe (40 z\u0142 bilet zwyk\u0142y, 20 z\u0142 bilet ulgowy)<\/li><\/ul>\n\n\n\n<p class=\"has-text-align-center\"><em><strong>Ogr\u00f3d \u015awiate\u0142 ,, Kr\u00f3lewna \u015anie\u017cka\u201d<\/strong><\/em><\/p>\n\n\n\n<p>Ju\u017c od 28.10.2022r. do 26.02.2023r. W PAN Ogr\u00f3d Botaniczny przy ul. Prawdziwka 2 Warszawa \u2013 Powsin, dost\u0119pna jest wystawa pt. ,,Kr\u00f3lewna \u015anie\u017cka\u201d. W tegorocznej ods\u0142onie Ogrodu \u015awiate\u0142 w Warszawie motywem przewodnim jest bestsellerowa historia o Kr\u00f3lewnie \u015anie\u017cce autorstwa braci Grimm.<\/p>\n\n\n\n<p>Wystawa przeniesie Nas w niesamowit\u0105 podr\u00f3\u017c po Ogrodzie \u2013 \u015bwiecie ba\u015bni, gdzie b\u0119dziemy pod\u0105\u017ca\u0107 \u015bwietlnymi szlakami, odkrywaj\u0105c przy tym losy Kr\u00f3lewny \u015anie\u017cki, Z\u0142ej Macochy, Krasnoludk\u00f3w i Ksi\u0119cia.<\/p>\n\n\n\n<p><strong>Godziny otwarcia:<\/strong><br><strong>Poniedzia\u0142ek &#8211; Pi\u0105tek:<\/strong><br>11.11.2022- 29.01.2023: <strong>16.00-20.00<\/strong><\/p>\n\n\n\n<p>30.01.2023 &#8211; 26.02.2023: <strong>17.00-20.00<\/strong><\/p>\n\n\n\n<p><strong>Weekendy i \u015bwi\u0119ta*:<\/strong><br>28.10.2022 &#8211; 26.02.2023 : <strong>16.00-21.00<\/strong><\/p>\n\n\n\n<p>*31.10.2022 oraz 27.12-30.12.2022 traktowane s\u0105 jako dni \u015bwi\u0105teczne.<\/p>\n\n\n\n<p><strong>Cennik:<\/strong><\/p>\n\n\n\n<p>poniedzia\u0142ek \u2013 czwartek: normalny 33 z\u0142 , ulgowy 31 z\u0142, dzieci\u0119cy 1 z\u0142.<\/p>\n\n\n\n<p>pi\u0105tek \u2013 niedziela + \u015bwi\u0119ta: normalny 39 z\u0142. Ulgowy 36 z\u0142, dzieci\u0119cy 1 z\u0142.<\/p>\n\n\n\n<p class=\"has-text-align-center\">***<\/p>\n\n\n\n<p><em>Zapraszamy Wszystkich czytelnik\u00f3w Naszego dwutygodnika do odwiedzenia niezwyk\u0142ych \u015bwietlnych iluminacji przepe\u0142nionych magi\u0105. Z pewno\u015bci\u0105 s\u0105 to miejsca warte odwiedzenia niezale\u017cnie od wieku, lecz \u017ceby przekona\u0107 si\u0119 o magii ogrod\u00f3w nale\u017cy samemu uda\u0107 si\u0119 do nich na wieczorny spacer.<\/em><\/p>\n\n\n\n<p class=\"has-text-align-right\">Tekst: <strong>MW<\/strong><br>Foto: <strong><em>MW i internet<\/em><\/strong><\/p>\n","protected":false},"excerpt":{"rendered":"<p>Pocz\u0105tek grudnia to czas, w kt\u00f3rym Warszawa i jej okolice przygotowuj\u0105 niesamowite iluminacje \u015bwietlne. Ka\u017cdego roku mamy mo\u017cliwo\u015b\u0107 spaceru po\u015br\u00f3d niezwyk\u0142ych rze\u017ab ozdobionych kolorowymi \u015bwiate\u0142kami. Aktualnie w Warszawie i Powsinie mo\u017cna odwiedzi\u0107 trzy nadzwyczajne wystawy iluminacji. Magiczny botaniczny Magiczny botaniczny ju\u017c od 11.11.2022r. do 26.02.2023r. dost\u0119pny jest dla zwiedzaj\u0105cych. Wieczorny spacer z pewno\u015bci\u0105 b\u0119dzie niezwyk\u0142\u0105 [&hellip;]<\/p>\n","protected":false},"author":2,"featured_media":4919,"comment_status":"closed","ping_status":"open","sticky":false,"template":"","format":"standard","meta":{"footnotes":""},"categories":[8],"tags":[],"class_list":["post-4918","post","type-post","status-publish","format-standard","has-post-thumbnail","hentry","category-roznosci"],"_links":{"self":[{"href":"https:\/\/fleschmazowsza.com.pl\/index.php?rest_route=\/wp\/v2\/posts\/4918","targetHints":{"allow":["GET"]}}],"collection":[{"href":"https:\/\/fleschmazowsza.com.pl\/index.php?rest_route=\/wp\/v2\/posts"}],"about":[{"href":"https:\/\/fleschmazowsza.com.pl\/index.php?rest_route=\/wp\/v2\/types\/post"}],"author":[{"embeddable":true,"href":"https:\/\/fleschmazowsza.com.pl\/index.php?rest_route=\/wp\/v2\/users\/2"}],"replies":[{"embeddable":true,"href":"https:\/\/fleschmazowsza.com.pl\/index.php?rest_route=%2Fwp%2Fv2%2Fcomments&post=4918"}],"version-history":[{"count":1,"href":"https:\/\/fleschmazowsza.com.pl\/index.php?rest_route=\/wp\/v2\/posts\/4918\/revisions"}],"predecessor-version":[{"id":4920,"href":"https:\/\/fleschmazowsza.com.pl\/index.php?rest_route=\/wp\/v2\/posts\/4918\/revisions\/4920"}],"wp:featuredmedia":[{"embeddable":true,"href":"https:\/\/fleschmazowsza.com.pl\/index.php?rest_route=\/wp\/v2\/media\/4919"}],"wp:attachment":[{"href":"https:\/\/fleschmazowsza.com.pl\/index.php?rest_route=%2Fwp%2Fv2%2Fmedia&parent=4918"}],"wp:term":[{"taxonomy":"category","embeddable":true,"href":"https:\/\/fleschmazowsza.com.pl\/index.php?rest_route=%2Fwp%2Fv2%2Fcategories&post=4918"},{"taxonomy":"post_tag","embeddable":true,"href":"https:\/\/fleschmazowsza.com.pl\/index.php?rest_route=%2Fwp%2Fv2%2Ftags&post=4918"}],"curies":[{"name":"wp","href":"https:\/\/api.w.org\/{rel}","templated":true}]}}