{"id":4906,"date":"2022-11-25T13:17:31","date_gmt":"2022-11-25T12:17:31","guid":{"rendered":"https:\/\/fleschmazowsza.com.pl\/?p=4906"},"modified":"2022-11-25T13:17:33","modified_gmt":"2022-11-25T12:17:33","slug":"najszybszy-pies-europy-mieszka-w-grodzisku","status":"publish","type":"post","link":"https:\/\/fleschmazowsza.com.pl\/?p=4906","title":{"rendered":"Najszybszy pies Europy mieszka w Grodzisku"},"content":{"rendered":"\n<p><strong>Mieszkaniec podgrodziskich Radoni, Cyprian \u015awiderski razem ze swoim psim partnerem Orim zostali w miniony weekend Mistrzami Europy w bikejoringu. Bikejoring to bardzo dynamiczna i widowiskowa dyscyplina sportu psich zaprz\u0119g\u00f3w polegaj\u0105ca na rywalizacji pary pies i kolarz g\u00f3rski, na kr\u00f3tkiej pi\u0119ciokilometrowej, terenowej trasie.<\/strong><\/p>\n\n\n\n<p>Mistrzostwa Europy odbywa\u0142y si\u0119 w Leipie, w Niemczech na po\u0142udniowy wsch\u00f3d od Berlina. Cyprian i Ori stan\u0119li do rywalizacji z oko\u0142o pi\u0119\u0107dziesi\u0119cioma najlepszymi zawodnikami z ca\u0142ego kontynentu, ale to nasz zesp\u00f3\u0142 okaza\u0142 si\u0119 najszybszy. Na drugim miejscu uplasowa\u0142 si\u0119 S\u0142owak Marel Ducak, na trzecim Fin Pekka Niemi, a dalej pozostali faworyci.<\/p>\n\n\n\n<p>Cyprian zawodnik klubu KSPZ Grey na codzie\u0144 jest uczniem Zespo\u0142u Szk\u00f3\u0142 im. Bema w Milan\u00f3wku, a swoje treningi z Orim i reszt\u0105 ps\u00f3w odbywa w lesie na Mak\u00f3wce.<\/p>\n\n\n\n<p>Zach\u0119camy lokalne firmy do wsparcia naszego utalentowanego mieszka\u0144ca.<\/p>\n\n\n\n<p class=\"has-text-align-right\"><strong>Micha\u0142 \u015awiderski<\/strong>, Fot.: <em><strong>Zuzanna Paj\u0105k<\/strong><\/em><\/p>\n","protected":false},"excerpt":{"rendered":"<p>Mieszkaniec podgrodziskich Radoni, Cyprian \u015awiderski razem ze swoim psim partnerem Orim zostali w miniony weekend Mistrzami Europy w bikejoringu. Bikejoring to bardzo dynamiczna i widowiskowa dyscyplina sportu psich zaprz\u0119g\u00f3w polegaj\u0105ca na rywalizacji pary pies i kolarz g\u00f3rski, na kr\u00f3tkiej pi\u0119ciokilometrowej, terenowej trasie. Mistrzostwa Europy odbywa\u0142y si\u0119 w Leipie, w Niemczech na po\u0142udniowy wsch\u00f3d od Berlina. [&hellip;]<\/p>\n","protected":false},"author":2,"featured_media":4907,"comment_status":"closed","ping_status":"open","sticky":false,"template":"","format":"standard","meta":{"footnotes":""},"categories":[8],"tags":[],"class_list":["post-4906","post","type-post","status-publish","format-standard","has-post-thumbnail","hentry","category-roznosci"],"_links":{"self":[{"href":"https:\/\/fleschmazowsza.com.pl\/index.php?rest_route=\/wp\/v2\/posts\/4906","targetHints":{"allow":["GET"]}}],"collection":[{"href":"https:\/\/fleschmazowsza.com.pl\/index.php?rest_route=\/wp\/v2\/posts"}],"about":[{"href":"https:\/\/fleschmazowsza.com.pl\/index.php?rest_route=\/wp\/v2\/types\/post"}],"author":[{"embeddable":true,"href":"https:\/\/fleschmazowsza.com.pl\/index.php?rest_route=\/wp\/v2\/users\/2"}],"replies":[{"embeddable":true,"href":"https:\/\/fleschmazowsza.com.pl\/index.php?rest_route=%2Fwp%2Fv2%2Fcomments&post=4906"}],"version-history":[{"count":1,"href":"https:\/\/fleschmazowsza.com.pl\/index.php?rest_route=\/wp\/v2\/posts\/4906\/revisions"}],"predecessor-version":[{"id":4908,"href":"https:\/\/fleschmazowsza.com.pl\/index.php?rest_route=\/wp\/v2\/posts\/4906\/revisions\/4908"}],"wp:featuredmedia":[{"embeddable":true,"href":"https:\/\/fleschmazowsza.com.pl\/index.php?rest_route=\/wp\/v2\/media\/4907"}],"wp:attachment":[{"href":"https:\/\/fleschmazowsza.com.pl\/index.php?rest_route=%2Fwp%2Fv2%2Fmedia&parent=4906"}],"wp:term":[{"taxonomy":"category","embeddable":true,"href":"https:\/\/fleschmazowsza.com.pl\/index.php?rest_route=%2Fwp%2Fv2%2Fcategories&post=4906"},{"taxonomy":"post_tag","embeddable":true,"href":"https:\/\/fleschmazowsza.com.pl\/index.php?rest_route=%2Fwp%2Fv2%2Ftags&post=4906"}],"curies":[{"name":"wp","href":"https:\/\/api.w.org\/{rel}","templated":true}]}}