{"id":4880,"date":"2022-10-24T12:53:17","date_gmt":"2022-10-24T11:53:17","guid":{"rendered":"https:\/\/fleschmazowsza.com.pl\/?p=4880"},"modified":"2022-10-24T12:53:19","modified_gmt":"2022-10-24T11:53:19","slug":"podwyzki-cen-wplyna-na-funkcjonowanie-jednostek-samorzadowych","status":"publish","type":"post","link":"https:\/\/fleschmazowsza.com.pl\/?p=4880","title":{"rendered":"Podwy\u017cki cen wp\u0142yn\u0105 na funkcjonowanie jednostek samorz\u0105dowych"},"content":{"rendered":"\n<p><strong>Inflacja galopuje, a ceny wci\u0105\u017c rosn\u0105. Czujemy to przede wszystkim w domowych bud\u017cetach, ale alarmuj\u0105 r\u00f3wnie\u017c samorz\u0105dowcy. Zaznaczaj\u0105, \u017ce ceny towar\u00f3w i us\u0142ug negatywnie wp\u0142yn\u0105 na funkcjonowanie jednostek w obr\u0119bie samorz\u0105d\u00f3w \u2013 w tym m.in. szpitali i szk\u00f3\u0142. W\u0142odarze z naszego regionu zapowiadaj\u0105 nawet 5-krotne podwy\u017cki koszt\u00f3w. Wzywaj\u0105 rz\u0105d do zabrania g\u0142osu w tej sprawie.<\/strong><\/p>\n\n\n\n<p>Na terenie Mazowsza znajduje si\u0119 25 jednostek leczniczych oraz 30 instytucji kulturalnych prowadzonych i zarz\u0105dzanych przez samorz\u0105dy. Ich obs\u0142uga w zwi\u0105zku z podwy\u017ckami cen energii, gazu oraz lek\u00f3w wzros\u0142a w stosunku do roku 2021 o prawie 14 mln z\u0142otych. Marsza\u0142ek wojew\u00f3dztwa podkre\u015bla r\u00f3wnie\u017c trudn\u0105 sytuacj\u0119 szpitali:<\/p>\n\n\n\n<p>\u2013Inflacja, kt\u00f3ra jest oficjalnie na poziomie 17,2 proc. obejmuje wszystkie towary, natomiast koszt towar\u00f3w i us\u0142ug w obszarze ochrony zdrowia jest znacznie wy\u017cszy. W tej chwili najwi\u0119kszym naszym wyzwaniem s\u0105 ceny energii elektrycznej. Szpitale otrzymuj\u0105 oferty o 500 proc., a nawet o 800 proc. wy\u017csze. To powoduje, \u017ce praktycznie nie mo\u017cna stworzy\u0107 plan\u00f3w finansowych czy bud\u017cet\u00f3w. Sytuacja jest dramatyczna. Dlatego apeluj\u0119 do rz\u0105du \u2013 to na Waszych barkach le\u017cy ogromna cz\u0119\u015b\u0107 odpowiedzialno\u015bci za s\u0142u\u017cb\u0119 zdrowia, edukacj\u0119 czy bezpiecze\u0144stwo publiczne.<\/p>\n\n\n\n<p class=\"has-text-align-center\"><strong>Drogie leczenie<\/strong><\/p>\n\n\n\n<p>Lecznice maj\u0105 podobne problemy, o czym m\u00f3wi Piotr Go\u0142aszewski, dyrektor ds. zarz\u0105dzania filiami Mazowieckiego Szpitala Br\u00f3dnowskiego:<\/p>\n\n\n\n<p>\u2013W szeregu koszt\u00f3w, kt\u00f3re ponosi szpital, jako du\u017ca jednostka, odpowiadaj\u0105ca za zdrowie i \u017cycie setek tysi\u0119cy os\u00f3b ju\u017c widzimy, \u017ce tak\u017ce nas dotyka inflacja, kt\u00f3ra przek\u0142ada si\u0119 na wzrost koszt\u00f3w ponoszonych przez szpital. Podam tutaj taki bardzo miarodajny przyk\u0142ad, kt\u00f3ry dotyka nas wszystkich na co dzie\u0144 robi\u0105c zakupy. I tak samo szpital, je\u017celi przyjmujemy pacjenta, to bierzemy odpowiedzialno\u015b\u0107 tak\u017ce za jego \u017cywienie. To oznacza kilkaset \u015bniada\u0144, obiad\u00f3w i kolacji dziennie i niestety firmy, kt\u00f3re do tej pory nas obs\u0142ugiwa\u0142y, ze wzgl\u0119du na wzrost koszt\u00f3w, podnios\u0142y tak\u017ce swoje ceny. Z przykro\u015bci\u0105 musz\u0119 powiedzie\u0107, \u017ce to jest podwy\u017cka ok. 30-40 proc.<\/p>\n\n\n\n<p class=\"has-text-align-center\"><strong>Czekaj\u0105c na podwy\u017cki<\/strong><\/p>\n\n\n\n<p>Niekt\u00f3re plac\u00f3wki dopiero oczekuj\u0105 na dro\u017csze umowy na energi\u0119. Szpital w Tworkach czeka 5-krotny wzrost koszt\u00f3w energii. Podwy\u017cki obejm\u0105 tak\u017ce wy\u017cywienie, kt\u00f3re szacuje si\u0119, \u017ce zdro\u017ceje o ok. 40 proc. Dyrektorzy szpitali deklaruj\u0105, i\u017c do spi\u0119cia bud\u017cetu p\u0142acowego brakuje im kilkuset tysi\u0119cy z\u0142otych, co na koniec roku daje straty od kilku do 10 mln z\u0142.<\/p>\n\n\n\n<p>\u2013Je\u015bli dodamy do tego inflacj\u0119, kt\u00f3ra jest znacznie wy\u017csza, ni\u017c wska\u017aniki G\u0142\u00f3wnego Urz\u0119du Statystycznego, wzrost koszt\u00f3w energii elektrycznej, gazu, lek\u00f3w, materia\u0142\u00f3w opatrunkowych czy r\u00f3\u017cnego typu us\u0142ug, okazuje si\u0119, \u017ce w cz\u0119\u015bci plac\u00f3wek pieni\u0119dzy wystarczy najwy\u017cej na dwa miesi\u0105ce. A to skutkowa\u0107 b\u0119dzie zad\u0142u\u017caniem si\u0119 szpitali, zawieszeniem dzia\u0142ania kolejnych oddzia\u0142\u00f3w, a w perspektywie najbli\u017cszego kwarta\u0142u spowoduje zapa\u015b\u0107 s\u0142u\u017cby zdrowia \u2013 podkre\u015bla przewodnicz\u0105cy sejmikowej komisji zdrowia i klubu Koalicji Obywatelskiej Krzysztof Strza\u0142kowski.<\/p>\n\n\n\n<p class=\"has-text-align-center\"><strong>Kultura z k\u0142opotami<\/strong><\/p>\n\n\n\n<p>K\u0142opoty czekaj\u0105 tak\u017ce obiekty kultury.<\/p>\n\n\n\n<p>\u2013\u017byjemy w niepewno\u015bci i nie wiemy, jak konstruowa\u0107 bud\u017cet na przysz\u0142y rok \u2013 m\u00f3wi dyrektor Pa\u0144stwowego Muzeum Etnograficznego w Warszawie Robert Zydel. \u2013 Przetarg na zakup energii elektrycznej nie zosta\u0142 rozstrzygni\u0119ty. Wci\u0105\u017c nie zdecydowali\u015bmy si\u0119 na w\u0142\u0105czenie ogrzewania w budynku, martwi\u0105c si\u0119 cenami ciep\u0142a. Rosn\u0105ce ceny r\u00f3\u017cnego rodzaju materia\u0142\u00f3w wp\u0142ywaj\u0105 na mo\u017cliwo\u015b\u0107 przygotowania przez nas wystaw i zaj\u0119\u0107 edukacyjnych \u2013 dodaje.<\/p>\n\n\n\n<p>Powoli ko\u0144cz\u0105 si\u0119 mo\u017cliwo\u015bci samorz\u0105d\u00f3w w zakresie oszcz\u0119dzania i ograniczania koszt\u00f3w. W\u0142odarze apeluj\u0105 do rz\u0105du, aby podj\u0105\u0142 stosowne kroki i pom\u00f3g\u0142 samorz\u0105dom upora\u0107 si\u0119 z czekaj\u0105cymi ich problemami finansowymi.<\/p>\n\n\n\n<p class=\"has-text-align-right\"><strong>M. Ksit<\/strong>, Fot.: <strong><em>Pixabay<\/em><\/strong><\/p>\n","protected":false},"excerpt":{"rendered":"<p>Inflacja galopuje, a ceny wci\u0105\u017c rosn\u0105. Czujemy to przede wszystkim w domowych bud\u017cetach, ale alarmuj\u0105 r\u00f3wnie\u017c samorz\u0105dowcy. Zaznaczaj\u0105, \u017ce ceny towar\u00f3w i us\u0142ug negatywnie wp\u0142yn\u0105 na funkcjonowanie jednostek w obr\u0119bie samorz\u0105d\u00f3w \u2013 w tym m.in. szpitali i szk\u00f3\u0142. W\u0142odarze z naszego regionu zapowiadaj\u0105 nawet 5-krotne podwy\u017cki koszt\u00f3w. Wzywaj\u0105 rz\u0105d do zabrania g\u0142osu w tej sprawie. [&hellip;]<\/p>\n","protected":false},"author":2,"featured_media":4881,"comment_status":"closed","ping_status":"open","sticky":false,"template":"","format":"standard","meta":{"footnotes":""},"categories":[5],"tags":[],"class_list":["post-4880","post","type-post","status-publish","format-standard","has-post-thumbnail","hentry","category-wiadomosci"],"_links":{"self":[{"href":"https:\/\/fleschmazowsza.com.pl\/index.php?rest_route=\/wp\/v2\/posts\/4880","targetHints":{"allow":["GET"]}}],"collection":[{"href":"https:\/\/fleschmazowsza.com.pl\/index.php?rest_route=\/wp\/v2\/posts"}],"about":[{"href":"https:\/\/fleschmazowsza.com.pl\/index.php?rest_route=\/wp\/v2\/types\/post"}],"author":[{"embeddable":true,"href":"https:\/\/fleschmazowsza.com.pl\/index.php?rest_route=\/wp\/v2\/users\/2"}],"replies":[{"embeddable":true,"href":"https:\/\/fleschmazowsza.com.pl\/index.php?rest_route=%2Fwp%2Fv2%2Fcomments&post=4880"}],"version-history":[{"count":1,"href":"https:\/\/fleschmazowsza.com.pl\/index.php?rest_route=\/wp\/v2\/posts\/4880\/revisions"}],"predecessor-version":[{"id":4882,"href":"https:\/\/fleschmazowsza.com.pl\/index.php?rest_route=\/wp\/v2\/posts\/4880\/revisions\/4882"}],"wp:featuredmedia":[{"embeddable":true,"href":"https:\/\/fleschmazowsza.com.pl\/index.php?rest_route=\/wp\/v2\/media\/4881"}],"wp:attachment":[{"href":"https:\/\/fleschmazowsza.com.pl\/index.php?rest_route=%2Fwp%2Fv2%2Fmedia&parent=4880"}],"wp:term":[{"taxonomy":"category","embeddable":true,"href":"https:\/\/fleschmazowsza.com.pl\/index.php?rest_route=%2Fwp%2Fv2%2Fcategories&post=4880"},{"taxonomy":"post_tag","embeddable":true,"href":"https:\/\/fleschmazowsza.com.pl\/index.php?rest_route=%2Fwp%2Fv2%2Ftags&post=4880"}],"curies":[{"name":"wp","href":"https:\/\/api.w.org\/{rel}","templated":true}]}}