{"id":4867,"date":"2022-10-11T11:45:49","date_gmt":"2022-10-11T10:45:49","guid":{"rendered":"https:\/\/fleschmazowsza.com.pl\/?p=4867"},"modified":"2022-10-11T11:45:50","modified_gmt":"2022-10-11T10:45:50","slug":"aktywny-senior-w-pruszkowie","status":"publish","type":"post","link":"https:\/\/fleschmazowsza.com.pl\/?p=4867","title":{"rendered":"Aktywny Senior w Pruszkowie"},"content":{"rendered":"\n<p><strong>Od 3 pa\u017adziernika 2022 w Pruszkowie organizowany jest miesi\u0105c Aktywnego Seniora. Za nami ju\u017c pierwsze wydarzenie, a b\u0119dzie ich jeszcze wi\u0119cej i ka\u017cdy pruszkowski senior znajdzie co\u015b ciekawego dla siebie.<\/strong><\/p>\n\n\n\n<p>03.10.2022r. o godzinie 15.00 w Dziennym Domu Pomocy Spo\u0142ecznej przy ul. Ks. J\u00f3zefa 1 w Pruszkowie odby\u0142 si\u0119 wyst\u0119p zespo\u0142u ,,Metafora\u201d pod kierunkiem Jacka Janasika.<\/p>\n\n\n\n<p>06.10.2022r. o godzinie 10.30 w Sali Teatralnej przy Parafii Rzymskokatolickiej Niepokonalnego Pocz\u0119cia, przy ul. 3-go Maja w Pruszkowie odb\u0119dzie si\u0119 turniej pin-ponga dla kobiet i m\u0119\u017cczyzn.<\/p>\n\n\n\n<p>09.10.2022r. o godzinie 16.00 w Sali Audytoryjnej Miejskiego O\u015brodka Kultury im. A. Kami\u0144skiego ,,Kamyka\u201d w Pruszkowie przy ul. Bohater\u00f3w Warszawy 4 planowany jest koncert S\u0142awomira Malinowskiego pt. \u201eB\u0105d\u017a moim natchnieniem\u201d.<\/p>\n\n\n\n<p>20.10.2022r. o godzinie 13.00 odb\u0119dzie si\u0119 w Centrum Kultury i Sportu, przy ul. Bohater\u00f3w Warszawy 4 w Pruszkowie Gala Pruszkowskiego Miesi\u0105ca Aktywnego Seniora. W programie zaplanowany jest koncert Andrzeja Rybi\u0144skiego oraz wyst\u0119p Grupy Artystycznej Pruszkowskich Senior\u00f3w pod kierunkiem Janiny Bakiery pt: ,,Z u\u015bmiechem przez \u017cycie\u201d.<\/p>\n\n\n\n<p>Serdecznie zapraszamy wszystkich senior\u00f3w na powy\u017csze wydarzenia.<\/p>\n\n\n\n<p class=\"has-text-align-right\">Tekst <strong>MW<\/strong>, Fot. <em><strong>Internet<\/strong><\/em><\/p>\n","protected":false},"excerpt":{"rendered":"<p>Od 3 pa\u017adziernika 2022 w Pruszkowie organizowany jest miesi\u0105c Aktywnego Seniora. Za nami ju\u017c pierwsze wydarzenie, a b\u0119dzie ich jeszcze wi\u0119cej i ka\u017cdy pruszkowski senior znajdzie co\u015b ciekawego dla siebie. 03.10.2022r. o godzinie 15.00 w Dziennym Domu Pomocy Spo\u0142ecznej przy ul. Ks. J\u00f3zefa 1 w Pruszkowie odby\u0142 si\u0119 wyst\u0119p zespo\u0142u ,,Metafora\u201d pod kierunkiem Jacka Janasika. [&hellip;]<\/p>\n","protected":false},"author":2,"featured_media":4868,"comment_status":"closed","ping_status":"open","sticky":false,"template":"","format":"standard","meta":{"footnotes":""},"categories":[5],"tags":[],"class_list":["post-4867","post","type-post","status-publish","format-standard","has-post-thumbnail","hentry","category-wiadomosci"],"_links":{"self":[{"href":"https:\/\/fleschmazowsza.com.pl\/index.php?rest_route=\/wp\/v2\/posts\/4867","targetHints":{"allow":["GET"]}}],"collection":[{"href":"https:\/\/fleschmazowsza.com.pl\/index.php?rest_route=\/wp\/v2\/posts"}],"about":[{"href":"https:\/\/fleschmazowsza.com.pl\/index.php?rest_route=\/wp\/v2\/types\/post"}],"author":[{"embeddable":true,"href":"https:\/\/fleschmazowsza.com.pl\/index.php?rest_route=\/wp\/v2\/users\/2"}],"replies":[{"embeddable":true,"href":"https:\/\/fleschmazowsza.com.pl\/index.php?rest_route=%2Fwp%2Fv2%2Fcomments&post=4867"}],"version-history":[{"count":1,"href":"https:\/\/fleschmazowsza.com.pl\/index.php?rest_route=\/wp\/v2\/posts\/4867\/revisions"}],"predecessor-version":[{"id":4869,"href":"https:\/\/fleschmazowsza.com.pl\/index.php?rest_route=\/wp\/v2\/posts\/4867\/revisions\/4869"}],"wp:featuredmedia":[{"embeddable":true,"href":"https:\/\/fleschmazowsza.com.pl\/index.php?rest_route=\/wp\/v2\/media\/4868"}],"wp:attachment":[{"href":"https:\/\/fleschmazowsza.com.pl\/index.php?rest_route=%2Fwp%2Fv2%2Fmedia&parent=4867"}],"wp:term":[{"taxonomy":"category","embeddable":true,"href":"https:\/\/fleschmazowsza.com.pl\/index.php?rest_route=%2Fwp%2Fv2%2Fcategories&post=4867"},{"taxonomy":"post_tag","embeddable":true,"href":"https:\/\/fleschmazowsza.com.pl\/index.php?rest_route=%2Fwp%2Fv2%2Ftags&post=4867"}],"curies":[{"name":"wp","href":"https:\/\/api.w.org\/{rel}","templated":true}]}}