{"id":4864,"date":"2022-10-11T11:43:34","date_gmt":"2022-10-11T10:43:34","guid":{"rendered":"https:\/\/fleschmazowsza.com.pl\/?p=4864"},"modified":"2022-10-11T11:43:35","modified_gmt":"2022-10-11T10:43:35","slug":"samorzady-szukaja-sposobow-na-oszczednosc-energii","status":"publish","type":"post","link":"https:\/\/fleschmazowsza.com.pl\/?p=4864","title":{"rendered":"Samorz\u0105dy szukaj\u0105 sposob\u00f3w na oszcz\u0119dno\u015b\u0107 energii"},"content":{"rendered":"\n<p><strong>Nap\u0142ywaj\u0105ce zewsz\u0105d informacje o drastycznych podwy\u017ckach cen energii nie s\u0105 ju\u017c dla nikogo zaskoczeniem. Ka\u017cdego z nas przera\u017caj\u0105 liczby, ale dr\u017c\u0105 r\u00f3wnie\u017c samorz\u0105dy, kt\u00f3re ponios\u0105 du\u017co wy\u017csze koszty w czasie nadchodz\u0105cej zimy. Burmistrz Podkowy Le\u015bnej, Artur Tusi\u0144ski napisa\u0142 na swoim blogu, jak zamierza radzi\u0107 sobie ze zbli\u017caj\u0105cymi si\u0119 podwy\u017ckami cen.<\/strong><\/p>\n\n\n\n<p>Szacuje si\u0119, \u017ce samorz\u0105dy b\u0119d\u0105 musia\u0142y przeznaczy\u0107 sze\u015b\u0107 razy wi\u0119cej \u015brodk\u00f3w na op\u0142aty za energi\u0119 ni\u017c mia\u0142o to miejsce w roku ubieg\u0142ym.<\/p>\n\n\n\n<p>\u2013W tym miejscu nale\u017cy przypomnie\u0107, \u017ce pa\u0144stwowe sp\u00f3\u0142ki skarbu pa\u0144stwa, przedsi\u0119biorstwa takie jak PGE czy PGNiG od roku 2019 w spos\u00f3b systematyczny podnosz\u0105 ceny nie tylko dostarczanego gazu i pr\u0105du, ale podnosz\u0105 sta\u0142e koszty funkcjonowania swoich us\u0142ug, czyli op\u0142aty dystrybucyjne. Przed rokiem 2019 ta sta\u0142a, niezale\u017cna cze\u015b\u0107 naszych faktur za energi\u0119 stanowi\u0142a niespe\u0142na 30% rachunku. Dzisiaj, w wielu punktach poboru to ponad 55% kwoty ca\u0142ego rachunku \u2013 informuje burmistrz Tusi\u0144ski.<\/p>\n\n\n\n<p>W\u0142odarz Podkowy zaznacza, \u017ce oszcz\u0119dno\u015b\u0107 w tym zakresie to dla niego priorytet od zawsze.<\/p>\n\n\n\n<p>\u2013Do oszcz\u0119dno\u015bci, optymalizacji wydatk\u00f3w bie\u017c\u0105cych od pocz\u0105tku sprawowania przeze mnie funkcji burmistrza miasta przywi\u0105zuj\u0119 du\u017c\u0105 uwag\u0119. Uwag\u0119 przywi\u0105zuj\u0119 te\u017c do wykorzystywania nowych technologii, technologii smart, aby efekt zmniejszenia koszt\u00f3w funkcjonowania miasta osi\u0105gn\u0105\u0107. W 2016 roku, przed wymian\u0105 opraw o\u015bwietleniowych wykonali\u015bmy inwentaryzacj\u0119 wszystkich latarni ulicznych i audyt energetyczny ca\u0142ego miasta w celu zmiany sposobu zakupu energii i rozdzia\u0142u jej dostawc\u00f3w od tak zwanej \u201edystrybucji\u201d, czyli tej cz\u0119\u015bci kt\u00f3r\u0105 zawsze \u201ezgarnia\u201d pa\u0144stwowy monopolista. Audyt mia\u0142 nam pom\u00f3c w dobraniu najbardziej korzystnej procedury zakupu energii elektrycznej dla miasta Podkowa Le\u015bna \u2013 dodaje Tusi\u0144ski.<\/p>\n\n\n\n<p>Burmistrz zaznacza, \u017ce dotychczas roczne koszty przeznaczane na o\u015bwietlenie ulic to ok. 320 tys. z\u0142, a po wymianie opraw, kwoty te znacz\u0105co zmala\u0142y.<\/p>\n\n\n\n<p>\u2013W 2016 roku jako miasto potrzebowali\u015bmy ponad 1.100.000 kWh energii rocznie, z czego lwi\u0105 cz\u0119\u015b\u0107 550.000 kWh poch\u0142ania\u0142o o\u015bwietlenie naszych ulic. W skali miasta energia kosztowa\u0142a nas prawie 1 mln z\u0142, gdzie tylko z tytu\u0142u dystrybucji energii elektrycznej by\u0142 to koszt 300 000 z\u0142 rocznie \u2013 m\u00f3wi Artur Tusi\u0144ski.<\/p>\n\n\n\n<p>\u2013Brak proporcji wynika\u0142 z r\u00f3\u017cnych taryf funkcjonuj\u0105cych wtedy na terenie miasta. W zesz\u0142ym roku ca\u0142kowite zapotrzebowanie miasta na energi\u0119 elektryczn\u0105 wynios\u0142o prawie 600.000 kWh, rachunki wynios\u0142y nieco ponad 700 tysi\u0119cy z\u0142otych \u2013 mimo podwy\u017cek, nadal jest to sporo mniej ni\u017c w roku wykonania audytu i latach poprzednich \u2013 podkre\u015bla Burmistrz podkowy le\u015bnej.<\/p>\n\n\n\n<p>Inne miasta r\u00f3wnie\u017c musz\u0105 znale\u017a\u0107 spos\u00f3b na oszcz\u0119dno\u015bci, aby drastycznie rosn\u0105ce ceny nie przyczyni\u0142y si\u0119 do upadku innych sfer \u017cycia, o kt\u00f3re musi dba\u0107 miasto.<\/p>\n\n\n\n<p class=\"has-text-align-right\"><strong>M. Ksit<\/strong>, Fot.: <em><strong>Pixabay<\/strong><\/em><\/p>\n","protected":false},"excerpt":{"rendered":"<p>Nap\u0142ywaj\u0105ce zewsz\u0105d informacje o drastycznych podwy\u017ckach cen energii nie s\u0105 ju\u017c dla nikogo zaskoczeniem. Ka\u017cdego z nas przera\u017caj\u0105 liczby, ale dr\u017c\u0105 r\u00f3wnie\u017c samorz\u0105dy, kt\u00f3re ponios\u0105 du\u017co wy\u017csze koszty w czasie nadchodz\u0105cej zimy. Burmistrz Podkowy Le\u015bnej, Artur Tusi\u0144ski napisa\u0142 na swoim blogu, jak zamierza radzi\u0107 sobie ze zbli\u017caj\u0105cymi si\u0119 podwy\u017ckami cen. Szacuje si\u0119, \u017ce samorz\u0105dy b\u0119d\u0105 [&hellip;]<\/p>\n","protected":false},"author":2,"featured_media":4865,"comment_status":"closed","ping_status":"open","sticky":false,"template":"","format":"standard","meta":{"footnotes":""},"categories":[8],"tags":[],"class_list":["post-4864","post","type-post","status-publish","format-standard","has-post-thumbnail","hentry","category-roznosci"],"_links":{"self":[{"href":"https:\/\/fleschmazowsza.com.pl\/index.php?rest_route=\/wp\/v2\/posts\/4864","targetHints":{"allow":["GET"]}}],"collection":[{"href":"https:\/\/fleschmazowsza.com.pl\/index.php?rest_route=\/wp\/v2\/posts"}],"about":[{"href":"https:\/\/fleschmazowsza.com.pl\/index.php?rest_route=\/wp\/v2\/types\/post"}],"author":[{"embeddable":true,"href":"https:\/\/fleschmazowsza.com.pl\/index.php?rest_route=\/wp\/v2\/users\/2"}],"replies":[{"embeddable":true,"href":"https:\/\/fleschmazowsza.com.pl\/index.php?rest_route=%2Fwp%2Fv2%2Fcomments&post=4864"}],"version-history":[{"count":1,"href":"https:\/\/fleschmazowsza.com.pl\/index.php?rest_route=\/wp\/v2\/posts\/4864\/revisions"}],"predecessor-version":[{"id":4866,"href":"https:\/\/fleschmazowsza.com.pl\/index.php?rest_route=\/wp\/v2\/posts\/4864\/revisions\/4866"}],"wp:featuredmedia":[{"embeddable":true,"href":"https:\/\/fleschmazowsza.com.pl\/index.php?rest_route=\/wp\/v2\/media\/4865"}],"wp:attachment":[{"href":"https:\/\/fleschmazowsza.com.pl\/index.php?rest_route=%2Fwp%2Fv2%2Fmedia&parent=4864"}],"wp:term":[{"taxonomy":"category","embeddable":true,"href":"https:\/\/fleschmazowsza.com.pl\/index.php?rest_route=%2Fwp%2Fv2%2Fcategories&post=4864"},{"taxonomy":"post_tag","embeddable":true,"href":"https:\/\/fleschmazowsza.com.pl\/index.php?rest_route=%2Fwp%2Fv2%2Ftags&post=4864"}],"curies":[{"name":"wp","href":"https:\/\/api.w.org\/{rel}","templated":true}]}}