{"id":486,"date":"2016-12-23T12:09:30","date_gmt":"2016-12-23T11:09:30","guid":{"rendered":"http:\/\/fleschmazowsza.com.pl\/?p=486"},"modified":"2016-12-23T12:09:30","modified_gmt":"2016-12-23T11:09:30","slug":"badzmy-rozwazni-uzywajac-petard-i-fajerwerkow","status":"publish","type":"post","link":"https:\/\/fleschmazowsza.com.pl\/?p=486","title":{"rendered":"B\u0105d\u017amy rozwa\u017cni, u\u017cywaj\u0105c petard i fajerwerk\u00f3w!"},"content":{"rendered":"<p><strong>Niebawem przywitamy 2017 rok. Niekt\u00f3rzy b\u0119d\u0105 robi\u0107 to hucznie \u2014 z petardami i fajerwerkami. Przypominamy, \u017ce opr\u00f3cz 31 grudnia i 1 stycznia obowi\u0105zuje zakaz ich u\u017cywania.<\/strong><\/p>\n<p>W noc sylwestrow\u0105 w Unii Europejskiej dochodzi do kilkuset poparze\u0144, zranie\u0144 i po\u017car\u00f3w, a nawet wypadk\u00f3w \u015bmiertelnych. 80 % ofiar stanowi\u0105 m\u0119\u017cczy\u017ani w wieku 19-50 lat. Najcz\u0119stsze obra\u017cenia to oparzenia i skaleczenia g\u0142owy i r\u0105k. Przyczyn\u0105 wi\u0119kszo\u015bci tych zdarze\u0144 jest niew\u0142a\u015bciwe u\u017cytkowanie fajerwerk\u00f3w i nieprzestrzeganie zasad bezpiecze\u0144stwa.<\/p>\n<p>Przypominamy, \u017ce u\u017cywanie w miejscach lub obiektach publicznych petard oraz innych materia\u0142\u00f3w pirotechnicznych jest zabronione i zagro\u017cone kar\u0105 grzywny. Zakaz ten nie obowi\u0105zuje w dniach 31 grudnia i 1 stycznia, jak r\u00f3wnie\u017c podczas imprez okoliczno\u015bciowych po uzyskaniu zgody w\u0142a\u015bciwego terytorialnie w\u00f3jta, burmistrza lub prezydenta miasta. Nale\u017cy jednak pami\u0119ta\u0107 o zachowaniu ostro\u017cno\u015bci podczas u\u017cywania petard i fajerwerk\u00f3w. Statystyki jednoznacznie wskazuj\u0105 \u017ce nieumiej\u0119tne obchodzenie si\u0119 z nimi jest przyczyn\u0105 wielu nieszcz\u0119\u015bliwych wypadk\u00f3w.<\/p>\n<p>Huk petard niepokoi zwierz\u0119ta, szczeg\u00f3lnie psy. Zadbajmy wi\u0119c, by nasze czworonogi nie zak\u0142\u00f3ca\u0142y spokoju innym i nie by\u0142y nara\u017cone na odg\u0142osy wybuch\u00f3w, szczeg\u00f3lnie uwa\u017cajmy na dzieci &#8211; fajerwerkami i petardami zajmowa\u0107 si\u0119 mog\u0105 tylko osoby doros\u0142e, pami\u0119tajmy, \u017ce za nieostro\u017cne obchodzenie si\u0119 z wyrobami pirotechnicznymi, gro\u017c\u0105 kary aresztu, grzywny lub pozbawienia wolno\u015bci do lat dw\u00f3ch.<\/p>\n<p style=\"text-align: center;\"><strong>Maj\u0105c powy\u017csze na uwadze przypominamy:<\/strong><br \/>\n1. sprzeda\u017c petard i fajerwerk\u00f3w jest dozwolona tylko osobom pe\u0142noletnim, legitymuj\u0105cym si\u0119 dowodem osobistym<br \/>\n2. na \u015brodkach pirotechnicznych powinna znajdowa\u0107 si\u0119 instrukcja u\u017cycia w j\u0119zyku polskim<br \/>\n3. petardy i fajerwerki nale\u017cy kupowa\u0107 tylko z legalnych \u017ar\u00f3de\u0142, sklep\u00f3w maj\u0105cych odpowiednie zezwolenie<br \/>\n<strong> Jak bezpiecznie u\u017cywa\u0107 fajerwerk\u00f3w i petard:<\/strong><br \/>\n1. nale\u017cy przeczyta\u0107 instrukcj\u0119 znajduj\u0105c\u0105 si\u0119 na petardach i fajerwerkach<br \/>\n2. nie u\u017cywa\u0107 \u015brodk\u00f3w pirotechnicznych w du\u017cej grupie os\u00f3b i w miejscach publicznych<br \/>\n3. nie trzyma\u0107 odpalonych petard w d\u0142oniach<br \/>\n4. nie u\u017cywa\u0107 fajerwerk\u00f3w i petard pod wp\u0142ywem alkoholu<br \/>\n5. nigdy nie umieszczaj fajerwerk\u00f3w w szklanych butelkach!<br \/>\n6. zwr\u00f3ci\u0107 szczeg\u00f3ln\u0105 uwag\u0119 na dzieci, kt\u00f3re nie powinny bez opieki pos\u0142ugiwa\u0107 si\u0119 \u015brodkami pirotechnicznymi<br \/>\n7. nie odpala\u0107 petard i fajerwerk\u00f3w wewn\u0105trz pomieszcze\u0144, na balkonach i tarasach<br \/>\n8. przechowywa\u0107 petardy i fajerwerki w suchych, oddalonych od \u017ar\u00f3de\u0142 ciep\u0142a i niedost\u0119pnych dla dzieci pomieszczeniach<\/p>\n<p style=\"text-align: left;\">Trzeba pami\u0119ta\u0107 jednak o tym, \u017ce pomimo zapewnie\u0144 producent\u00f3w i sprzedawc\u00f3w, i\u017c s\u0105 to materia\u0142y ca\u0142kowicie bezpieczne, mamy do czynienia z materia\u0142ami wybuchowymi!<\/p>\n<p style=\"text-align: right;\"><strong>Ewelina Wielgat<\/strong><\/p>\n<p style=\"text-align: right;\">Fot. <strong>www.lodz.naszemiasto.pl<\/strong><\/p>\n","protected":false},"excerpt":{"rendered":"<p>Niebawem przywitamy 2017 rok. Niekt\u00f3rzy b\u0119d\u0105 robi\u0107 to hucznie \u2014 z petardami i fajerwerkami. Przypominamy, \u017ce opr\u00f3cz 31 grudnia i 1 stycznia obowi\u0105zuje zakaz ich u\u017cywania. W noc sylwestrow\u0105 w Unii Europejskiej dochodzi do kilkuset poparze\u0144, zranie\u0144 i po\u017car\u00f3w, a nawet wypadk\u00f3w \u015bmiertelnych. 80 % ofiar stanowi\u0105 m\u0119\u017cczy\u017ani w wieku 19-50 lat. Najcz\u0119stsze obra\u017cenia to [&hellip;]<\/p>\n","protected":false},"author":2,"featured_media":487,"comment_status":"closed","ping_status":"open","sticky":false,"template":"","format":"standard","meta":{"footnotes":""},"categories":[5],"tags":[],"class_list":["post-486","post","type-post","status-publish","format-standard","has-post-thumbnail","hentry","category-wiadomosci"],"_links":{"self":[{"href":"https:\/\/fleschmazowsza.com.pl\/index.php?rest_route=\/wp\/v2\/posts\/486","targetHints":{"allow":["GET"]}}],"collection":[{"href":"https:\/\/fleschmazowsza.com.pl\/index.php?rest_route=\/wp\/v2\/posts"}],"about":[{"href":"https:\/\/fleschmazowsza.com.pl\/index.php?rest_route=\/wp\/v2\/types\/post"}],"author":[{"embeddable":true,"href":"https:\/\/fleschmazowsza.com.pl\/index.php?rest_route=\/wp\/v2\/users\/2"}],"replies":[{"embeddable":true,"href":"https:\/\/fleschmazowsza.com.pl\/index.php?rest_route=%2Fwp%2Fv2%2Fcomments&post=486"}],"version-history":[{"count":1,"href":"https:\/\/fleschmazowsza.com.pl\/index.php?rest_route=\/wp\/v2\/posts\/486\/revisions"}],"predecessor-version":[{"id":488,"href":"https:\/\/fleschmazowsza.com.pl\/index.php?rest_route=\/wp\/v2\/posts\/486\/revisions\/488"}],"wp:featuredmedia":[{"embeddable":true,"href":"https:\/\/fleschmazowsza.com.pl\/index.php?rest_route=\/wp\/v2\/media\/487"}],"wp:attachment":[{"href":"https:\/\/fleschmazowsza.com.pl\/index.php?rest_route=%2Fwp%2Fv2%2Fmedia&parent=486"}],"wp:term":[{"taxonomy":"category","embeddable":true,"href":"https:\/\/fleschmazowsza.com.pl\/index.php?rest_route=%2Fwp%2Fv2%2Fcategories&post=486"},{"taxonomy":"post_tag","embeddable":true,"href":"https:\/\/fleschmazowsza.com.pl\/index.php?rest_route=%2Fwp%2Fv2%2Ftags&post=486"}],"curies":[{"name":"wp","href":"https:\/\/api.w.org\/{rel}","templated":true}]}}