{"id":4839,"date":"2022-09-15T10:25:53","date_gmt":"2022-09-15T09:25:53","guid":{"rendered":"https:\/\/fleschmazowsza.com.pl\/?p=4839"},"modified":"2022-09-15T10:25:54","modified_gmt":"2022-09-15T09:25:54","slug":"wukadki-od-wrzesnia-z-nowym-rozkladem","status":"publish","type":"post","link":"https:\/\/fleschmazowsza.com.pl\/?p=4839","title":{"rendered":"Wukadki od wrze\u015bnia z nowym rozk\u0142adem"},"content":{"rendered":"\n<p><strong>W zwi\u0105zku z budow\u0105 drugiego toru do Grodziska, Warszawska Kolej Dojazdowa poda\u0142a informacje o zmianach w porz\u0105dku ruchu poci\u0105g\u00f3w. Tym razem modyfikacje ruszaj\u0105 1 wrze\u015bnia i planowane s\u0105 na ca\u0142y miesi\u0105c.<\/strong><\/p>\n\n\n\n<p>Na linii WKD b\u0119d\u0105 wprowadzane ograniczenia w ruchu poci\u0105g\u00f3w oraz b\u0119dzie obowi\u0105zywa\u0107 w poszczeg\u00f3lnych dniach tego okresu specjalny rozk\u0142ad jazdy \u2013 poda\u0142 przewo\u017anik w komunikacie.<\/p>\n\n\n\n<p>Zach\u0119camy do zapoznania si\u0119 ze szczeg\u00f3\u0142owymi zmianami, kt\u00f3re prezentujemy poni\u017cej:<\/p>\n\n\n\n<ol class=\"wp-block-list\"><li>w nast\u0119puj\u0105ce dni powszednie: 01.09, 05-08.09, 12-16.09, 19-23.09, 26-30.09 w godz. 8:45-17:00 zamkni\u0119cie toru nr 1G na odcinku Podkowa Le\u015bna G\u0142\u00f3wna \u2013 Grodzisk Mazowiecki Jordanowice; skr\u00f3cenie poci\u0105g\u00f3w w relacji do\/z przystanku osobowego Grodzisk Mazowiecki Jordanowice; poci\u0105gi te b\u0119d\u0105 ko\u0144czy\u0107 lub rozpoczyna\u0107 bieg na stacji Podkowa Le\u015bna G\u0142\u00f3wna; wprowadzenie zast\u0119pczej komunikacji autobusowej na odcinku Podkowa Le\u015bna G\u0142\u00f3wna \u2013 Grodzisk Mazowiecki Rado\u0144ska przez: Milan\u00f3wek Grud\u00f3w i Grodzisk Mazowiecki Jordanowice (w w\/w dni powszednie w godz. 8:45-17:00);<\/li><li>w nast\u0119puj\u0105ce soboty, niedziele i \u015bwi\u0119ta w miesi\u0105cu wrze\u015bniu 2022 r.: 17-18.09.2022 oraz 24-25.09.2022 ruch poci\u0105g\u00f3w prowadzony bez ogranicze\u0144 na odcinku Grodzisk Mazowiecki Jordanowice \u2013 Warszawa \u015ar\u00f3dmie\u015bcie WKD;<\/li><li>w dniach: 02.09 i 09.09 (pi\u0105tek) ruch poci\u0105g\u00f3w prowadzony tak jak w w\/w dni powszednie, tj. z ograniczeniem na odcinku Podkowa Le\u015bna G\u0142\u00f3wna \u2013 Grodzisk Mazowiecki Jordanowice w godz. 8:45-17:00; ponadto od godz. 23:45 zamkni\u0119cie ww. odcinka dla ruchu poci\u0105g\u00f3w i przej\u0119cie obs\u0142ugi przez pojazdy ZKA na trasie Grodzisk Mazowiecki Rado\u0144ska \u2013 Milan\u00f3wek Grud\u00f3w \u2013 Podkowa Le\u015bna G\u0142\u00f3wna); do ko\u0144ca doby ruch poci\u0105g\u00f3w na linii WKD prowadzony wy\u0142\u0105cznie na odcinku Podkowa Le\u015bna G\u0142\u00f3wna \u2013 Warszawa \u015ar\u00f3dmie\u015bcie WKD;<\/li><li>w dniach: 03.09 i 10.09 (sobota) ruch poci\u0105g\u00f3w na odcinku Grodzisk Maz. Jordanowice \u2013 Podkowa Le\u015bna G\u0142\u00f3wna ca\u0142kowicie wstrzymany; przej\u0119cie obs\u0142ugi przez pojazdy ZKA na trasie Grodzisk Maz. Rado\u0144ska \u2013 Milan\u00f3wek Grud\u00f3w \u2013 Podkowa Le\u015bna G\u0142\u00f3wna, ruch poci\u0105g\u00f3w na linii WKD prowadzony wy\u0142\u0105cznie na odcinku Podkowa Le\u015bna G\u0142\u00f3wna \u2013 Warszawa \u015ar\u00f3dmie\u015bcie WKD;<\/li><li>w dniach: 04.09 i 11.09 (niedziela) ruch poci\u0105g\u00f3w na odcinku Grodzisk Maz. Jordanowice \u2013 Podkowa Le\u015bna G\u0142\u00f3wna wstrzymany od pocz\u0105tku doby do godz. 05:40; przej\u0119cie obs\u0142ugi przez pojazdy ZKA na trasie Grodzisk Maz. Rado\u0144ska \u2013 Milan\u00f3wek Grud\u00f3w \u2013 Podkowa Le\u015bna G\u0142\u00f3wna; od godz. 05:40 otwarcie ww. odcinka dla ruchu poci\u0105g\u00f3w; od pocz\u0105tku doby do godz. 05:40 ruch poci\u0105g\u00f3w na linii WKD prowadzony wy\u0142\u0105cznie na odcinku Podkowa Le\u015bna G\u0142\u00f3wna \u2013 Warszawa \u015ar\u00f3dmie\u015bcie WKD.<\/li><li>W wybranych dniach w okresie 01.09.2022 \u2013 30.09.2022, w zwi\u0105zku z wy\u0142\u0105czeniem w okre\u015blonych porach odcinka Grodzisk Mazowiecki Jordanowice \u2013 Podkowa Le\u015bna G\u0142\u00f3wna przewidziane jest uruchomienie dotychczasowych po\u0142\u0105cze\u0144 ZKA w relacjach: Grodzisk Mazowiecki Rado\u0144ska \u2013 Grodzisk Mazowiecki Jordanowice \u2013 Grodzisk Mazowiecki Rado\u0144ska (trasa jednokierunkowa); Podkowa Le\u015bna G\u0142\u00f3wna \u2013 Milan\u00f3wek Grud\u00f3w oraz Grodzisk Mazowiecki Rado\u0144ska \u2013 Milan\u00f3wek Grud\u00f3w \u2013 Podkowa Le\u015bna G\u0142\u00f3wna.<\/li><\/ol>\n\n\n\n<p>Wi\u0119cej szczeg\u00f3\u0142owych informacji o zmianach kursowania wukadek wraz z aktualnymi rozk\u0142adami jazdy mo\u017cna znale\u017a\u0107 na stronie internetowej: <em><strong>www.wkd.com.pl.<\/strong><\/em><\/p>\n\n\n\n<p class=\"has-text-align-right\"><strong>M. Ksit<\/strong><br>Fot.: <em><strong>transport-publiczny.pl<\/strong><\/em><\/p>\n","protected":false},"excerpt":{"rendered":"<p>W zwi\u0105zku z budow\u0105 drugiego toru do Grodziska, Warszawska Kolej Dojazdowa poda\u0142a informacje o zmianach w porz\u0105dku ruchu poci\u0105g\u00f3w. Tym razem modyfikacje ruszaj\u0105 1 wrze\u015bnia i planowane s\u0105 na ca\u0142y miesi\u0105c. Na linii WKD b\u0119d\u0105 wprowadzane ograniczenia w ruchu poci\u0105g\u00f3w oraz b\u0119dzie obowi\u0105zywa\u0107 w poszczeg\u00f3lnych dniach tego okresu specjalny rozk\u0142ad jazdy \u2013 poda\u0142 przewo\u017anik w [&hellip;]<\/p>\n","protected":false},"author":2,"featured_media":4840,"comment_status":"closed","ping_status":"open","sticky":false,"template":"","format":"standard","meta":{"footnotes":""},"categories":[5],"tags":[],"class_list":["post-4839","post","type-post","status-publish","format-standard","has-post-thumbnail","hentry","category-wiadomosci"],"_links":{"self":[{"href":"https:\/\/fleschmazowsza.com.pl\/index.php?rest_route=\/wp\/v2\/posts\/4839","targetHints":{"allow":["GET"]}}],"collection":[{"href":"https:\/\/fleschmazowsza.com.pl\/index.php?rest_route=\/wp\/v2\/posts"}],"about":[{"href":"https:\/\/fleschmazowsza.com.pl\/index.php?rest_route=\/wp\/v2\/types\/post"}],"author":[{"embeddable":true,"href":"https:\/\/fleschmazowsza.com.pl\/index.php?rest_route=\/wp\/v2\/users\/2"}],"replies":[{"embeddable":true,"href":"https:\/\/fleschmazowsza.com.pl\/index.php?rest_route=%2Fwp%2Fv2%2Fcomments&post=4839"}],"version-history":[{"count":1,"href":"https:\/\/fleschmazowsza.com.pl\/index.php?rest_route=\/wp\/v2\/posts\/4839\/revisions"}],"predecessor-version":[{"id":4841,"href":"https:\/\/fleschmazowsza.com.pl\/index.php?rest_route=\/wp\/v2\/posts\/4839\/revisions\/4841"}],"wp:featuredmedia":[{"embeddable":true,"href":"https:\/\/fleschmazowsza.com.pl\/index.php?rest_route=\/wp\/v2\/media\/4840"}],"wp:attachment":[{"href":"https:\/\/fleschmazowsza.com.pl\/index.php?rest_route=%2Fwp%2Fv2%2Fmedia&parent=4839"}],"wp:term":[{"taxonomy":"category","embeddable":true,"href":"https:\/\/fleschmazowsza.com.pl\/index.php?rest_route=%2Fwp%2Fv2%2Fcategories&post=4839"},{"taxonomy":"post_tag","embeddable":true,"href":"https:\/\/fleschmazowsza.com.pl\/index.php?rest_route=%2Fwp%2Fv2%2Ftags&post=4839"}],"curies":[{"name":"wp","href":"https:\/\/api.w.org\/{rel}","templated":true}]}}