{"id":4836,"date":"2022-09-15T10:22:18","date_gmt":"2022-09-15T09:22:18","guid":{"rendered":"https:\/\/fleschmazowsza.com.pl\/?p=4836"},"modified":"2022-09-15T10:22:19","modified_gmt":"2022-09-15T09:22:19","slug":"pruszkow-pozegnal-lato","status":"publish","type":"post","link":"https:\/\/fleschmazowsza.com.pl\/?p=4836","title":{"rendered":"Pruszk\u00f3w po\u017cegna\u0142 lato"},"content":{"rendered":"\n<p><strong>27 sierpnia 2022 roku odby\u0142o si\u0119 w Parku Ko\u015bciuszki w Pruszkowie po\u017cegnanie lata. Tego dnia ka\u017cdy m\u00f3g\u0142 znale\u017a\u0107 co\u015b dla siebie niezale\u017cnie od wieku.<\/strong><\/p>\n\n\n\n<p>Wydarzenie rozpocz\u0119\u0142o si\u0119 o godzinie 14.00 piknikiem ekologicznym. Na mieszka\u0144c\u00f3w czeka\u0142o wiele stoisk o r\u00f3\u017cnej tematyce. By\u0142y to mi\u0119dzy innymi stoiska: Muzeum Staro\u017cytnego Hutnictwa Mazowieckiego im Stefana Woydy na kt\u00f3rym: m\u0142otek, gwo\u017adzie, sznurek, li\u015bcie, szyszki pos\u0142u\u017cy\u0142y do wykonania wspomnienia z wakacji.<\/p>\n\n\n\n<p>Na mieszka\u0144c\u00f3w czeka\u0142y r\u00f3wnie\u017c stoiska:Miejskiego O\u015brodka Kultury KAMYK im. A. Kami\u0144skiego, kurs\u00f3w zawodowych oraz szkole\u0144, r\u0119kodzie\u0142 i wiele innych. Tego dnia nie zabrak\u0142o te\u017c :food truck\u00f3w, warsztat\u00f3w artystycznych oraz zawod\u00f3w w trafieniu do celu. Mieszka\u0144cy mogli r\u00f3wnie\u017c wzi\u0105\u0107 udzia\u0142 w warsztatach technologii VR oraz wsi\u0105\u015b\u0107 na rower elektryczny by wytworzy\u0107 pr\u0105d do \u017car\u00f3wki .<\/p>\n\n\n\n<p>Dla mieszka\u0144c\u00f3w Pruszkowa zosta\u0142 przygotowany tak\u017ce przez Mateusza Krojenka oraz Krzysztofa Bigus pokaz kulinarny i warsztaty dla dzieci z robienia hamburger\u00f3w i szasz\u0142yk\u00f3w owocowych oraz degustacja leczo gotowanego na gigantycznej patelni przez ca\u0142y czas trwania pikniku.<\/p>\n\n\n\n<p>O godzinie 19.30 rozpocz\u0119\u0142y si\u0119 koncerty. Jako pierwsza na scenie pojawi\u0142a si\u0119 Cleo. Mogli\u015bmy us\u0142ysze\u0107 jej najwi\u0119ksze hity takie jak ,,Za krokiem krok&#8221; ,,Sztorm&#8221;, ,,\u0141owcy gwiazd&#8221; czy te\u017c ,,Zabior\u0119 nas&#8221;. Artystka przywr\u00f3ci\u0142a r\u00f3wnie\u017c wspomniana z Eurowizji wykonuj\u0105c utw\u00f3r ,,My S\u0142owianie&#8221;. Cleo na sam koniec przygotowa\u0142a niespodziank\u0119 dla mieszka\u0144c\u00f3w Pruszkowa. Wykona\u0142a miks kilku swoich piosenek. By\u0142y to utwory, kt\u00f3rych jak sama wspomnia\u0142a, w ostatnim czasie nie \u015bpiewa\u0142a podczas koncert\u00f3w.<\/p>\n\n\n\n<p>Gwiazd\u0105 wieczoru by\u0142 Smolasty. Tego dnia mogli\u015bmy us\u0142ysze\u0107 utwory takie jak: ,,Du\u017ce oczy&#8221;, ,,Sezon&#8221;, ,,Boj\u0119 si\u0119 kocha\u0107&#8221; czy te\u017c ,,Pijemy za lepszy czas&#8221;. Jego wyst\u0119p zako\u0144czy\u0142 po\u017cegnanie lata w Pruszkowie.<\/p>\n\n\n\n<p>By\u0142o to wydarzenie kt\u00f3re z pewno\u015bci\u0105 na d\u0142ugo zostanie w pami\u0119ci mieszka\u0144c\u00f3w.<\/p>\n\n\n\n<p class=\"has-text-align-right\">Tekst i fot. <strong>M. W\u00f3jcik<\/strong><\/p>\n","protected":false},"excerpt":{"rendered":"<p>27 sierpnia 2022 roku odby\u0142o si\u0119 w Parku Ko\u015bciuszki w Pruszkowie po\u017cegnanie lata. Tego dnia ka\u017cdy m\u00f3g\u0142 znale\u017a\u0107 co\u015b dla siebie niezale\u017cnie od wieku. Wydarzenie rozpocz\u0119\u0142o si\u0119 o godzinie 14.00 piknikiem ekologicznym. Na mieszka\u0144c\u00f3w czeka\u0142o wiele stoisk o r\u00f3\u017cnej tematyce. By\u0142y to mi\u0119dzy innymi stoiska: Muzeum Staro\u017cytnego Hutnictwa Mazowieckiego im Stefana Woydy na kt\u00f3rym: m\u0142otek, [&hellip;]<\/p>\n","protected":false},"author":2,"featured_media":4837,"comment_status":"closed","ping_status":"open","sticky":false,"template":"","format":"standard","meta":{"footnotes":""},"categories":[8],"tags":[],"class_list":["post-4836","post","type-post","status-publish","format-standard","has-post-thumbnail","hentry","category-roznosci"],"_links":{"self":[{"href":"https:\/\/fleschmazowsza.com.pl\/index.php?rest_route=\/wp\/v2\/posts\/4836","targetHints":{"allow":["GET"]}}],"collection":[{"href":"https:\/\/fleschmazowsza.com.pl\/index.php?rest_route=\/wp\/v2\/posts"}],"about":[{"href":"https:\/\/fleschmazowsza.com.pl\/index.php?rest_route=\/wp\/v2\/types\/post"}],"author":[{"embeddable":true,"href":"https:\/\/fleschmazowsza.com.pl\/index.php?rest_route=\/wp\/v2\/users\/2"}],"replies":[{"embeddable":true,"href":"https:\/\/fleschmazowsza.com.pl\/index.php?rest_route=%2Fwp%2Fv2%2Fcomments&post=4836"}],"version-history":[{"count":1,"href":"https:\/\/fleschmazowsza.com.pl\/index.php?rest_route=\/wp\/v2\/posts\/4836\/revisions"}],"predecessor-version":[{"id":4838,"href":"https:\/\/fleschmazowsza.com.pl\/index.php?rest_route=\/wp\/v2\/posts\/4836\/revisions\/4838"}],"wp:featuredmedia":[{"embeddable":true,"href":"https:\/\/fleschmazowsza.com.pl\/index.php?rest_route=\/wp\/v2\/media\/4837"}],"wp:attachment":[{"href":"https:\/\/fleschmazowsza.com.pl\/index.php?rest_route=%2Fwp%2Fv2%2Fmedia&parent=4836"}],"wp:term":[{"taxonomy":"category","embeddable":true,"href":"https:\/\/fleschmazowsza.com.pl\/index.php?rest_route=%2Fwp%2Fv2%2Fcategories&post=4836"},{"taxonomy":"post_tag","embeddable":true,"href":"https:\/\/fleschmazowsza.com.pl\/index.php?rest_route=%2Fwp%2Fv2%2Ftags&post=4836"}],"curies":[{"name":"wp","href":"https:\/\/api.w.org\/{rel}","templated":true}]}}