{"id":4827,"date":"2022-08-29T12:18:51","date_gmt":"2022-08-29T11:18:51","guid":{"rendered":"https:\/\/fleschmazowsza.com.pl\/?p=4827"},"modified":"2022-08-29T12:18:52","modified_gmt":"2022-08-29T11:18:52","slug":"drozsza-wyprawka-szkolna","status":"publish","type":"post","link":"https:\/\/fleschmazowsza.com.pl\/?p=4827","title":{"rendered":"Dro\u017csza wyprawka szkolna"},"content":{"rendered":"\n<p><strong>Jak wynika z najnowszej edycji corocznego badania SW Research* na zlecenie Empiku, a\u017c 80% rodzic\u00f3w spodziewa si\u0119 wyda\u0107 na wyprawk\u0119 szkoln\u0105 wi\u0119cej ni\u017c rok temu \u2013 to wzrost o 18%. Niemal co drugi ankietowany zamierza przeznaczy\u0107 na zakupy do szko\u0142y wi\u0119cej ni\u017c 500 z\u0142. Jednocze\u015bnie 6 na 10 respondent\u00f3w wci\u0105\u017c jest gotowych zap\u0142aci\u0107 wi\u0119cej za produkty, kt\u00f3re podobaj\u0105 si\u0119 dzieciom. Nie zmieniaj\u0105 si\u0119 te\u017c oczekiwania rodzic\u00f3w co do przybor\u00f3w szkolnych: powinny by\u0107 one przede wszystkim jako\u015bciowe, funkcjonalne i w odpowiedniej cenie.<\/strong><\/p>\n\n\n\n<p class=\"has-text-align-center\"><strong>Rodzice bior\u0105 poprawk\u0119 na inflacj\u0119<\/strong><\/p>\n\n\n\n<p>A\u017c 80% rodzic\u00f3w ankietowanych przez SW Research liczy si\u0119 z wi\u0119kszym kosztem wyprawki szkolnej ni\u017c rok temu. Obawa ta znacznie wzros\u0142a na przestrzeni dw\u00f3ch edycji badania zleconego przez Empik \u2013 a\u017c o 18%. G\u0142\u00f3wn\u0105 przyczyn\u0119 wi\u0119kszych wydatk\u00f3w rodzice upatruj\u0105 w og\u00f3lnym wzro\u015bcie cen (87% wskaza\u0144), jednak co drugi badany zauwa\u017cy\u0142 te\u017c wi\u0119ksze potrzeby swojego dziecka (46% wskaza\u0144).<\/p>\n\n\n\n<p>Co trzeci respondent przeznaczy na wyprawk\u0119 dla jednego ucznia od 301 do 500 z\u0142, a co czwarty \u2013 mi\u0119dzy 501 a 700 z\u0142. Niemal \u00bc ankietowanych wyda na ten cel powy\u017cej 700 z\u0142. Tylko 16% rodzic\u00f3w zamknie zakupy szkolne w kwocie do 300 z\u0142.<\/p>\n\n\n\n<p class=\"has-text-align-center\"><strong>Wsp\u00f3lna decyzja<\/strong><\/p>\n\n\n\n<p>A\u017c 60% ankietowanych jest w stanie zap\u0142aci\u0107 wi\u0119cej za produkt, kt\u00f3ry podoba si\u0119 dziecku.<\/p>\n\n\n\n<p>Cena jest g\u0142\u00f3wnym kryterium wyboru wyprawki dla najwi\u0119kszej grupy respondent\u00f3w (36%), jednak rodzice licz\u0105 si\u0119 ze zdaniem podopiecznych \u2013 a\u017c 89% kompletuje wyprawk\u0119 (przynajmniej cz\u0119\u015bciowo) wsp\u00f3lnie z nimi. Im starszy ucze\u0144, tym ma wi\u0119cej do powiedzenia w kwestii wyboru konkretnych artyku\u0142\u00f3w do szko\u0142y. Ponad po\u0142owa nastolatk\u00f3w w wieku 13-15 lat decyduje o ka\u017cdym elemencie wyprawki.<\/p>\n\n\n\n<p>Og\u00f3\u0142em tylko co 10. opiekun ogranicza konsultacje z dzieckiem do pojedynczych produkt\u00f3w. Co wi\u0119cej, prawie 50% badanych przyzna\u0142o, \u017ce ich dzieci same poszukuj\u0105 informacji o przyborach szkolnych.<\/p>\n\n\n\n<p class=\"has-text-align-center\"><strong>Emocje i rozum<\/strong><\/p>\n\n\n\n<p>Cho\u0107 wyprawka jest dobierana wsp\u00f3lnie, to jednak widoczne s\u0105 r\u00f3\u017cnice w podej\u015bciu do jej element\u00f3w. Dzieci \u2013 zdaniem rodzic\u00f3w \u2013 wybieraj\u0105 po prostu to, co im si\u0119 podoba. Na pierwszym miejscu stawiaj\u0105 wygl\u0105d przybor\u00f3w szkolnych. Przyk\u0142adaj\u0105 te\u017c du\u017c\u0105 wag\u0119 do wzor\u00f3w i marki produkt\u00f3w, jak r\u00f3wnie\u017c kieruj\u0105 si\u0119 aktualn\u0105 mod\u0105 i trendami. Dla rodzic\u00f3w natomiast najwa\u017cniejsze s\u0105: jako\u015b\u0107, odpowiednia cena, funkcjonalno\u015b\u0107, atrakcyjny wygl\u0105d i bezpiecze\u0144stwo.<\/p>\n\n\n\n<p>\u2013Naj\u0142adniejsze przybory, tornister czy trampki nie b\u0119d\u0105 cieszy\u0142y i nie b\u0119d\u0105 odpowiednie, je\u015bli nie s\u0105 bezpieczne i komfortowe. Od no\u017cyczek, d\u0142ugopis\u00f3w, stal\u00f3wki wiecznego pi\u00f3ra, po odblaski przy tornistrze. Wybieramy takie przybory i akcesoria, kt\u00f3rych dziecko u\u017cyje w spos\u00f3b intuicyjny i naturalny. Tak, by nie potrzebowa\u0142o niczyjej pomocy \u2013 zach\u0119ca fizjoterapeuta Pawe\u0142 Zawitkowski.<\/p>\n\n\n\n<p>I jak t\u0142umaczy Ma\u0142gorzata Jagodzi\u0144ska, Menad\u017cerka Dzia\u0142u Art Pap w Empiku:<\/p>\n\n\n\n<p>\u2013Aby w\u0142a\u015bciwie odpowiedzie\u0107 na potrzeby rodzic\u00f3w i sprosta\u0107 estetycznym oczekiwaniom dzieci, przygotowali\u015bmy kompleksow\u0105 ofert\u0119 artyku\u0142\u00f3w szkolnych. W unikalnych kolekcjach w\u0142asnych Empiku: Crazy Cats, Game Over, Galaxy i Back to Hogwarts uczniowie znajd\u0105 najmodniejsze w tym sezonie motywy \u2013 od plecak\u00f3w i pi\u00f3rnik\u00f3w, po pasuj\u0105ce do zestawu zeszyty, d\u0142ugopisy czy lunchboxy. Wzorem ubieg\u0142ych lat, w ofercie nie mog\u0142o r\u00f3wnie\u017c zabrakn\u0105\u0107 produkt\u00f3w z odpowiednimi certyfikatami i atestami, a tak\u017ce ergonomicznych przybor\u00f3w do pisania. Ponadto, szczeg\u00f3lnie teraz, gdy cena odgrywa bardzo du\u017c\u0105 rol\u0119, na naszych klient\u00f3w codziennie czeka szereg promocji, dzi\u0119ki kt\u00f3rym komfortowo skompletuj\u0105 ca\u0142\u0105 wyprawk\u0119.&nbsp;<\/p>\n\n\n\n<p class=\"has-text-align-center\"><strong>D\u0142uga lista zakup\u00f3w<\/strong><\/p>\n\n\n\n<p>Blisko po\u0142owa badanych zamierza kupi\u0107 now\u0105 wyprawk\u0119 szkoln\u0105 w ca\u0142o\u015bci. B\u0119d\u0105 to produkty z 10 r\u00f3\u017cnych kategorii. Zeszyty i notatniki, przybory pi\u015bmiennicze, ubrania i obuwie (np. na zaj\u0119cia sportowe), podr\u0119czniki oraz przybory plastyczne (bloki papieru, farby, flamastry, kredki etc.) \u2013 takie artyku\u0142y pojawiaj\u0105 si\u0119 najcz\u0119\u015bciej na li\u015bcie zakup\u00f3w (ponad 70% wskaza\u0144). Ponad po\u0142owa opiekun\u00f3w zamierza wymieni\u0107 dziecku podstawowe elementy wyprawki: plecak i pi\u00f3rnik. W tym roku rodzice podchodz\u0105 do jej kompletowania z mniejsz\u0105 spontaniczno\u015bci\u0105. W przypadku niekt\u00f3rych produkt\u00f3w, takich jak podr\u0119czniki, tornister czy odzie\u017c, wzrost liczby respondent\u00f3w planuj\u0105cych zakupy z wyprzedzeniem si\u0119ga +7% rok do roku.<\/p>\n\n\n\n<p>Przygotowania do nowego roku szkolnego obejmuj\u0105 nie tylko wyprawk\u0119 szkoln\u0105, ale r\u00f3wnie\u017c pok\u00f3j ucznia. Podobnie jak rok temu, ponad po\u0142owa ankietowanych ma w planach uzupe\u0142nienie lub organizacj\u0119 miejsca do nauki od podstaw. Na li\u015bcie zakup\u00f3w najcz\u0119\u015bciej pojawiaj\u0105 si\u0119: krzes\u0142a i o\u015bwietlenie (po 52% wskaza\u0144), a tak\u017ce szafki oraz organizery do przechowywania (43% wskaza\u0144).<\/p>\n\n\n\n<p>Dobra organizacja miejsca do nauki jest coraz bardziej istotna z roku na rok. W najnowszej edycji badania Empiku jeszcze wi\u0119cej rodzic\u00f3w zadeklarowa\u0142o, \u017ce ich dzieci najch\u0119tniej ucz\u0105 si\u0119 przy swoim biurku (70% wskaza\u0144, +5%), w ciszy i spokoju (68% wskaza\u0144, + 10%), bez niczyjej obecno\u015bci (57% wskaza\u0144, +8%).<\/p>\n\n\n\n<p class=\"has-text-align-center\"><strong>Zakupy i online, i stacjonarnie<\/strong><\/p>\n\n\n\n<p>Ponad po\u0142owa rodzic\u00f3w (53% \u2013 wzrost o 4%) zrealizuje zakupy na nowy rok szkolny zar\u00f3wno w sklepach stacjonarnych, jak w Internecie.<\/p>\n\n\n\n<p>\u2013Ju\u017c na pocz\u0105tku lipca zauwa\u017cyli\u015bmy zwi\u0119kszone zainteresowanie artyku\u0142ami szkolnymi i papierniczymi w Empiku. Na ten moment, zdecydowanie wi\u0119ksz\u0105 dynamik\u0119 widzimy w kanale online ni\u017c w sklepach stacjonarnych. Prognozujemy, \u017ce najwi\u0119kszy szczyt sprzeda\u017cy, szczeg\u00f3lnie w salonach, jeszcze przed nami \u2013 tego, wzorem poprzednich lat, spodziewamy si\u0119 na prze\u0142omie sierpnia i wrze\u015bnia oraz w pierwszych dniach po rozpocz\u0119ciu roku szkolnego \u2013 m\u00f3wi Ma\u0142gorzata Jagodzi\u0144ska i dodaje: \u2013Tym, co szczeg\u00f3lnie przyci\u0105ga klient\u00f3w do salon\u00f3w, s\u0105 nasze unikalne kolekcje w\u0142asne \u2013 zar\u00f3wno dzieci, jak i rodzice, chc\u0105 zobaczy\u0107 produkty na \u017cywo, dotkn\u0105\u0107 i sprawdzi\u0107 ich jako\u015b\u0107. Jednocze\u015bnie oferta Empik.com skonstruowana jest tak, aby rodzic m\u00f3g\u0142 kupi\u0107 wszystko w jednym miejscu \u2013 obok przybor\u00f3w szkolnych i plecak\u00f3w, klienci znajd\u0105 na platformie ksi\u0105\u017cki i podr\u0119czniki, elektronik\u0119 \u2013 w tym laptopy czy drukarki oraz ca\u0142e wyposa\u017cenie pokoju ucznia: o\u015bwietlenie, biurka czy krzes\u0142a. To wszystko z szerokim wyborem wygodnych opcji dostawy i p\u0142atno\u015bci.<\/p>\n\n\n\n<p>Co trzeci ankietowany kupi produkty do szko\u0142y wy\u0142\u0105cznie w sklepach stacjonarnych, a co si\u00f3dmy \u2013 tylko na platformach online. Niezale\u017cnie od kana\u0142u zakupu \u2013 online czy offline \u2013 na wyb\u00f3r konkretnego miejsca zakup\u00f3w najwi\u0119kszy wp\u0142yw maj\u0105 trzy czynniki: bogata i zr\u00f3\u017cnicowana oferta produkt\u00f3w, promocje oraz atrakcyjne ceny. W przypadku zakup\u00f3w w Internecie du\u017c\u0105 rol\u0119 odgrywaj\u0105 tak\u017ce wygodne metody p\u0142atno\u015bci (47% wskaza\u0144) oraz czas dostawy (43% wskaza\u0144).<\/p>\n\n\n\n<p class=\"has-text-align-center\"><strong>Zakupy od serca<\/strong><\/p>\n\n\n\n<p>Rodzice, kt\u00f3rzy do 6 wrze\u015bnia odwiedz\u0105 sklepy stacjonarne Empik w poszukiwaniu wyprawki szkolnej, b\u0119d\u0105 mogli do\u0142\u0105czy\u0107 do akcji \u201eZakupy od serca\u201d. W 70 salonach w ca\u0142ej Polsce odbywa si\u0119 zbi\u00f3rka przybor\u00f3w dla potrzebuj\u0105cych dzieci \u2013 podopiecznych Stowarzyszenia SOS Wioski Dzieci\u0119ce. Ponadto, Empik wraz z Capri-Sun i DPD przeka\u017c\u0105 na ten cel 500 gotowych wyprawek. Wi\u0119cej informacji i pe\u0142na lista salon\u00f3w, w kt\u00f3rych zrobimy \u201eZakupy od serca\u201d dost\u0119pne s\u0105 na stronie: Empik.com\/zakupy-od-serca.<\/p>\n\n\n\n<p class=\"has-text-align-right\"><strong>Biuro prasowe Empiku<\/strong><\/p>\n\n\n\n<p>*<em>Badanie SW Research Agencji Bada\u0144 Rynku i Opinii na zlecenie Empiku, przeprowadzone w dniach 5-11.07.2022 r. metod\u0105 CAWI na og\u00f3lnopolskiej grupie 501 respondent\u00f3w \u2013 doros\u0142ych posiadaj\u0105cych dzieci.<\/em><\/p>\n","protected":false},"excerpt":{"rendered":"<p>Jak wynika z najnowszej edycji corocznego badania SW Research* na zlecenie Empiku, a\u017c 80% rodzic\u00f3w spodziewa si\u0119 wyda\u0107 na wyprawk\u0119 szkoln\u0105 wi\u0119cej ni\u017c rok temu \u2013 to wzrost o 18%. Niemal co drugi ankietowany zamierza przeznaczy\u0107 na zakupy do szko\u0142y wi\u0119cej ni\u017c 500 z\u0142. Jednocze\u015bnie 6 na 10 respondent\u00f3w wci\u0105\u017c jest gotowych zap\u0142aci\u0107 wi\u0119cej za [&hellip;]<\/p>\n","protected":false},"author":2,"featured_media":4829,"comment_status":"closed","ping_status":"open","sticky":false,"template":"","format":"standard","meta":{"footnotes":""},"categories":[5],"tags":[],"class_list":["post-4827","post","type-post","status-publish","format-standard","has-post-thumbnail","hentry","category-wiadomosci"],"_links":{"self":[{"href":"https:\/\/fleschmazowsza.com.pl\/index.php?rest_route=\/wp\/v2\/posts\/4827","targetHints":{"allow":["GET"]}}],"collection":[{"href":"https:\/\/fleschmazowsza.com.pl\/index.php?rest_route=\/wp\/v2\/posts"}],"about":[{"href":"https:\/\/fleschmazowsza.com.pl\/index.php?rest_route=\/wp\/v2\/types\/post"}],"author":[{"embeddable":true,"href":"https:\/\/fleschmazowsza.com.pl\/index.php?rest_route=\/wp\/v2\/users\/2"}],"replies":[{"embeddable":true,"href":"https:\/\/fleschmazowsza.com.pl\/index.php?rest_route=%2Fwp%2Fv2%2Fcomments&post=4827"}],"version-history":[{"count":1,"href":"https:\/\/fleschmazowsza.com.pl\/index.php?rest_route=\/wp\/v2\/posts\/4827\/revisions"}],"predecessor-version":[{"id":4830,"href":"https:\/\/fleschmazowsza.com.pl\/index.php?rest_route=\/wp\/v2\/posts\/4827\/revisions\/4830"}],"wp:featuredmedia":[{"embeddable":true,"href":"https:\/\/fleschmazowsza.com.pl\/index.php?rest_route=\/wp\/v2\/media\/4829"}],"wp:attachment":[{"href":"https:\/\/fleschmazowsza.com.pl\/index.php?rest_route=%2Fwp%2Fv2%2Fmedia&parent=4827"}],"wp:term":[{"taxonomy":"category","embeddable":true,"href":"https:\/\/fleschmazowsza.com.pl\/index.php?rest_route=%2Fwp%2Fv2%2Fcategories&post=4827"},{"taxonomy":"post_tag","embeddable":true,"href":"https:\/\/fleschmazowsza.com.pl\/index.php?rest_route=%2Fwp%2Fv2%2Ftags&post=4827"}],"curies":[{"name":"wp","href":"https:\/\/api.w.org\/{rel}","templated":true}]}}