{"id":4821,"date":"2022-08-29T12:13:10","date_gmt":"2022-08-29T11:13:10","guid":{"rendered":"https:\/\/fleschmazowsza.com.pl\/?p=4821"},"modified":"2022-08-29T12:13:11","modified_gmt":"2022-08-29T11:13:11","slug":"glosuj-stacjonarnie-lub-online","status":"publish","type":"post","link":"https:\/\/fleschmazowsza.com.pl\/?p=4821","title":{"rendered":"G\u0142osuj stacjonarnie lub online"},"content":{"rendered":"\n<p><strong>W Milan\u00f3wku trwa g\u0142osowanie na najlepsz\u0105 inwestycj\u0119 bud\u017cetu partycypacyjnego na 2023 rok. Dost\u0119pnych jest dziesi\u0119\u0107 propozycji, z kt\u00f3rych mo\u017cna wybiera\u0107.<\/strong><\/p>\n\n\n\n<p>Kwota przeznaczona w ramach bud\u017cetu obywatelskiego na rok 2023 to 490 tysi\u0119cy z\u0142otych, za\u015b maksymalna warto\u015b\u0107 pojedynczego zadania nie mo\u017ce przekracza\u0107 150 tysi\u0119cy.<\/p>\n\n\n\n<p>Warto zapozna\u0107 si\u0119 z propozycjami inwestycyjnymi naszych s\u0105siad\u00f3w:<\/p>\n\n\n\n<p><strong>1.<\/strong> Aktywnie w Milan\u00f3wku o zmianach klimatu. Budowanie \u015bwiadomo\u015bci do zmiany nawyk\u00f3w na bardziej \u201eproklimatyczne\u201d \u2013 6,5 tys. z\u0142.<\/p>\n\n\n\n<p><strong>2.<\/strong> Modernizacja placu zabaw przy ulicy Ko\u015bcielnej oraz doposa\u017cenie plac\u00f3w zabaw przy SP nr 1 i przy ulicy Przysz\u0142o\u015bci \u2013 ok. 124 tys. z\u0142.<\/p>\n\n\n\n<p><strong>3.<\/strong> \u015awi\u0105teczna iluminacja na skrzy\u017cowaniu ulic Ludnej i W. Polskiego, od strony ul. Ludnej \u2013 6 tys. z\u0142.<\/p>\n\n\n\n<p><strong>4.<\/strong> Odpoczywaj aktywnie \u2014 w zdrowym ciele zdrowy duch. Poprawa infrastruktury s\u0142u\u017c\u0105cej do aktywnego, rodzinnego wypoczynku na \u015bwie\u017cym powietrzu na terenie Szko\u0142y Podstawowej nr 1 w Milan\u00f3wku \u2013 86 tys. z\u0142.<\/p>\n\n\n\n<p><strong>5.<\/strong> Przebudowa i udost\u0119pnienie do powszechnego u\u017cytku placu zabaw przy Szkole Podstawowej nr 2 \u2013 ok. 150 tys. z\u0142.<\/p>\n\n\n\n<p><strong>6.<\/strong> \u015awi\u0105teczne iluminacje na ulicy Ludnej \u2013 Sowy na latarniach \u2013 ok. 30 tys. z\u0142.<\/p>\n\n\n\n<p><strong>7.<\/strong> Kamie\u0144 z tablic\u0105 upami\u0119tniaj\u0105cy kolejk\u0119 EKD Milan\u00f3wku \u2013 ok. 25 tys. z\u0142.<\/p>\n\n\n\n<p><strong>8.<\/strong> Modernizacja placu zabaw przy ul. Dembowskiej 1 \u2013 ok. 60 tys. z\u0142.<\/p>\n\n\n\n<p><strong>9.<\/strong> \u015awi\u0105teczne iluminacje \u2013 3-metrowa wiewi\u00f3rka przy ul. Warszawskiej \u2013 ok. 35 tys. z\u0142.<\/p>\n\n\n\n<p><strong>10.<\/strong> Zakup lekkiego samochodu kwatermistrzowskiego dla OSP Milan\u00f3wek \u2013 ok. 150 tys. z\u0142.<\/p>\n\n\n\n<p>Dok\u0142adny opis ka\u017cdego z przedsi\u0119wzi\u0119\u0107 mo\u017cna przeczyta\u0107 w dokumencie zamieszczonym na stronie internetowej Milan\u00f3wka (www.milanowek.pl). G\u0142osy natomiast mo\u017cna sk\u0142ada\u0107 stacjonarnie w urz\u0119dzie lub internetowo.<\/p>\n\n\n\n<p class=\"has-text-align-right\"><strong>M.Ksit<\/strong><br>Fot.: <em><strong>milanowek.pl<\/strong><\/em><\/p>\n","protected":false},"excerpt":{"rendered":"<p>W Milan\u00f3wku trwa g\u0142osowanie na najlepsz\u0105 inwestycj\u0119 bud\u017cetu partycypacyjnego na 2023 rok. Dost\u0119pnych jest dziesi\u0119\u0107 propozycji, z kt\u00f3rych mo\u017cna wybiera\u0107. Kwota przeznaczona w ramach bud\u017cetu obywatelskiego na rok 2023 to 490 tysi\u0119cy z\u0142otych, za\u015b maksymalna warto\u015b\u0107 pojedynczego zadania nie mo\u017ce przekracza\u0107 150 tysi\u0119cy. Warto zapozna\u0107 si\u0119 z propozycjami inwestycyjnymi naszych s\u0105siad\u00f3w: 1. Aktywnie w Milan\u00f3wku [&hellip;]<\/p>\n","protected":false},"author":2,"featured_media":4822,"comment_status":"closed","ping_status":"open","sticky":false,"template":"","format":"standard","meta":{"footnotes":""},"categories":[5],"tags":[],"class_list":["post-4821","post","type-post","status-publish","format-standard","has-post-thumbnail","hentry","category-wiadomosci"],"_links":{"self":[{"href":"https:\/\/fleschmazowsza.com.pl\/index.php?rest_route=\/wp\/v2\/posts\/4821","targetHints":{"allow":["GET"]}}],"collection":[{"href":"https:\/\/fleschmazowsza.com.pl\/index.php?rest_route=\/wp\/v2\/posts"}],"about":[{"href":"https:\/\/fleschmazowsza.com.pl\/index.php?rest_route=\/wp\/v2\/types\/post"}],"author":[{"embeddable":true,"href":"https:\/\/fleschmazowsza.com.pl\/index.php?rest_route=\/wp\/v2\/users\/2"}],"replies":[{"embeddable":true,"href":"https:\/\/fleschmazowsza.com.pl\/index.php?rest_route=%2Fwp%2Fv2%2Fcomments&post=4821"}],"version-history":[{"count":1,"href":"https:\/\/fleschmazowsza.com.pl\/index.php?rest_route=\/wp\/v2\/posts\/4821\/revisions"}],"predecessor-version":[{"id":4823,"href":"https:\/\/fleschmazowsza.com.pl\/index.php?rest_route=\/wp\/v2\/posts\/4821\/revisions\/4823"}],"wp:featuredmedia":[{"embeddable":true,"href":"https:\/\/fleschmazowsza.com.pl\/index.php?rest_route=\/wp\/v2\/media\/4822"}],"wp:attachment":[{"href":"https:\/\/fleschmazowsza.com.pl\/index.php?rest_route=%2Fwp%2Fv2%2Fmedia&parent=4821"}],"wp:term":[{"taxonomy":"category","embeddable":true,"href":"https:\/\/fleschmazowsza.com.pl\/index.php?rest_route=%2Fwp%2Fv2%2Fcategories&post=4821"},{"taxonomy":"post_tag","embeddable":true,"href":"https:\/\/fleschmazowsza.com.pl\/index.php?rest_route=%2Fwp%2Fv2%2Ftags&post=4821"}],"curies":[{"name":"wp","href":"https:\/\/api.w.org\/{rel}","templated":true}]}}