{"id":4817,"date":"2022-08-29T12:10:19","date_gmt":"2022-08-29T11:10:19","guid":{"rendered":"https:\/\/fleschmazowsza.com.pl\/?p=4817"},"modified":"2022-08-29T12:10:21","modified_gmt":"2022-08-29T11:10:21","slug":"kandydaci-do-sluzby-w-6mbot-juz-na-poligonie","status":"publish","type":"post","link":"https:\/\/fleschmazowsza.com.pl\/?p=4817","title":{"rendered":"Kandydaci do s\u0142u\u017cby w 6MBOT ju\u017c na poligonie\u00a0"},"content":{"rendered":"\n<p><strong>To najwi\u0119ksze tegoroczne wcielenie do Wojsk Obrony Terytorialnej w naszym regionie. W sobot\u0119 blisko 140 \u017co\u0142nierzy do\u0142\u0105czy\u0142o do 6 Mazowieckiej Brygady Obrony Terytorialnej.<\/strong><\/p>\n\n\n\n<p>13 sierpnia odby\u0142o si\u0119 najliczniejsze w tym roku powo\u0142anie do terytorialnej s\u0142u\u017cby wojskowej w 6MBOT. Kandydat\u00f3w jest prawie dwukrotnie wi\u0119cej ni\u017c podczas poprzednich edycji szkole\u0144 podstawowych.<\/p>\n\n\n\n<p>Pierwszy dzie\u0144 szkolenia \u017co\u0142nierze sp\u0119dzili na terenie 62 Batalionu Lekkiej Piechoty w Radomiu, gdzie otrzymali niezb\u0119dny ekwipunek oraz przeszli szereg szkole\u0144. Nast\u0119pnie ruszyli do podwarszawskiej jednostki, gdzie b\u0119d\u0105 nabywa\u0107 i doskonali\u0107 umiej\u0119tno\u015bci taktyczne i strzeleckie. Najwi\u0119kszy nacisk podczas szkolenia po\u0142o\u017cony b\u0119dzie na nauk\u0119 praktycznych umiej\u0119tno\u015bci pos\u0142ugiwania si\u0119 broni\u0105, zasad zachowania na polu walki oraz przetrwania. Wa\u017cnymi elementami b\u0119d\u0105 r\u00f3wnie\u017c pomoc przedmedyczna czy topografia.&nbsp;&nbsp;<\/p>\n\n\n\n<p class=\"has-text-align-center\"><strong>Wakacje z WOT<\/strong><\/p>\n\n\n\n<p>Z projektu Wakacje z WOT&#8221; skorzystali g\u0142\u00f3wne m\u0142odzi ludzie \u2013 uczniowie i studenci, ale nie tylko. Nie brakuje r\u00f3wnie\u017c tych, kt\u00f3rzy \u0142\u0105cz\u0105 s\u0142u\u017cb\u0119 z prac\u0105. Najm\u0142odsi maj\u0105 po 18 lat, najstarsza kobieta 48 lat, natomiast m\u0119\u017cczyzna 51 lat.<\/p>\n\n\n\n<p>Przyszli \u017co\u0142nierze reprezentuj\u0105 r\u00f3\u017cne \u015brodowiska, a \u017cyciu cywilnym zajmuj\u0105 si\u0119 r\u00f3\u017cnymi dziedzinami. W\u015br\u00f3d nowo wcielonych znalaz\u0142o si\u0119 m.in.: kilku nauczycieli, dy\u017curny ruchu kolejowego, prezes zarz\u0105du aptekarzy czy emerytowany oficer policji. Sport to wa\u017cny aspekt s\u0142u\u017cby w Wojsku Polskim, a w szeregi WOT niebawem zostan\u0105 w\u0142\u0105czeni wielokrotny mistrz Polski i wicemistrz \u015bwiata w brazylijskim jiu-jitsu, tegoroczny medalista Mistrzostw Polski w podnoszeniu ci\u0119\u017car\u00f3w oraz wicemistrz Polski w kulturystyce.<\/p>\n\n\n\n<p class=\"has-text-align-center\"><strong>Rodziny w mundurach<\/strong><\/p>\n\n\n\n<p>Rodzina i wojsko, to dwie coraz cz\u0119\u015bciej przeplataj\u0105ce si\u0119 strefy. W szeregach 6 Mazowieckiej Brygady Obrony Terytorialnej, coraz cz\u0119\u015bciej widoczna jest ta tendencja. W\u015br\u00f3d odbywaj\u0105cych obecnie szkolenie podstawowe \u017co\u0142nierzy jest ma\u0142\u017ce\u0144stwo oraz matka z c\u00f3rk\u0105.<\/p>\n\n\n\n<p>Po o\u015bmiu dniach do ochotnik\u00f3w do\u0142\u0105cz\u0105 rezerwi\u015bci, kt\u00f3rzy przysi\u0119g\u0119 wojskow\u0105 maj\u0105 ju\u017c za sob\u0105, a na poligonie b\u0119d\u0105 doskonali\u0107 swoje wojskowe rzemios\u0142o, by wr\u00f3ci\u0107 do czynnej s\u0142u\u017cby.<\/p>\n\n\n\n<p>Szkolenie podstawowe i wyr\u00f3wnawcze zako\u0144czy si\u0119 zaplanowan\u0105 na 27 sierpnia uroczyst\u0105 przysi\u0119g\u0105 wojskow\u0105 w Nowym Mie\u015bcie nad Pilic\u0105.&nbsp;&nbsp;<\/p>\n\n\n\n<p class=\"has-text-align-center\"><strong>Do\u0142\u0105cz do nas!&nbsp;<\/strong><\/p>\n\n\n\n<p>6 Mazowiecka Brygada OT w tym roku organizuje jeszcze dwa szkolenia podstawowe dla os\u00f3b, kt\u00f3re nie maj\u0105 wojskowego do\u015bwiadczenia, w termiach: 8-9.10.2022 r. (w systemie weekendowym), 19.11 &#8211; 4.12.2022 r.&nbsp;<\/p>\n\n\n\n<p>Zainteresowani mog\u0105 skorzysta\u0107 z kilku sposob\u00f3w rekrutacji. Jednym z nich jest kontakt z rekruterem ze swojego powiatu, poprzez stron\u0119 www.rekruterzy.terytorialsi.wp.mil.pl. Mo\u017cna tak\u017ce skorzysta\u0107 z infolinii rekrutacyjnej WOT dzwoni\u0105c pod numer 800-696-077 lub platformy e-PUAP. Z my\u015bl\u0105 o kandydatach zosta\u0142a utworzona r\u00f3wnie\u017c strona internetowa po\u015bwi\u0119cona rekrutacji www.zostanzolnierzem.pl&nbsp;<\/p>\n\n\n\n<p class=\"has-text-align-right\"><strong>Weronika CHOCHO\u0141<\/strong><br><em><strong>6 MAZOWIECKA BRYGADA<br>OBRONY TERYTORIALNEJ&nbsp;<\/strong><\/em><\/p>\n","protected":false},"excerpt":{"rendered":"<p>To najwi\u0119ksze tegoroczne wcielenie do Wojsk Obrony Terytorialnej w naszym regionie. W sobot\u0119 blisko 140 \u017co\u0142nierzy do\u0142\u0105czy\u0142o do 6 Mazowieckiej Brygady Obrony Terytorialnej. 13 sierpnia odby\u0142o si\u0119 najliczniejsze w tym roku powo\u0142anie do terytorialnej s\u0142u\u017cby wojskowej w 6MBOT. Kandydat\u00f3w jest prawie dwukrotnie wi\u0119cej ni\u017c podczas poprzednich edycji szkole\u0144 podstawowych. Pierwszy dzie\u0144 szkolenia \u017co\u0142nierze sp\u0119dzili na [&hellip;]<\/p>\n","protected":false},"author":2,"featured_media":4818,"comment_status":"closed","ping_status":"open","sticky":false,"template":"","format":"standard","meta":{"footnotes":""},"categories":[8],"tags":[],"class_list":["post-4817","post","type-post","status-publish","format-standard","has-post-thumbnail","hentry","category-roznosci"],"_links":{"self":[{"href":"https:\/\/fleschmazowsza.com.pl\/index.php?rest_route=\/wp\/v2\/posts\/4817","targetHints":{"allow":["GET"]}}],"collection":[{"href":"https:\/\/fleschmazowsza.com.pl\/index.php?rest_route=\/wp\/v2\/posts"}],"about":[{"href":"https:\/\/fleschmazowsza.com.pl\/index.php?rest_route=\/wp\/v2\/types\/post"}],"author":[{"embeddable":true,"href":"https:\/\/fleschmazowsza.com.pl\/index.php?rest_route=\/wp\/v2\/users\/2"}],"replies":[{"embeddable":true,"href":"https:\/\/fleschmazowsza.com.pl\/index.php?rest_route=%2Fwp%2Fv2%2Fcomments&post=4817"}],"version-history":[{"count":2,"href":"https:\/\/fleschmazowsza.com.pl\/index.php?rest_route=\/wp\/v2\/posts\/4817\/revisions"}],"predecessor-version":[{"id":4820,"href":"https:\/\/fleschmazowsza.com.pl\/index.php?rest_route=\/wp\/v2\/posts\/4817\/revisions\/4820"}],"wp:featuredmedia":[{"embeddable":true,"href":"https:\/\/fleschmazowsza.com.pl\/index.php?rest_route=\/wp\/v2\/media\/4818"}],"wp:attachment":[{"href":"https:\/\/fleschmazowsza.com.pl\/index.php?rest_route=%2Fwp%2Fv2%2Fmedia&parent=4817"}],"wp:term":[{"taxonomy":"category","embeddable":true,"href":"https:\/\/fleschmazowsza.com.pl\/index.php?rest_route=%2Fwp%2Fv2%2Fcategories&post=4817"},{"taxonomy":"post_tag","embeddable":true,"href":"https:\/\/fleschmazowsza.com.pl\/index.php?rest_route=%2Fwp%2Fv2%2Ftags&post=4817"}],"curies":[{"name":"wp","href":"https:\/\/api.w.org\/{rel}","templated":true}]}}