{"id":4782,"date":"2022-07-08T12:31:49","date_gmt":"2022-07-08T11:31:49","guid":{"rendered":"https:\/\/fleschmazowsza.com.pl\/?p=4782"},"modified":"2022-07-08T12:32:14","modified_gmt":"2022-07-08T11:32:14","slug":"to-juz-4-lata-szkolen-terytorialsow","status":"publish","type":"post","link":"https:\/\/fleschmazowsza.com.pl\/?p=4782","title":{"rendered":"To ju\u017c 4 lata szkole\u0144 terytorials\u00f3w"},"content":{"rendered":"\n<p><strong>Dziesi\u0105tki pokonanych kilometr\u00f3w marszem kondycyjnym, setki wystrzelonych pocisk\u00f3w, noce sp\u0119dzone pod go\u0142ym niebem i ogromne pok\u0142ady przekazanej wiedzy&#8230; za nami cztery lata szkole\u0144 rotacyjnych \u017co\u0142nierzy 61 Batalionu Lekkiej Piechoty z Gr\u00f3jca.<\/strong><\/p>\n\n\n\n<p>Szkolenia rotacyjne s\u0105 podstawowym rodzajem szkole\u0144 w jakich uczestnicz\u0105 cyklicznie \u017co\u0142nierze WOT. Zgrupowania odbywaj\u0105 si\u0119 raz w miesi\u0105cu i trwaj\u0105 dwa dni. Przepustk\u0105 dla ka\u017cdego ochotnika do rozpocz\u0119cia tego cyklu szkoleniowego jest uko\u0144czenie z wynikiem pozytywnym szkolenia podstawowego (16 dni) lub wyr\u00f3wnawczego (8 dni).<\/p>\n\n\n\n<p class=\"has-text-align-center\"><strong>Mamy swoje SRO \u00a0<\/strong><\/p>\n\n\n\n<p>Ju\u017c od czterech lat 61 Batalion Lekkiej Piechoty przyjmuje w swe szeregi \u017co\u0142nierzy OT. Pierwsze szkolenie podstawowe rozpocz\u0119\u0142o si\u0119 w kwietniu 2018 roku, za\u015b po raz pierwszy na szkoleniu rotacyjnym \u017co\u0142nierze spotkali si\u0119 w maju tego samego roku. Od tamtej pory systematycznie doskonal\u0105 i podnosz\u0105 swoje rzemios\u0142o wojskowe.<\/p>\n\n\n\n<p>Pierwotnie w szeregach gr\u00f3jeckiej jednostki s\u0142u\u017cyli \u017co\u0142nierze z ca\u0142ego po\u0142udniowego Mazowsza. Z czasem, gdy powsta\u0142y kolejne bataliony wchodz\u0105ce w sk\u0142ad 6 Mazowieckiej Brygady Obrony Terytorialnej, terytorialno\u015b\u0107 zosta\u0142a podzielona, a w rejon odpowiedzialno\u015bci 61 blp wesz\u0142y powiaty: garwoli\u0144ski, gr\u00f3jecki, otwocki, piaseczy\u0144ski oraz dzielnice Warszawy &#8211; Wilan\u00f3w, Ursyn\u00f3w, Mokot\u00f3w. Od 2021 roku dodatkowo powiaty \u2013 grodziski, piaseczy\u0144ski oraz \u017cyrardowski.<\/p>\n\n\n\n<p class=\"has-text-align-center\"><strong>Szkolimy si\u0119 na w\u0142asnym terenie\u00a0<\/strong><\/p>\n\n\n\n<p>Si\u0142\u0105 i atutem \u017co\u0142nierzy WOT jest bardzo dobra znajomo\u015b\u0107 terenu, kt\u00f3ry maj\u0105 wspiera\u0107 i broni\u0107 na wypadek wojny. To tereny, z kt\u00f3rych terytorialsi pochodz\u0105, gdzie mieszkaj\u0105 i pracuj\u0105, ale tak\u017ce to tu si\u0119 regularnie szkol\u0105. W minionych miesi\u0105cach wielokrotnie realizowano szkolenia poza terenami wojskowymi m.in. w gminach Gr\u00f3jec, G\u00f3ra Kalwaria, Garwolin, Pilawa, Grodzisk Mazowiecki.<\/p>\n\n\n\n<p>W obliczu zagro\u017cenia zewn\u0119trznego mo\u017ce to by\u0107 element, kt\u00f3ry da si\u0142om w\u0142asnym przewag\u0119 i element zaskoczenia potencjalnego przeciwnika. St\u0105d tak wa\u017cne s\u0105 \u0107wiczenia w sta\u0142ym rejonie odpowiedzialno\u015bci.<\/p>\n\n\n\n<p class=\"has-text-align-center\"><strong>Rozwijamy si\u0119!<\/strong><\/p>\n\n\n\n<p>Wielu \u017co\u0142nierzy 61 blp rozwin\u0119\u0142o swoje kompetencje, a nawet kariery w strukturach Wojska Polskiego. W 2021 roku a\u017c 9 \u017co\u0142nierzy OT uko\u0144czy\u0142o kurs oficerski z pozytywnym wynikiem, kolejnych kilkudziesi\u0119ciu otrzyma\u0142o stopnie podoficerskie. W ubieg\u0142ych latach, w ramach podnoszenia swoich kwalifikacji zawodowych, \u017co\u0142nierze brali udzia\u0142 w licznych kursach i szkoleniach. Uko\u0144czyli m. in. kursy: sternika motorowodnego, p\u0142etwonurka, operatora sprz\u0119tu in\u017cynieryjnego, obs\u0142ugi \u0142odzi saperskich, kwalifikowanej pierwszej pomocy, dzia\u0142a\u0144 niekonwencjonalnych, obs\u0142ugi broni \u2013 jawelin, mo\u017adzierza, karabinu maszynowego oraz kursy szkoleniowo \u2013 metodyczne prowadzone przez by\u0142ych \u017co\u0142nierzy wojsk specjalnych na przysz\u0142ych instruktor\u00f3w.<\/p>\n\n\n\n<p class=\"has-text-align-right\"><strong>Marlena Ros\u0142aniec<\/strong><br><strong><em>6<\/em> <em>MAZOWIECKA BRYGADA<br>OBRONY TERYTORIALNEJ<\/em><\/strong><\/p>\n","protected":false},"excerpt":{"rendered":"<p>Dziesi\u0105tki pokonanych kilometr\u00f3w marszem kondycyjnym, setki wystrzelonych pocisk\u00f3w, noce sp\u0119dzone pod go\u0142ym niebem i ogromne pok\u0142ady przekazanej wiedzy&#8230; za nami cztery lata szkole\u0144 rotacyjnych \u017co\u0142nierzy 61 Batalionu Lekkiej Piechoty z Gr\u00f3jca. Szkolenia rotacyjne s\u0105 podstawowym rodzajem szkole\u0144 w jakich uczestnicz\u0105 cyklicznie \u017co\u0142nierze WOT. Zgrupowania odbywaj\u0105 si\u0119 raz w miesi\u0105cu i trwaj\u0105 dwa dni. Przepustk\u0105 dla [&hellip;]<\/p>\n","protected":false},"author":2,"featured_media":4783,"comment_status":"closed","ping_status":"open","sticky":false,"template":"","format":"standard","meta":{"footnotes":""},"categories":[8],"tags":[],"class_list":["post-4782","post","type-post","status-publish","format-standard","has-post-thumbnail","hentry","category-roznosci"],"_links":{"self":[{"href":"https:\/\/fleschmazowsza.com.pl\/index.php?rest_route=\/wp\/v2\/posts\/4782","targetHints":{"allow":["GET"]}}],"collection":[{"href":"https:\/\/fleschmazowsza.com.pl\/index.php?rest_route=\/wp\/v2\/posts"}],"about":[{"href":"https:\/\/fleschmazowsza.com.pl\/index.php?rest_route=\/wp\/v2\/types\/post"}],"author":[{"embeddable":true,"href":"https:\/\/fleschmazowsza.com.pl\/index.php?rest_route=\/wp\/v2\/users\/2"}],"replies":[{"embeddable":true,"href":"https:\/\/fleschmazowsza.com.pl\/index.php?rest_route=%2Fwp%2Fv2%2Fcomments&post=4782"}],"version-history":[{"count":2,"href":"https:\/\/fleschmazowsza.com.pl\/index.php?rest_route=\/wp\/v2\/posts\/4782\/revisions"}],"predecessor-version":[{"id":4786,"href":"https:\/\/fleschmazowsza.com.pl\/index.php?rest_route=\/wp\/v2\/posts\/4782\/revisions\/4786"}],"wp:featuredmedia":[{"embeddable":true,"href":"https:\/\/fleschmazowsza.com.pl\/index.php?rest_route=\/wp\/v2\/media\/4783"}],"wp:attachment":[{"href":"https:\/\/fleschmazowsza.com.pl\/index.php?rest_route=%2Fwp%2Fv2%2Fmedia&parent=4782"}],"wp:term":[{"taxonomy":"category","embeddable":true,"href":"https:\/\/fleschmazowsza.com.pl\/index.php?rest_route=%2Fwp%2Fv2%2Fcategories&post=4782"},{"taxonomy":"post_tag","embeddable":true,"href":"https:\/\/fleschmazowsza.com.pl\/index.php?rest_route=%2Fwp%2Fv2%2Ftags&post=4782"}],"curies":[{"name":"wp","href":"https:\/\/api.w.org\/{rel}","templated":true}]}}