{"id":4779,"date":"2022-07-08T12:32:33","date_gmt":"2022-07-08T11:32:33","guid":{"rendered":"https:\/\/fleschmazowsza.com.pl\/?p=4779"},"modified":"2022-07-08T12:32:34","modified_gmt":"2022-07-08T11:32:34","slug":"dwa-promile-i-dwojka-dzieci-na-pokladzie-samochodu","status":"publish","type":"post","link":"https:\/\/fleschmazowsza.com.pl\/?p=4779","title":{"rendered":"Dwa promile i dw\u00f3jka dzieci na pok\u0142adzie samochodu"},"content":{"rendered":"\n<p><strong>W szczycie lata i upa\u0142\u00f3w, kt\u00f3re nap\u0142yn\u0119\u0142y do Polski, policjanci z grodziskiej komendy w ci\u0105gu tygodnia zatrzymali dziewi\u0119ciu nietrze\u017awych kierowc\u00f3w. Jeden z przypadk\u00f3w jest szczeg\u00f3lnie istotny i godny napi\u0119tnowania, dlatego, \u017ce 42-latek, maj\u0105c dwa promile alkoholu we krwi przewozi\u0142 dwoje dzieci w wieku 6 oraz 13 lat.<\/strong><\/p>\n\n\n\n<p>Co wi\u0119cej, m\u0119\u017cczyzna mia\u0142 w tym czasie przez okres jeszcze dw\u00f3ch lat zakaz prowadzenia pojazd\u00f3w wydany przez S\u0105d Rejonowy w Skierniewicach. \u2013 Kierowca po wytrze\u017awieniu odpowie karnie za prowadzenie pojazdu w stanie nietrze\u017awo\u015bci. Policjanci skieruj\u0105 r\u00f3wnie\u017c wniosek do s\u0105du o sprawdzenie sytuacji opieku\u0144czej dzieci, kt\u00f3re by\u0142y jego pasa\u017cerami \u2013 poinformowa\u0142a asp. sztab. Katarzyna Zych, rzecznik prasowy Komendy Powiatowej Policji w Grodzisku Mazowieckim.<\/p>\n\n\n\n<p>Dw\u00f3ch innych kierowc\u00f3w prowadz\u0105cych pojazdy pod wp\u0142ywem alkoholu doprowadzi\u0142o do kolizji, a dwaj kolejni proponowali policjantom \u0142ap\u00f3wki w zamian za puszczenie ich bezkarnie. \u2013 Dw\u00f3ch z nich spowodowa\u0142o kolizje drogowe. Kolejnych dw\u00f3ch pr\u00f3bowa\u0142o ukry\u0107 swoj\u0105 win\u0119, proponuj\u0105c policjantom pieni\u0105dze za odst\u0105pienie od czynno\u015bci prawnych. Przez takie zachowanie narazili si\u0119 na odpowiedzialno\u015b\u0107 za dwa oddzielne przest\u0119pstwa \u2013 podkre\u015bla rzeczniczka grodziskiej policji.<\/p>\n\n\n\n<p>Policjanci w obliczu tych zdarze\u0144 po raz kolejny apeluj\u0105 o rozs\u0105dek i zwracaj\u0105 uwag\u0119 na tragiczne skutki decyzji prowadzenia pojazdu pod wp\u0142ywem alkoholu.<\/p>\n\n\n\n<p class=\"has-text-align-right\"><strong>MK<\/strong>, Fot.: <em><strong>Pixabay<\/strong><\/em><\/p>\n","protected":false},"excerpt":{"rendered":"<p>W szczycie lata i upa\u0142\u00f3w, kt\u00f3re nap\u0142yn\u0119\u0142y do Polski, policjanci z grodziskiej komendy w ci\u0105gu tygodnia zatrzymali dziewi\u0119ciu nietrze\u017awych kierowc\u00f3w. Jeden z przypadk\u00f3w jest szczeg\u00f3lnie istotny i godny napi\u0119tnowania, dlatego, \u017ce 42-latek, maj\u0105c dwa promile alkoholu we krwi przewozi\u0142 dwoje dzieci w wieku 6 oraz 13 lat. Co wi\u0119cej, m\u0119\u017cczyzna mia\u0142 w tym czasie przez [&hellip;]<\/p>\n","protected":false},"author":2,"featured_media":4780,"comment_status":"closed","ping_status":"open","sticky":false,"template":"","format":"standard","meta":{"footnotes":""},"categories":[5],"tags":[],"class_list":["post-4779","post","type-post","status-publish","format-standard","has-post-thumbnail","hentry","category-wiadomosci"],"_links":{"self":[{"href":"https:\/\/fleschmazowsza.com.pl\/index.php?rest_route=\/wp\/v2\/posts\/4779","targetHints":{"allow":["GET"]}}],"collection":[{"href":"https:\/\/fleschmazowsza.com.pl\/index.php?rest_route=\/wp\/v2\/posts"}],"about":[{"href":"https:\/\/fleschmazowsza.com.pl\/index.php?rest_route=\/wp\/v2\/types\/post"}],"author":[{"embeddable":true,"href":"https:\/\/fleschmazowsza.com.pl\/index.php?rest_route=\/wp\/v2\/users\/2"}],"replies":[{"embeddable":true,"href":"https:\/\/fleschmazowsza.com.pl\/index.php?rest_route=%2Fwp%2Fv2%2Fcomments&post=4779"}],"version-history":[{"count":1,"href":"https:\/\/fleschmazowsza.com.pl\/index.php?rest_route=\/wp\/v2\/posts\/4779\/revisions"}],"predecessor-version":[{"id":4781,"href":"https:\/\/fleschmazowsza.com.pl\/index.php?rest_route=\/wp\/v2\/posts\/4779\/revisions\/4781"}],"wp:featuredmedia":[{"embeddable":true,"href":"https:\/\/fleschmazowsza.com.pl\/index.php?rest_route=\/wp\/v2\/media\/4780"}],"wp:attachment":[{"href":"https:\/\/fleschmazowsza.com.pl\/index.php?rest_route=%2Fwp%2Fv2%2Fmedia&parent=4779"}],"wp:term":[{"taxonomy":"category","embeddable":true,"href":"https:\/\/fleschmazowsza.com.pl\/index.php?rest_route=%2Fwp%2Fv2%2Fcategories&post=4779"},{"taxonomy":"post_tag","embeddable":true,"href":"https:\/\/fleschmazowsza.com.pl\/index.php?rest_route=%2Fwp%2Fv2%2Ftags&post=4779"}],"curies":[{"name":"wp","href":"https:\/\/api.w.org\/{rel}","templated":true}]}}