{"id":4771,"date":"2022-06-22T12:59:04","date_gmt":"2022-06-22T11:59:04","guid":{"rendered":"https:\/\/fleschmazowsza.com.pl\/?p=4771"},"modified":"2022-06-22T12:59:06","modified_gmt":"2022-06-22T11:59:06","slug":"scena-letnia-w-brwinowie-powraca","status":"publish","type":"post","link":"https:\/\/fleschmazowsza.com.pl\/?p=4771","title":{"rendered":"Scena Letnia w Brwinowie powraca"},"content":{"rendered":"\n<p><strong>Stowarzyszenie Teatr na Pustej Pod\u0142odze zaprasza najm\u0142odszych w kolejne niedziele o godz. 17 \u2013 ju\u017c od 26 czerwca \u2013 na niedzielne przedstawienia teatr\u00f3w lalkowych na targowisku w Brwinowie.<\/strong><\/p>\n\n\n\n<p>Wakacyjna Scena Letnia dla Dzieci im. Jadwigi Warnk\u00f3wny zadebiutowa\u0142a w ubieg\u0142ym roku. Goszcz\u0105ce w Brwinowie spektakle teatr\u00f3w lalkowych zyska\u0142y ju\u017c w\u00f3wczas swoj\u0105 wiern\u0105 widowni\u0119, wi\u0119c Stowarzyszenie na Pustej Pod\u0142odze postanowi\u0142o kontynuowa\u0107 projekt polegaj\u0105cy na prezentacji przedstawie\u0144 wraz z towarzysz\u0105cymi im spotkaniami z tw\u00f3rcami teatru oraz warsztatami o charakterze edukacyjnym.<\/p>\n\n\n\n<p>Zmodernizowane targowisko miejskie t\u0119tni \u017cyciem w dni robocze, a w targow\u0105 sobot\u0119 jest wype\u0142nione sprzedaj\u0105cymi i kupuj\u0105cymi, ale w niedzielne popo\u0142udnia b\u0119dzie zmienia\u0107 si\u0119 w scen\u0119 teatraln\u0105 \u2013 a w tym roku dodatkowo w plenerow\u0105 sal\u0119 kinow\u0105.<\/p>\n\n\n\n<p>\u2013Teatr w swojej d\u0142ugiej historii niejednokrotnie obiera\u0142 plac targowy w centrum miasta dla swoich prezentacji \u2013 zaznacza prezes Waldemar Matuszewski. Odwo\u0142aniem do tradycji i historii jest te\u017c posta\u0107 Jadwigi Warnk\u00f3wny, kt\u00f3rej imi\u0119 nosi Scena Letniej dla Dzieci. \u017byj\u0105ca na prze\u0142omie XIX i XX w. Warnk\u00f3wna by\u0142a nauczycielk\u0105, autork\u0105 podr\u0119cznik\u00f3w, bajek i piosenek dla najm\u0142odszych. Pochodzi\u0142a z Wielkopolski, ale po sprowadzeniu si\u0119 do Brwinowa, a\u017c do swojej \u015bmierci w 1934 r. da\u0142a si\u0119 pozna\u0107 jako zaanga\u017cowana spo\u0142eczniczka i wieloletnia prezeska tutejszego Ko\u0142a Polek.<\/p>\n\n\n\n<p>Gmina Brwin\u00f3w wspiera dzisiejszych spo\u0142ecznik\u00f3w m.in. poprzez dotacje przyznawane w ramach wspierania dzia\u0142alno\u015bci po\u017cytku publicznego. Stowarzyszenie Teatr na Pustej Pod\u0142odze mog\u0142o dzi\u0119ki temu rozszerzy\u0107 dzia\u0142alno\u015b\u0107 i zaplanowa\u0107 repertuar na kolejne tygodnie pod koniec czerwca i przez ca\u0142y lipiec. Bezp\u0142atne spektakle przeznaczone dla najm\u0142odszych to:<\/p>\n\n\n\n<p>26 czerwca \u201eTrzy \u015bwinki\u201d, na podstawie bajki braci Grimm, Teatr NEMNO Henryka Hryniewickiego;<\/p>\n\n\n\n<p>3 lipca \u201eBa\u015b\u0144 o rycerzu bez konia\u201d, Teatr Barnaby Marcina Marca;<\/p>\n\n\n\n<p>10 lipca \u201eTobi Show\u201d, Teatr Cichy Tobiasza Cicho\u0144skiego;<\/p>\n\n\n\n<p>17 lipca \u201eO Stachu i strachu&#8221;, Teatr Akademia Wyobra\u017ani Paw\u0142a Pawlika;<\/p>\n\n\n\n<p>24 lipca \u201eNoe&#8221;, Walny Teatr Adama Walnego;<\/p>\n\n\n\n<p>31 lipca \u201eZupka z blaszanego kubka\u201d, Teatr Uszyty Katarzyny i Andrzeja Kopczyk\u00f3w.<\/p>\n\n\n\n<p>Wszystkie spektakle dla dzieci rozpoczyna\u0107 si\u0119 b\u0119d\u0105 o godz. 17. Wst\u0119p wolny.<\/p>\n\n\n\n<p>Dodatkow\u0105 atrakcj\u0105 w tym roku b\u0119dzie Kino Letnie \u2013 pokazy film\u00f3w dokumentalnych opowiadaj\u0105cych o historii Brwinowa i zwi\u0105zanych z nim postaciach. Odbywa\u0107 si\u0119 one b\u0119d\u0105 tak\u017ce w niedziele i tak\u017ce na targowisku miejskim \u2013 o godz. 19.30. Pierwszym seansem inauguruj\u0105cym Kino Letnie 26 czerwca b\u0119dzie \u201eWac\u0142aw Kowalski. Mieszkaniec Brwinowa\u201d. W niedziel\u0119 3 lipca zobaczy\u0107 b\u0119dzie mo\u017cna film \u201eStefan Kiedrzy\u0144ski, artysta zapomniany\u201d. Szczeg\u00f3\u0142owe informacje i plan dalszych seans\u00f3w \u2013 na plakacie.<\/p>\n\n\n\n<p class=\"has-text-align-right\">Tekst i foto: <strong>U.G. Brwin\u00f3w<\/strong><\/p>\n","protected":false},"excerpt":{"rendered":"<p>Stowarzyszenie Teatr na Pustej Pod\u0142odze zaprasza najm\u0142odszych w kolejne niedziele o godz. 17 \u2013 ju\u017c od 26 czerwca \u2013 na niedzielne przedstawienia teatr\u00f3w lalkowych na targowisku w Brwinowie. Wakacyjna Scena Letnia dla Dzieci im. Jadwigi Warnk\u00f3wny zadebiutowa\u0142a w ubieg\u0142ym roku. Goszcz\u0105ce w Brwinowie spektakle teatr\u00f3w lalkowych zyska\u0142y ju\u017c w\u00f3wczas swoj\u0105 wiern\u0105 widowni\u0119, wi\u0119c Stowarzyszenie na [&hellip;]<\/p>\n","protected":false},"author":2,"featured_media":4774,"comment_status":"closed","ping_status":"open","sticky":false,"template":"","format":"standard","meta":{"footnotes":""},"categories":[6],"tags":[],"class_list":["post-4771","post","type-post","status-publish","format-standard","has-post-thumbnail","hentry","category-kultura"],"_links":{"self":[{"href":"https:\/\/fleschmazowsza.com.pl\/index.php?rest_route=\/wp\/v2\/posts\/4771","targetHints":{"allow":["GET"]}}],"collection":[{"href":"https:\/\/fleschmazowsza.com.pl\/index.php?rest_route=\/wp\/v2\/posts"}],"about":[{"href":"https:\/\/fleschmazowsza.com.pl\/index.php?rest_route=\/wp\/v2\/types\/post"}],"author":[{"embeddable":true,"href":"https:\/\/fleschmazowsza.com.pl\/index.php?rest_route=\/wp\/v2\/users\/2"}],"replies":[{"embeddable":true,"href":"https:\/\/fleschmazowsza.com.pl\/index.php?rest_route=%2Fwp%2Fv2%2Fcomments&post=4771"}],"version-history":[{"count":1,"href":"https:\/\/fleschmazowsza.com.pl\/index.php?rest_route=\/wp\/v2\/posts\/4771\/revisions"}],"predecessor-version":[{"id":4773,"href":"https:\/\/fleschmazowsza.com.pl\/index.php?rest_route=\/wp\/v2\/posts\/4771\/revisions\/4773"}],"wp:featuredmedia":[{"embeddable":true,"href":"https:\/\/fleschmazowsza.com.pl\/index.php?rest_route=\/wp\/v2\/media\/4774"}],"wp:attachment":[{"href":"https:\/\/fleschmazowsza.com.pl\/index.php?rest_route=%2Fwp%2Fv2%2Fmedia&parent=4771"}],"wp:term":[{"taxonomy":"category","embeddable":true,"href":"https:\/\/fleschmazowsza.com.pl\/index.php?rest_route=%2Fwp%2Fv2%2Fcategories&post=4771"},{"taxonomy":"post_tag","embeddable":true,"href":"https:\/\/fleschmazowsza.com.pl\/index.php?rest_route=%2Fwp%2Fv2%2Ftags&post=4771"}],"curies":[{"name":"wp","href":"https:\/\/api.w.org\/{rel}","templated":true}]}}