{"id":4768,"date":"2022-06-22T12:56:43","date_gmt":"2022-06-22T11:56:43","guid":{"rendered":"https:\/\/fleschmazowsza.com.pl\/?p=4768"},"modified":"2022-06-22T12:56:44","modified_gmt":"2022-06-22T11:56:44","slug":"wakacje-z-wot-czas-zaczac","status":"publish","type":"post","link":"https:\/\/fleschmazowsza.com.pl\/?p=4768","title":{"rendered":"Wakacje z WOT czas zacz\u0105\u0107"},"content":{"rendered":"\n<p><strong>Pozosta\u0142o ju\u017c tylko kilka dni do rozpocz\u0119cia wyczekiwanych przez uczni\u00f3w i student\u00f3w wakacji. Jak je zaplanowa\u0107, \u017ceby po\u0142\u0105czy\u0107 przyjemne z po\u017cytecznym i na dodatek nie p\u0142aci\u0107, a wzi\u0105\u0107 wynagrodzenie? 6 Mazowiecka Brygada Obrony Terytorialnej proponuje szesnastodniowe przeszkolenie wojskowe \u2013 \u201eWakacje z WOT&#8221;. Z\u0142\u00f3\u017c dokumenty ju\u017c dzi\u015b, \u017ceby zd\u0105\u017cy\u0107 z procedur\u0105! Wakacyjne szkolenia prowadzone b\u0119d\u0105 w czerwcu i w sierpniu.<\/strong><\/p>\n\n\n\n<p>6 MBOT oferuje w czasie wakacji szkolenie dedykowane g\u0142\u00f3wnie uczniom i studentom, kt\u00f3rzy podczas roku szkolnego i akademickiego nie mog\u0105 opu\u015bci\u0107 zaj\u0119\u0107 na szesna\u015bcie dni. Ale w tym czasie w szeregi WOT wst\u0105pi\u0107 mog\u0105 r\u00f3wnie\u017c nauczyciele czy wyk\u0142adowcy. Sezon urlopowy to \u015bwietna okazja, by aktywni zawodowo porzucili biura, komputery oraz ciep\u0142\u0105 kaw\u0119 i poznali rzemios\u0142o wojskowe.<\/p>\n\n\n\n<p>W ramach projektu ,,Wakacje z WOT&#8221; szkolenia w 6 Mazowieckiej Brygadzie Obrony Terytorialnej prowadzone b\u0119d\u0105 w dw\u00f3ch terminach: szesnastodniowe szkolenie podstawowe \u2013 11 \u2013 26 czerwca i 13 \u2013 28 sierpnia oraz o\u015bmiodniowe szkolenie wyr\u00f3wnawcze \u2013 19 \u2013 26 czerwca i 21 \u2013 28 sierpnia.<\/p>\n\n\n\n<p>Skorzystanie z takiego rozwi\u0105zania pozwala bezkolizyjnie odby\u0107 przeszkolenie wojskowe, bez potrzeby rezygnacji z nauki czy pracy. Forma s\u0142u\u017cby, jak\u0105 oferuj\u0105 Wojska Obrony Terytorialnej, czyli terytorialna s\u0142u\u017cba wojskowa, pozwala na zbalansowanie s\u0142u\u017cby z \u017cyciem osobistym i zawodowym. Poprzednie edycje projektu letniego \u201eWakacje w WOT&#8221; oraz zimowego \u201eFerie z WOT&#8221; pokaza\u0142y, \u017ce szkolenia organizowane w czasie wolnym od nauki, ciesz\u0105 si\u0119 du\u017cym zainteresowaniem nie tylko w\u015br\u00f3d uczni\u00f3w i student\u00f3w, ale tak\u017ce nauczycieli oraz rodzic\u00f3w, kt\u00f3rzy korzystaj\u0105 z faktu, \u017ce ich pociechy w tym czasie przebywaj\u0105 na koloniach, obozach czy te\u017c wakacje sp\u0119dzaj\u0105 u dziadk\u00f3w. Statystyki potwierdzaj\u0105, \u017ce s\u0142u\u017cba w WOT cieszy si\u0119 du\u017cym zainteresowaniem w\u015br\u00f3d m\u0142odych os\u00f3b, co trzeci \u017co\u0142nierz formacji ma mniej ni\u017c 25 lat.<\/p>\n\n\n\n<p>Szesnastodniowe szkolenie podstawowe, kt\u00f3re ochotnicy odb\u0119d\u0105 podczas wakacji, zwie\u0144czy uroczysta przysi\u0119ga wojskowa i tym samym zostan\u0105 \u017co\u0142nierzami Wojska Polskiego.<\/p>\n\n\n\n<p>Wakacje sp\u0119dzone na poligonie to nie tylko pierwszy krok na swojej \u015bcie\u017cce rozwoju w Wojsku Polskim to te\u017c uposa\u017cenie, kt\u00f3re wp\u0142ynie na konto \u017co\u0142nierza tu\u017c po zako\u0144czonym szkleniu. W przypadku korpusu szeregowych \u2013 bo taki stopie\u0144 otrzymuje ka\u017cdy nowy ochotnik, kt\u00f3ry wcze\u015bniej nie pe\u0142ni\u0142 s\u0142u\u017cby w wojsku, ani innych formacjach mundurowych \u2013 otrzyma wynagrodzenie w kwocie blisko 2100 z\u0142.<\/p>\n\n\n\n<p><a><\/a> Wszyscy, kt\u00f3rzy chc\u0105 wst\u0105pi\u0107 do WOT, powinni znale\u017a\u0107 rekrutera na stronie brygady <a href=\"https:\/\/eur03.safelinks.protection.outlook.com\/?url=http%3A%2F%2Fwww.wojsko-polskie.pl%2F&amp;data=05%7C01%7Cmarlena.roslaniec%40wot.ron.mil.pl%7Ca9365335390347ba6cbb08da3334f796%7C4ffc0b29d9c5410e831798fe81a0d665%7C0%7C0%7C637878599895096374%7CUnknown%7CTWFpbGZsb3d8eyJWIjoiMC4wLjAwMDAiLCJQIjoiV2luMzIiLCJBTiI6Ik1haWwiLCJXVCI6Mn0%3D%7C3000%7C%7C%7C&amp;sdata=6mNFpxXXtoNLKl3T%2FZjI2G4cbUhpTDxp1DoHX42jTEM%3D&amp;reserved=0\" target=\"_blank\" rel=\"noreferrer noopener\">www.wojsko-polskie.pl<\/a> lub zg\u0142osi\u0107 si\u0119 do Wojskowych Komend Uzupe\u0142nie\u0144, wniosek o powo\u0142anie do s\u0142u\u017cby mo\u017cna te\u017c z\u0142o\u017cy\u0107 elektronicznie przez platform\u0119 ePUAP i na w<a href=\"https:\/\/eur03.safelinks.protection.outlook.com\/?url=http%3A%2F%2Fwww.terytorialsi.wp.mil.pl%2Fchce-wstapic&amp;data=05%7C01%7Cmarlena.roslaniec%40wot.ron.mil.pl%7Ca9365335390347ba6cbb08da3334f796%7C4ffc0b29d9c5410e831798fe81a0d665%7C0%7C0%7C637878599895096374%7CUnknown%7CTWFpbGZsb3d8eyJWIjoiMC4wLjAwMDAiLCJQIjoiV2luMzIiLCJBTiI6Ik1haWwiLCJXVCI6Mn0%3D%7C3000%7C%7C%7C&amp;sdata=tA5eljz7236ux%2FDY8O5aN2TkuSh9TdVrGBzvWDRCQAI%3D&amp;reserved=0\" target=\"_blank\" rel=\"noreferrer noopener\">ww.terytorialsi.wp.mil.pl\/chce-wstapic,<\/a> www.rekruterzy.terytorialsi.wp.mil.pl&nbsp;<\/p>\n\n\n\n<p class=\"has-text-align-right\"><strong>Marlena Ros\u0142aniec<\/strong><br><em><strong>Zesp\u00f3\u0142 Prasowy<br>6 MAZOWIECKA BRYGADA<br>OBRONY TERYTORIALNEJ\u00a0<\/strong><\/em><\/p>\n","protected":false},"excerpt":{"rendered":"<p>Pozosta\u0142o ju\u017c tylko kilka dni do rozpocz\u0119cia wyczekiwanych przez uczni\u00f3w i student\u00f3w wakacji. Jak je zaplanowa\u0107, \u017ceby po\u0142\u0105czy\u0107 przyjemne z po\u017cytecznym i na dodatek nie p\u0142aci\u0107, a wzi\u0105\u0107 wynagrodzenie? 6 Mazowiecka Brygada Obrony Terytorialnej proponuje szesnastodniowe przeszkolenie wojskowe \u2013 \u201eWakacje z WOT&#8221;. Z\u0142\u00f3\u017c dokumenty ju\u017c dzi\u015b, \u017ceby zd\u0105\u017cy\u0107 z procedur\u0105! Wakacyjne szkolenia prowadzone b\u0119d\u0105 w [&hellip;]<\/p>\n","protected":false},"author":2,"featured_media":4769,"comment_status":"closed","ping_status":"open","sticky":false,"template":"","format":"standard","meta":{"footnotes":""},"categories":[5],"tags":[],"class_list":["post-4768","post","type-post","status-publish","format-standard","has-post-thumbnail","hentry","category-wiadomosci"],"_links":{"self":[{"href":"https:\/\/fleschmazowsza.com.pl\/index.php?rest_route=\/wp\/v2\/posts\/4768","targetHints":{"allow":["GET"]}}],"collection":[{"href":"https:\/\/fleschmazowsza.com.pl\/index.php?rest_route=\/wp\/v2\/posts"}],"about":[{"href":"https:\/\/fleschmazowsza.com.pl\/index.php?rest_route=\/wp\/v2\/types\/post"}],"author":[{"embeddable":true,"href":"https:\/\/fleschmazowsza.com.pl\/index.php?rest_route=\/wp\/v2\/users\/2"}],"replies":[{"embeddable":true,"href":"https:\/\/fleschmazowsza.com.pl\/index.php?rest_route=%2Fwp%2Fv2%2Fcomments&post=4768"}],"version-history":[{"count":1,"href":"https:\/\/fleschmazowsza.com.pl\/index.php?rest_route=\/wp\/v2\/posts\/4768\/revisions"}],"predecessor-version":[{"id":4770,"href":"https:\/\/fleschmazowsza.com.pl\/index.php?rest_route=\/wp\/v2\/posts\/4768\/revisions\/4770"}],"wp:featuredmedia":[{"embeddable":true,"href":"https:\/\/fleschmazowsza.com.pl\/index.php?rest_route=\/wp\/v2\/media\/4769"}],"wp:attachment":[{"href":"https:\/\/fleschmazowsza.com.pl\/index.php?rest_route=%2Fwp%2Fv2%2Fmedia&parent=4768"}],"wp:term":[{"taxonomy":"category","embeddable":true,"href":"https:\/\/fleschmazowsza.com.pl\/index.php?rest_route=%2Fwp%2Fv2%2Fcategories&post=4768"},{"taxonomy":"post_tag","embeddable":true,"href":"https:\/\/fleschmazowsza.com.pl\/index.php?rest_route=%2Fwp%2Fv2%2Ftags&post=4768"}],"curies":[{"name":"wp","href":"https:\/\/api.w.org\/{rel}","templated":true}]}}