{"id":4759,"date":"2022-06-22T12:49:43","date_gmt":"2022-06-22T11:49:43","guid":{"rendered":"https:\/\/fleschmazowsza.com.pl\/?p=4759"},"modified":"2022-06-22T12:49:44","modified_gmt":"2022-06-22T11:49:44","slug":"pruszkowski-dzien-folkloru","status":"publish","type":"post","link":"https:\/\/fleschmazowsza.com.pl\/?p=4759","title":{"rendered":"Pruszkowski Dzie\u0144 Folkloru"},"content":{"rendered":"\n<p>Pruszkowski Dzie\u0144 Folkloru jest jednodniowym wydarzeniem realizowanym w ramach Bud\u017cetu Obywatelskiego Miasta Pruszkowa. Tegoroczny Dzie\u0144 Folkloru odby\u0142 si\u0119 11 czerwca 2022 r przy skwerze im. ZLT ,,Pruszkowiacy\u201d, znajduj\u0105cym si\u0119 w Parku Ko\u015bciuszki w Pruszkowie. Wydarzenie rozpocz\u0119\u0142o si\u0119 o godzinie 14.00 wyst\u0119pem Kapeli Warszawskiej Sta\u015bka Wielanka. Mieszka\u0144cy miasta mieli mo\u017cliwo\u015b\u0107 obejrzenia wyst\u0119p\u00f3w: Zespo\u0142u Pie\u015bni i Ta\u0144ca Uniwersytetu Jagiello\u0144skiego ,,S\u0142owianki\u201d oraz grupy NeoKlez. Dla spo\u0142eczno\u015bci Pruszkowa wyst\u0105pi\u0142 te\u017c: Czes\u0142aw Mozil, grupa taneczna ,,Woda na M\u0142yn\u201d oraz Zesp\u00f3\u0142 Ta\u0144ca Ludowego ,,Pruszkowiacy\u201d.<\/p>\n\n\n\n<p>Wydarzenie zosta\u0142o zako\u0144czone wsp\u00f3lnym wyst\u0119pem Czes\u0142awa Mozila oraz ZTL ,,Pruszkowiacy\u201d. Podczas koncert\u00f3w odby\u0142 si\u0119 kiermasz folkowy na kt\u00f3rym mo\u017cna by\u0142o kupi\u0107 produkty regionalne oraz r\u0119kodzie\u0142a. W tym dniu nie zabrak\u0142o atrakcji dla dzieci oraz oferty kulinarnej food truck\u00f3w.<\/p>\n\n\n\n<p class=\"has-text-align-right\"><strong>MW<\/strong><\/p>\n","protected":false},"excerpt":{"rendered":"<p>Pruszkowski Dzie\u0144 Folkloru jest jednodniowym wydarzeniem realizowanym w ramach Bud\u017cetu Obywatelskiego Miasta Pruszkowa. Tegoroczny Dzie\u0144 Folkloru odby\u0142 si\u0119 11 czerwca 2022 r przy skwerze im. ZLT ,,Pruszkowiacy\u201d, znajduj\u0105cym si\u0119 w Parku Ko\u015bciuszki w Pruszkowie. Wydarzenie rozpocz\u0119\u0142o si\u0119 o godzinie 14.00 wyst\u0119pem Kapeli Warszawskiej Sta\u015bka Wielanka. Mieszka\u0144cy miasta mieli mo\u017cliwo\u015b\u0107 obejrzenia wyst\u0119p\u00f3w: Zespo\u0142u Pie\u015bni i Ta\u0144ca [&hellip;]<\/p>\n","protected":false},"author":2,"featured_media":4760,"comment_status":"closed","ping_status":"open","sticky":false,"template":"","format":"standard","meta":{"footnotes":""},"categories":[8],"tags":[],"class_list":["post-4759","post","type-post","status-publish","format-standard","has-post-thumbnail","hentry","category-roznosci"],"_links":{"self":[{"href":"https:\/\/fleschmazowsza.com.pl\/index.php?rest_route=\/wp\/v2\/posts\/4759","targetHints":{"allow":["GET"]}}],"collection":[{"href":"https:\/\/fleschmazowsza.com.pl\/index.php?rest_route=\/wp\/v2\/posts"}],"about":[{"href":"https:\/\/fleschmazowsza.com.pl\/index.php?rest_route=\/wp\/v2\/types\/post"}],"author":[{"embeddable":true,"href":"https:\/\/fleschmazowsza.com.pl\/index.php?rest_route=\/wp\/v2\/users\/2"}],"replies":[{"embeddable":true,"href":"https:\/\/fleschmazowsza.com.pl\/index.php?rest_route=%2Fwp%2Fv2%2Fcomments&post=4759"}],"version-history":[{"count":1,"href":"https:\/\/fleschmazowsza.com.pl\/index.php?rest_route=\/wp\/v2\/posts\/4759\/revisions"}],"predecessor-version":[{"id":4761,"href":"https:\/\/fleschmazowsza.com.pl\/index.php?rest_route=\/wp\/v2\/posts\/4759\/revisions\/4761"}],"wp:featuredmedia":[{"embeddable":true,"href":"https:\/\/fleschmazowsza.com.pl\/index.php?rest_route=\/wp\/v2\/media\/4760"}],"wp:attachment":[{"href":"https:\/\/fleschmazowsza.com.pl\/index.php?rest_route=%2Fwp%2Fv2%2Fmedia&parent=4759"}],"wp:term":[{"taxonomy":"category","embeddable":true,"href":"https:\/\/fleschmazowsza.com.pl\/index.php?rest_route=%2Fwp%2Fv2%2Fcategories&post=4759"},{"taxonomy":"post_tag","embeddable":true,"href":"https:\/\/fleschmazowsza.com.pl\/index.php?rest_route=%2Fwp%2Fv2%2Ftags&post=4759"}],"curies":[{"name":"wp","href":"https:\/\/api.w.org\/{rel}","templated":true}]}}