{"id":4756,"date":"2022-06-22T12:45:43","date_gmt":"2022-06-22T11:45:43","guid":{"rendered":"https:\/\/fleschmazowsza.com.pl\/?p=4756"},"modified":"2022-06-22T12:45:44","modified_gmt":"2022-06-22T11:45:44","slug":"mszczonowski-wyscig-udaremniony","status":"publish","type":"post","link":"https:\/\/fleschmazowsza.com.pl\/?p=4756","title":{"rendered":"Mszczonowski wy\u015bcig udaremniony"},"content":{"rendered":"\n<p><strong>Policja po serii akcji zwi\u0105zanych z nielegalnymi wy\u015bcigami samochodowymi w Mszczonowie ukara\u0142a organizator\u00f3w oraz ich uczestnik\u00f3w. Z ustale\u0144 wynika, \u017ce funkcjonariusze sprawdzili wszystkie pojazdy, zatrzymano jednego kierowc\u0119 oraz kilka praw jazdy.<\/strong><\/p>\n\n\n\n<p>\u2013W pi\u0105tkowy wiecz\u00f3r [27.05 \u2013 przypis red.] kierowcy kilkudziesi\u0119ciu pojazd\u00f3w r\u00f3\u017cnych marek zgromadzili si\u0119 w kilku miejscach na terenie powiatu. Wy\u015bcigi na drogach publicznych s\u0105 nielegalne, a osoby bior\u0105ce w nich udzia\u0142 \u015bwiadomie stwarzaj\u0105 zagro\u017cenie w ruchu drogowym. Liczne wykroczenia, jakich dopu\u015bcili si\u0119 nieodpowiedzialni kierowcy to w szczeg\u00f3lno\u015bci nie stosowanie si\u0119 do znak\u00f3w i sygna\u0142\u00f3w drogowych oraz niew\u0142a\u015bciwy stan techniczny pojazd\u00f3w. Przewinienia te skutkowa\u0142y konsekwencjami prawnymi. Mundurowi skontrolowali ponadto stan trze\u017awo\u015bci kieruj\u0105cych \u2013 relacjonuje st. sier\u017c. Monika Michalczyk, rzecznik prasowy Komendy Powiatowej Policji w \u017byrardowie.<\/p>\n\n\n\n<p>Wiadomo, \u017ce kilkadziesi\u0105t os\u00f3b zosta\u0142o przes\u0142uchanych w zwi\u0105zku ze spraw\u0105.<\/p>\n\n\n\n<p>\u2013Podczas przeprowadzonych dzia\u0142a\u0144 zosta\u0142o wylegitymowanych kilkadziesi\u0105t os\u00f3b, na\u0142o\u017cono mandaty karne oraz skierowano wnioski do s\u0105du. W trakcie akcji, policjanci zatrzymali 19-latka, kt\u00f3ry nie zastosowa\u0142 si\u0119 do polece\u0144 policjant\u00f3w i nie zatrzyma\u0142 si\u0119 do kontroli drogowej \u2013 dodaje.<\/p>\n\n\n\n<p>Uczestnicy wy\u015bcigu byli agresywni i nie zamierzali zako\u0144czy\u0107 prowadzonej przez siebie akcji. Pr\u00f3bowali zmieni\u0107 miejsce organizowanego wy\u015bcigu. Policjantom uda\u0142o si\u0119 jednak opanowa\u0107 sytuacj\u0119.<\/p>\n\n\n\n<p>\u2013Organizowanie wy\u015bcig\u00f3w na drogach publicznych stwarza realne zagro\u017cenie dla wszystkich jego uczestnik\u00f3w \u2013 podkre\u015blaj\u0105 mundurowi.<\/p>\n\n\n\n<p class=\"has-text-align-right\"><strong>(ak)<\/strong>, Fot.: <strong><em>Pixabay<\/em><\/strong><\/p>\n","protected":false},"excerpt":{"rendered":"<p>Policja po serii akcji zwi\u0105zanych z nielegalnymi wy\u015bcigami samochodowymi w Mszczonowie ukara\u0142a organizator\u00f3w oraz ich uczestnik\u00f3w. Z ustale\u0144 wynika, \u017ce funkcjonariusze sprawdzili wszystkie pojazdy, zatrzymano jednego kierowc\u0119 oraz kilka praw jazdy. \u2013W pi\u0105tkowy wiecz\u00f3r [27.05 \u2013 przypis red.] kierowcy kilkudziesi\u0119ciu pojazd\u00f3w r\u00f3\u017cnych marek zgromadzili si\u0119 w kilku miejscach na terenie powiatu. Wy\u015bcigi na drogach publicznych [&hellip;]<\/p>\n","protected":false},"author":2,"featured_media":4757,"comment_status":"closed","ping_status":"open","sticky":false,"template":"","format":"standard","meta":{"footnotes":""},"categories":[5],"tags":[],"class_list":["post-4756","post","type-post","status-publish","format-standard","has-post-thumbnail","hentry","category-wiadomosci"],"_links":{"self":[{"href":"https:\/\/fleschmazowsza.com.pl\/index.php?rest_route=\/wp\/v2\/posts\/4756","targetHints":{"allow":["GET"]}}],"collection":[{"href":"https:\/\/fleschmazowsza.com.pl\/index.php?rest_route=\/wp\/v2\/posts"}],"about":[{"href":"https:\/\/fleschmazowsza.com.pl\/index.php?rest_route=\/wp\/v2\/types\/post"}],"author":[{"embeddable":true,"href":"https:\/\/fleschmazowsza.com.pl\/index.php?rest_route=\/wp\/v2\/users\/2"}],"replies":[{"embeddable":true,"href":"https:\/\/fleschmazowsza.com.pl\/index.php?rest_route=%2Fwp%2Fv2%2Fcomments&post=4756"}],"version-history":[{"count":1,"href":"https:\/\/fleschmazowsza.com.pl\/index.php?rest_route=\/wp\/v2\/posts\/4756\/revisions"}],"predecessor-version":[{"id":4758,"href":"https:\/\/fleschmazowsza.com.pl\/index.php?rest_route=\/wp\/v2\/posts\/4756\/revisions\/4758"}],"wp:featuredmedia":[{"embeddable":true,"href":"https:\/\/fleschmazowsza.com.pl\/index.php?rest_route=\/wp\/v2\/media\/4757"}],"wp:attachment":[{"href":"https:\/\/fleschmazowsza.com.pl\/index.php?rest_route=%2Fwp%2Fv2%2Fmedia&parent=4756"}],"wp:term":[{"taxonomy":"category","embeddable":true,"href":"https:\/\/fleschmazowsza.com.pl\/index.php?rest_route=%2Fwp%2Fv2%2Fcategories&post=4756"},{"taxonomy":"post_tag","embeddable":true,"href":"https:\/\/fleschmazowsza.com.pl\/index.php?rest_route=%2Fwp%2Fv2%2Ftags&post=4756"}],"curies":[{"name":"wp","href":"https:\/\/api.w.org\/{rel}","templated":true}]}}