{"id":4753,"date":"2022-06-22T12:15:01","date_gmt":"2022-06-22T11:15:01","guid":{"rendered":"https:\/\/fleschmazowsza.com.pl\/?p=4753"},"modified":"2022-06-22T12:15:02","modified_gmt":"2022-06-22T11:15:02","slug":"sloneczny-znow-w-trasie","status":"publish","type":"post","link":"https:\/\/fleschmazowsza.com.pl\/?p=4753","title":{"rendered":"S\u0142oneczny zn\u00f3w w trasie"},"content":{"rendered":"\n<p><strong>W ostatni weekend czerwca na tory powr\u00f3ci s\u0142ynny poci\u0105g \u201eS\u0142oneczny\u201d. Trasa przejazdu poci\u0105gu to Warszawa Centralna \u2013 Ustka \u2013 Warszawa Centralna. Co wi\u0119cej, w weekendy i \u015bwi\u0119ta uruchomione zostan\u0105 dodatkowe kursy do Gdyni. Przedsprzeda\u017c bilet\u00f3w rozpocznie si\u0119 18 czerwca.<\/strong><\/p>\n\n\n\n<p>Po dw\u00f3ch sezonach, kiedy kursowanie poci\u0105gu zosta\u0142o zawieszone z uwagi na pandemi\u0119 koronawirusa, zn\u00f3w powraca on do przejazd\u00f3w. Pierwszy raz wyjedzie w drog\u0119 pierwszego dnia wakacji, 25 czerwca.<\/p>\n\n\n\n<p>\u2013Mo\u017cna powiedzie\u0107, \u017ce w tym roku Mazowsze zn\u00f3w zbli\u017ca si\u0119 do morza. Pierwszego dnia wakacji na tory powr\u00f3ci poci\u0105g \u201eS\u0142oneczny\u201d, oczywi\u015bcie w barwach Kolei Mazowieckich. My\u015bl\u0119, \u017ce to dobra wiadomo\u015b\u0107 dla wszystkich planuj\u0105cych w tym roku wakacje nad morzem i os\u00f3b, kt\u00f3re do tej pory ch\u0119tnie korzysta\u0142y z naszego po\u0142\u0105czenia. Co wa\u017cne, w weekendy b\u0119dzie uruchomiony dodatkowy kurs do Gdyni \u2013 \u201eS\u0142oneczny \u2013 BIS\u201d. Ju\u017c dzi\u015b zapraszam do wakacyjnych podr\u00f3\u017cy z Kolejami Mazowieckimi \u2013 podkre\u015bla marsza\u0142ek wojew\u00f3dztwa mazowieckiego, Adam Struzik.<\/p>\n\n\n\n<p>Przejazd poci\u0105gu \u201eS\u0142onecznego\u201d odb\u0119dzie si\u0119 po raz 16. Dotychczas cieszy\u0142 si\u0119 on wyj\u0105tkowym zainteresowaniem \u2013 z podr\u00f3\u017cy skorzysta\u0142o ok. 1,3 mln pasa\u017cer\u00f3w. Poci\u0105g zatrzyma si\u0119 w sze\u015bciu miastach na Mazowszu (stacje Warszawa Centralna, Warszawa Wschodnia, Legionowo, Nowy Dw\u00f3r Mazowiecki, Nasielsk, Ciechan\u00f3w i M\u0142awa Miasto), dw\u00f3ch w wojew\u00f3dztwie Warmi\u0144sko-Mazurskim (stacje Dzia\u0142dowo, I\u0142awa) a tak\u017ce w dziesi\u0119ciu na Pomorzu (Prabuty, Malbork, Tczew, Gda\u0144sk G\u0142\u00f3wny, Gda\u0144sk Wrzeszcz, Gda\u0144sk Oliwa, Sopot, Gdynia G\u0142\u00f3wna, Wejherowo, L\u0119bork, S\u0142upsk, Ustka).<\/p>\n\n\n\n<p>Prawdopodobnie ten sezon b\u0119dzie prze\u0142omowy. Dla wielu os\u00f3b b\u0119dzie to pierwszy rok wyjazd\u00f3w na wakacje po spowolnieniu pandemicznym.<\/p>\n\n\n\n<p>\u2013W zwi\u0105zku z tym uruchamiamy dodatkowe, weekendowe po\u0142\u0105czenie \u201eS\u0142oneczny \u2013 BIS\u201d. B\u0119dzie on je\u017adzi\u0142 do stacji Gdynia G\u0142\u00f3wna. Idea tego po\u0142\u0105czenia to odpowied\u017a naszej Sp\u00f3\u0142ki na tak ogromne zainteresowanie podr\u00f3\u017cnych. \u201eS\u0142oneczny \u2013 BIS\u201d zostanie zestawiony z nowoczesnych, klimatyzowanych wagon\u00f3w pi\u0119trowych, kt\u00f3re z pewno\u015bci\u0105 zapewni\u0105 naszym pasa\u017cerom wygodn\u0105 i bezpieczn\u0105 podr\u00f3\u017c \u2013 m\u00f3wi Robert St\u0119pie\u0144, Prezes Zarz\u0105du Kolei Mazowieckich.<\/p>\n\n\n\n<p>Bilet normalny na przejazd do Ustki w jedn\u0105 stron\u0119 b\u0119dzie kosztowa\u0142 75 z\u0142, studencki natomiast 36. Za przejazd \u201eS\u0142onecznym\u201d oraz \u201eS\u0142onecznym \u2013 BIS\u201d do Tr\u00f3jmiasta zap\u0142acimy natomiast 60 z\u0142, a studenci nieca\u0142e 30 z\u0142. Osoby podr\u00f3\u017cuj\u0105ce na trasie ze S\u0142upska do Ustki mog\u0105 skorzysta\u0107 ze specjalnej oferty w cenie 7 z\u0142.<\/p>\n\n\n\n<p class=\"has-text-align-right\"><strong>(ak)<\/strong>, Fot.: <strong><em>mazowieckie.com<\/em><\/strong><\/p>\n","protected":false},"excerpt":{"rendered":"<p>W ostatni weekend czerwca na tory powr\u00f3ci s\u0142ynny poci\u0105g \u201eS\u0142oneczny\u201d. Trasa przejazdu poci\u0105gu to Warszawa Centralna \u2013 Ustka \u2013 Warszawa Centralna. Co wi\u0119cej, w weekendy i \u015bwi\u0119ta uruchomione zostan\u0105 dodatkowe kursy do Gdyni. Przedsprzeda\u017c bilet\u00f3w rozpocznie si\u0119 18 czerwca. Po dw\u00f3ch sezonach, kiedy kursowanie poci\u0105gu zosta\u0142o zawieszone z uwagi na pandemi\u0119 koronawirusa, zn\u00f3w powraca on [&hellip;]<\/p>\n","protected":false},"author":2,"featured_media":4754,"comment_status":"closed","ping_status":"open","sticky":false,"template":"","format":"standard","meta":{"footnotes":""},"categories":[5],"tags":[],"class_list":["post-4753","post","type-post","status-publish","format-standard","has-post-thumbnail","hentry","category-wiadomosci"],"_links":{"self":[{"href":"https:\/\/fleschmazowsza.com.pl\/index.php?rest_route=\/wp\/v2\/posts\/4753","targetHints":{"allow":["GET"]}}],"collection":[{"href":"https:\/\/fleschmazowsza.com.pl\/index.php?rest_route=\/wp\/v2\/posts"}],"about":[{"href":"https:\/\/fleschmazowsza.com.pl\/index.php?rest_route=\/wp\/v2\/types\/post"}],"author":[{"embeddable":true,"href":"https:\/\/fleschmazowsza.com.pl\/index.php?rest_route=\/wp\/v2\/users\/2"}],"replies":[{"embeddable":true,"href":"https:\/\/fleschmazowsza.com.pl\/index.php?rest_route=%2Fwp%2Fv2%2Fcomments&post=4753"}],"version-history":[{"count":1,"href":"https:\/\/fleschmazowsza.com.pl\/index.php?rest_route=\/wp\/v2\/posts\/4753\/revisions"}],"predecessor-version":[{"id":4755,"href":"https:\/\/fleschmazowsza.com.pl\/index.php?rest_route=\/wp\/v2\/posts\/4753\/revisions\/4755"}],"wp:featuredmedia":[{"embeddable":true,"href":"https:\/\/fleschmazowsza.com.pl\/index.php?rest_route=\/wp\/v2\/media\/4754"}],"wp:attachment":[{"href":"https:\/\/fleschmazowsza.com.pl\/index.php?rest_route=%2Fwp%2Fv2%2Fmedia&parent=4753"}],"wp:term":[{"taxonomy":"category","embeddable":true,"href":"https:\/\/fleschmazowsza.com.pl\/index.php?rest_route=%2Fwp%2Fv2%2Fcategories&post=4753"},{"taxonomy":"post_tag","embeddable":true,"href":"https:\/\/fleschmazowsza.com.pl\/index.php?rest_route=%2Fwp%2Fv2%2Ftags&post=4753"}],"curies":[{"name":"wp","href":"https:\/\/api.w.org\/{rel}","templated":true}]}}