{"id":4736,"date":"2022-06-22T11:38:04","date_gmt":"2022-06-22T10:38:04","guid":{"rendered":"https:\/\/fleschmazowsza.com.pl\/?p=4736"},"modified":"2022-06-22T11:38:05","modified_gmt":"2022-06-22T10:38:05","slug":"ekologia-nawet-niewielkie-ekozmiany-poprawiaja-stan-naszego-srodowiska","status":"publish","type":"post","link":"https:\/\/fleschmazowsza.com.pl\/?p=4736","title":{"rendered":"EKOLOGIA. Nawet niewielkie ekozmiany poprawiaj\u0105 stan naszego \u015brodowiska"},"content":{"rendered":"\n<p><strong>Obchodzony 22 kwietnia Dzie\u0144 Ziemi to moment, w kt\u00f3rym cz\u0119sto przypominamy sobie o zobowi\u0105zaniach wzgl\u0119dem \u015brodowiska naturalnego. W wielu miejscach Polski organizowane s\u0105 akcje sprz\u0105tania, a wielu ludzi ch\u0119tnie si\u0119 w nie w\u0142\u0105cza. Z roku na rok jednak natura boryka si\u0119 z coraz wi\u0119kszymi problemami. Dlatego w\u0142a\u015bnie warto pami\u0119ta\u0107 o ekologicznych nawykach nie tylko od \u015bwi\u0119ta, ale tak\u017ce ka\u017cdego dnia w roku.<\/strong><\/p>\n\n\n\n<p>W Dzie\u0144 Ziemi rokrocznie odbywa si\u0119 wiele wydarze\u0144 i spotka\u0144 po\u015bwi\u0119conych ochronie przyrody. Ich przyk\u0142adem s\u0105 akcje sprz\u0105tania \u015bwiata. W\u00f3wczas zach\u0119ca si\u0119 r\u00f3wnie\u017c do sadzenia drzewek i innych ro\u015blin, m.in. tych miododajnych, wspieraj\u0105cych tak istotne dla globalnego systemu owady-zapylacze. Celem tych inicjatyw jest tak\u017ce u\u015bwiadamianie, \u017ce dbanie o natur\u0119 to odpowiedzialno\u015b\u0107 nas wszystkich.<\/p>\n\n\n\n<p class=\"has-text-align-center\"><strong>Pozna\u0107 wag\u0119 problemu<\/strong><\/p>\n\n\n\n<p>Jednym z negatywnych skutk\u00f3w dzia\u0142alno\u015bci cz\u0142owieka jest nadmierna emisja dwutlenku w\u0119gla (CO2) i innych gaz\u00f3w cieplarnianych, przez kt\u00f3re dochodzi do trudno odwracalnych zmian klimatycznych. Podejmowane s\u0105 jednak przedsi\u0119wzi\u0119cia pomagaj\u0105ce ogranicza\u0107 negatywne efekty funkcjonowania gospodarki.<\/p>\n\n\n\n<p>Znacznie \u0142atwiej zmaga\u0107 si\u0119 z problemem, gdy znana jest jego skala. Dlatego w\u0142a\u015bnie wylicza si\u0119 tzw. \u015blad w\u0119glowy. To suma emisja gaz\u00f3w cieplarnianych, jak\u0105 wytwarza cz\u0142owiek, organizacja, produkt czy wydarzenie. Na przyk\u0142ad PKP Intercity podaje, \u017ce podr\u00f3\u017c poci\u0105giem z Krakowa do Warszawy to w przybli\u017ceniu 8,1 kg CO2, w przeliczeniu na jednego pasa\u017cera. Pokonanie tej samej trasy samochodem to 29,6 kg szkodliwych gaz\u00f3w, a w przypadku samolotu jest \u2013 a\u017c 70,8 kg.<\/p>\n\n\n\n<p>\u2013Kolej jako \u015brodek transportu mi\u0119dzy miastami okazuje si\u0119 niezwykle ekologicznym wyborem. Poci\u0105g zreszt\u0105 to nie tylko ulga dla planety, lecz tak\u017ce wygoda i oszcz\u0119dno\u015b\u0107 czasu. Samochodem tras\u0119 z Krakowa do Warszawy pokonamy w czasie od 3 do nawet 5 godzin. Tymczasem wycieczka pojazdem szynowym to ok. 2,5 godziny. Dodatkowo, w\u00f3wczas zamiast skupia\u0107 si\u0119 na drodze, mo\u017cna zaj\u0105\u0107 si\u0119 prac\u0105 czy rozrywk\u0105 \u2013 m\u00f3wi Felice Scoccimarro, prezes Amest Otwock Sp. z o.o., lider Akademii Ekologicznej Amest Otwock.<\/p>\n\n\n\n<p class=\"has-text-align-center\"><strong>Niechlubne rekordy<\/strong><\/p>\n\n\n\n<p>Emisja dwutlenku w\u0119gla nadal jednak jest olbrzymia. Jak podaje portal Statista, w 2019 r. na \u015bwiecie wytworzono rekordowe 36,7 mld ton CO2. Rok p\u00f3\u017aniej co prawda odnotowano niewielki spadek ze wzgl\u0119du na pandemi\u0119 Covid-19 (do 34,8 mld ton), ale ju\u017c w 2021 r. \u2013 wed\u0142ug szacunk\u00f3w \u2013 nast\u0105pi\u0142 ponowny wzrost do poziomu 36,4 mld ton. Na skutek rozwoju gospodarczego i dodatniego przyrostu naturalnego r\u00f3wnie\u017c odpad\u00f3w na \u015bwiecie jest coraz wi\u0119cej. Eksperci szacuj\u0105, \u017ce w tym zakresie rosn\u0105cy trend b\u0119dzie si\u0119 utrzymywa\u0142.<\/p>\n\n\n\n<p class=\"has-text-align-center\"><strong>Ma\u0142e zmiany i ogromne efekty<\/strong><\/p>\n\n\n\n<p>Nadmiar \u015bmieci mo\u017cna zauwa\u017cy\u0107 podczas obcowania z przyrod\u0105. Zw\u0142aszcza \u017ce do sp\u0119dzania czasu na \u015bwie\u017cym powietrzu zach\u0119ca coraz \u0142adniejsza pogoda. Niestety b\u0142ogi wypoczynek na \u0142onie natury zak\u0142\u00f3caj\u0105 nie tylko r\u00f3\u017cnej ma\u015bci porozrzucane po lasach i parkach, lecz tak\u017ce nadal powstaj\u0105ce w Polsce dzikie wysypiska. Dlatego w\u0142a\u015bnie samemu nale\u017cy dba\u0107 o dobrostan \u015brodowiska, mi\u0119dzy innymi poprzez wyrzucanie zanieczyszcze\u0144 w miejscach do tego przeznaczonych. W tym kontek\u015bcie niezwykle wa\u017cne jest r\u00f3wnie\u017c pami\u0119tanie o w\u0142a\u015bciwej segregacji, kt\u00f3ra w znacz\u0105cy spos\u00f3b u\u0142atwia odzysk surowc\u00f3w i ich p\u00f3\u017aniejsze, ponowne wykorzystanie.<\/p>\n\n\n\n<p>\u2013To zw\u0142aszcza drobne, codzienne dzia\u0142ania maj\u0105 ogromny wp\u0142yw na przyrod\u0119. Je\u017celi postawy proekologiczne stan\u0105 si\u0119 nawykiem ka\u017cdego z nas, skala pozytywnych zmian b\u0119dzie ogromna. Dobrostan \u015brodowiska naturalnego to nasze wsp\u00f3lne wyzwanie i odpowiedzialno\u015b\u0107. Nie ma tutaj drogi \u201ena skr\u00f3ty\u201d \u2013 podkre\u015bla Felice Scoccimarro.<\/p>\n\n\n\n<p class=\"has-text-align-right\"><strong>Biuro Prasowe<br>Amest sp. z o.o.<\/strong><br>Fot. <em><strong>Pixabay<\/strong><\/em><\/p>\n","protected":false},"excerpt":{"rendered":"<p>Obchodzony 22 kwietnia Dzie\u0144 Ziemi to moment, w kt\u00f3rym cz\u0119sto przypominamy sobie o zobowi\u0105zaniach wzgl\u0119dem \u015brodowiska naturalnego. W wielu miejscach Polski organizowane s\u0105 akcje sprz\u0105tania, a wielu ludzi ch\u0119tnie si\u0119 w nie w\u0142\u0105cza. Z roku na rok jednak natura boryka si\u0119 z coraz wi\u0119kszymi problemami. Dlatego w\u0142a\u015bnie warto pami\u0119ta\u0107 o ekologicznych nawykach nie tylko od [&hellip;]<\/p>\n","protected":false},"author":2,"featured_media":4737,"comment_status":"closed","ping_status":"open","sticky":false,"template":"","format":"standard","meta":{"footnotes":""},"categories":[9],"tags":[],"class_list":["post-4736","post","type-post","status-publish","format-standard","has-post-thumbnail","hentry","category-edukacja"],"_links":{"self":[{"href":"https:\/\/fleschmazowsza.com.pl\/index.php?rest_route=\/wp\/v2\/posts\/4736","targetHints":{"allow":["GET"]}}],"collection":[{"href":"https:\/\/fleschmazowsza.com.pl\/index.php?rest_route=\/wp\/v2\/posts"}],"about":[{"href":"https:\/\/fleschmazowsza.com.pl\/index.php?rest_route=\/wp\/v2\/types\/post"}],"author":[{"embeddable":true,"href":"https:\/\/fleschmazowsza.com.pl\/index.php?rest_route=\/wp\/v2\/users\/2"}],"replies":[{"embeddable":true,"href":"https:\/\/fleschmazowsza.com.pl\/index.php?rest_route=%2Fwp%2Fv2%2Fcomments&post=4736"}],"version-history":[{"count":1,"href":"https:\/\/fleschmazowsza.com.pl\/index.php?rest_route=\/wp\/v2\/posts\/4736\/revisions"}],"predecessor-version":[{"id":4738,"href":"https:\/\/fleschmazowsza.com.pl\/index.php?rest_route=\/wp\/v2\/posts\/4736\/revisions\/4738"}],"wp:featuredmedia":[{"embeddable":true,"href":"https:\/\/fleschmazowsza.com.pl\/index.php?rest_route=\/wp\/v2\/media\/4737"}],"wp:attachment":[{"href":"https:\/\/fleschmazowsza.com.pl\/index.php?rest_route=%2Fwp%2Fv2%2Fmedia&parent=4736"}],"wp:term":[{"taxonomy":"category","embeddable":true,"href":"https:\/\/fleschmazowsza.com.pl\/index.php?rest_route=%2Fwp%2Fv2%2Fcategories&post=4736"},{"taxonomy":"post_tag","embeddable":true,"href":"https:\/\/fleschmazowsza.com.pl\/index.php?rest_route=%2Fwp%2Fv2%2Ftags&post=4736"}],"curies":[{"name":"wp","href":"https:\/\/api.w.org\/{rel}","templated":true}]}}