{"id":473,"date":"2016-12-23T11:31:47","date_gmt":"2016-12-23T10:31:47","guid":{"rendered":"http:\/\/fleschmazowsza.com.pl\/?p=473"},"modified":"2016-12-23T11:31:47","modified_gmt":"2016-12-23T10:31:47","slug":"udekoruj-swoj-piastow-na-swieta","status":"publish","type":"post","link":"https:\/\/fleschmazowsza.com.pl\/?p=473","title":{"rendered":"Udekoruj sw\u00f3j Piast\u00f3w na \u015awi\u0119ta"},"content":{"rendered":"<p><strong>Urz\u0105d Miasta Piastowa przygotowa\u0142 konkurs, w kt\u00f3rym ka\u017cdy z mieszka\u0144c\u00f3w m\u00f3g\u0142 samodzielnie zaprojektowa\u0107 \u015bwi\u0105teczn\u0105 dekoracj\u0119. Niezwyk\u0142\u0105 akcj\u0119 wygra\u0142a Wiktoria Mi\u0144ko, uczennica klasy II B Szko\u0142y Podstawowej Nr 3 w Piastowie, kt\u00f3ra zaprojektowa\u0142a iluminacj\u0119 \u015bwietln\u0105 w formie renifera.<\/strong><\/p>\n<p>Z okazji jubileuszu 90-lecia Piastowa oraz 20-lecia firmy Multidekor, w\u0142adze miasta przygotowa\u0142y niezwyk\u0142y konkurs dla mieszka\u0144c\u00f3w \u201eUdekoruj sw\u00f3j Piast\u00f3w na \u015awi\u0119ta\u201d. To akcja, w kt\u00f3rej ka\u017cdy z mieszka\u0144c\u00f3w Piastowa m\u00f3g\u0142 samodzielnie zaprojektowa\u0107 \u015bwi\u0105teczne dekoracje na latarnie w Parku Miejskim.<br \/>\n&#8211; Piast\u00f3w to stolica polskich iluminacji \u015bwi\u0105tecznych. Od 20 lat roz\u015bwietlamy Polsk\u0119 i \u015bwiat. St\u0105d ka\u017cdego roku wyruszaj\u0105 dekoracje \u015bwi\u0105teczne, kt\u00f3re rozbudzaj\u0105 emocje. Pomys\u0142 konkursu dla mieszka\u0144c\u00f3w Piastowa by\u0142 naturalny. Wiemy, \u017ce w mie\u015bcie wyj\u0105tkowych ludzi powstanie r\u00f3wnie\u017c wyj\u0105tkowa iluminacja parku \u2013 m\u00f3wi Tomasz Podogrocki, Prezes Multidekor.<\/p>\n<p>\u015awi\u0105teczny konkurs trwa\u0142 od 23 listopada do 2 grudnia 2016. W I fazie zabawy decydowali internauci poprzez lajki na Facebooku. Pod obrady jury w II etapie trafi\u0142y 4 projekty z najwi\u0119ksz\u0105 liczb\u0105 g\u0142os\u00f3w. Nagrod\u0119 g\u0142\u00f3wn\u0105 przyznano decyzj\u0105 jury w sk\u0142adzie: Grzegorz Szuplewski (Burmistrz Piastowa), Wanda Przybylak (dyrektor MOK Piast\u00f3w), Tomasz Podogrocki (Prezes Multidekor) oraz Olga Mo\u015bcicka-Taras (Creative Director Multidekor). Zwyci\u0119zc\u0105 akcji zosta\u0142a Wiktoria Mi\u0144ko, uczennica klasy II B Szko\u0142y Podstawowej Nr 3 w Piastowie, kt\u00f3ra zaprojektowa\u0142a iluminacj\u0119 \u015bwietln\u0105 w formie renifera.<\/p>\n<p>\u015awi\u0105teczny wz\u00f3r, w poniedzia\u0142ek 19 grudnia 2016 r., ozdobi\u0142 latarnie w Parku Miejskim w Piastowie. Wiktoria Mi\u0144ko w ramach nagrody otrzyma\u0142a choink\u0119 z lampkami oraz zaproszenie wraz z rodzin\u0105 do Krainy \u015awi\u0105tecznych Czarodziej\u00f3w, gdzie zobaczy jak powstaj\u0105 dekoracje \u015bwietlne Multidekor.<\/p>\n<p>&#8211; Cieszymy si\u0119, \u017ce nasz wsp\u00f3lny konkurs skierowany dla mieszka\u0144c\u00f3w Piastowa okaza\u0142 si\u0119 du\u017cym sukcesem. Wp\u0142yn\u0119\u0142o wiele ciekawych propozycji, a zwyci\u0119zc\u0105 okaza\u0142 si\u0119 sympatyczny renifer, kt\u00f3ry nas wszystkich oczarowa\u0142 \u2013 m\u00f3wi Grzegorz Szuplewski, Burmistrz Piastowa.<\/p>\n<p style=\"text-align: right;\"><strong>Kinga Rochalska<\/strong><\/p>\n","protected":false},"excerpt":{"rendered":"<p>Urz\u0105d Miasta Piastowa przygotowa\u0142 konkurs, w kt\u00f3rym ka\u017cdy z mieszka\u0144c\u00f3w m\u00f3g\u0142 samodzielnie zaprojektowa\u0107 \u015bwi\u0105teczn\u0105 dekoracj\u0119. Niezwyk\u0142\u0105 akcj\u0119 wygra\u0142a Wiktoria Mi\u0144ko, uczennica klasy II B Szko\u0142y Podstawowej Nr 3 w Piastowie, kt\u00f3ra zaprojektowa\u0142a iluminacj\u0119 \u015bwietln\u0105 w formie renifera. Z okazji jubileuszu 90-lecia Piastowa oraz 20-lecia firmy Multidekor, w\u0142adze miasta przygotowa\u0142y niezwyk\u0142y konkurs dla mieszka\u0144c\u00f3w \u201eUdekoruj sw\u00f3j [&hellip;]<\/p>\n","protected":false},"author":2,"featured_media":474,"comment_status":"closed","ping_status":"open","sticky":false,"template":"","format":"standard","meta":{"footnotes":""},"categories":[5],"tags":[],"class_list":["post-473","post","type-post","status-publish","format-standard","has-post-thumbnail","hentry","category-wiadomosci"],"_links":{"self":[{"href":"https:\/\/fleschmazowsza.com.pl\/index.php?rest_route=\/wp\/v2\/posts\/473","targetHints":{"allow":["GET"]}}],"collection":[{"href":"https:\/\/fleschmazowsza.com.pl\/index.php?rest_route=\/wp\/v2\/posts"}],"about":[{"href":"https:\/\/fleschmazowsza.com.pl\/index.php?rest_route=\/wp\/v2\/types\/post"}],"author":[{"embeddable":true,"href":"https:\/\/fleschmazowsza.com.pl\/index.php?rest_route=\/wp\/v2\/users\/2"}],"replies":[{"embeddable":true,"href":"https:\/\/fleschmazowsza.com.pl\/index.php?rest_route=%2Fwp%2Fv2%2Fcomments&post=473"}],"version-history":[{"count":1,"href":"https:\/\/fleschmazowsza.com.pl\/index.php?rest_route=\/wp\/v2\/posts\/473\/revisions"}],"predecessor-version":[{"id":475,"href":"https:\/\/fleschmazowsza.com.pl\/index.php?rest_route=\/wp\/v2\/posts\/473\/revisions\/475"}],"wp:featuredmedia":[{"embeddable":true,"href":"https:\/\/fleschmazowsza.com.pl\/index.php?rest_route=\/wp\/v2\/media\/474"}],"wp:attachment":[{"href":"https:\/\/fleschmazowsza.com.pl\/index.php?rest_route=%2Fwp%2Fv2%2Fmedia&parent=473"}],"wp:term":[{"taxonomy":"category","embeddable":true,"href":"https:\/\/fleschmazowsza.com.pl\/index.php?rest_route=%2Fwp%2Fv2%2Fcategories&post=473"},{"taxonomy":"post_tag","embeddable":true,"href":"https:\/\/fleschmazowsza.com.pl\/index.php?rest_route=%2Fwp%2Fv2%2Ftags&post=473"}],"curies":[{"name":"wp","href":"https:\/\/api.w.org\/{rel}","templated":true}]}}