{"id":4707,"date":"2022-05-04T09:01:26","date_gmt":"2022-05-04T08:01:26","guid":{"rendered":"http:\/\/fleschmazowsza.com.pl\/?p=4707"},"modified":"2022-05-04T09:01:27","modified_gmt":"2022-05-04T08:01:27","slug":"wypalanie-traw-i-nieuzytkow-rolnych-niebezpieczne-i-karalne","status":"publish","type":"post","link":"https:\/\/fleschmazowsza.com.pl\/?p=4707","title":{"rendered":"Wypalanie traw i nieu\u017cytk\u00f3w rolnych niebezpieczne i karalne"},"content":{"rendered":"\n<p><strong>Mimo corocznych napomnie\u0144 Pa\u0144stwowej Stra\u017cy Po\u017carnej, Policji, Agencji Restrukturyzacji i Modernizacji Rolnictwa czy innych urz\u0119d\u00f3w, ka\u017cdej wiosny wybuchaj\u0105 po\u017cary spowodowane wypalaniem traw i nieu\u017cytk\u00f3w rolnych. S\u0105 one szkodliwe dla \u015brodowiska i stanowi\u0105 ogromne zagro\u017cenie dla \u017cycia.<\/strong><\/p>\n\n\n\n<p>Tegoroczna aura, niezwykle sucha, szczeg\u00f3lnie sprzyja powstawaniu czy rozprzestrzenianiu si\u0119 po\u017car\u00f3w. W tym roku odnotowano ju\u017c ponad 20 tys. tego typu zdarze\u0144, w wyniku kt\u00f3rych \u015bmier\u0107 ponios\u0142o 8 os\u00f3b, a 62 zosta\u0142y ranne. Dlatego po raz kolejny przestrzegamy \u2013 wypalanie traw i nieu\u017cytk\u00f3w rolnych jest niebezpieczne i gro\u017c\u0105 za to surowe kary.<\/p>\n\n\n\n<p>Wypalanie \u0142\u0105k, pastwisk, ugor\u00f3w i trzcinowisk jest praktyk\u0105 niebezpieczn\u0105 dla \u017cycia, zdrowia i mienia, zakazan\u0105, a tak\u017ce nieuzasadnion\u0105 agrotechnicznie. Ten proces prowadzi do nieodwracalnych, niekorzystnych zmian w \u015brodowisku naturalnym \u2013 ziemia wyja\u0142awia si\u0119, naturalny rozk\u0142ad resztek ro\u015blinnych oraz asymilacja azotu z powietrza zostaj\u0105 zahamowane. Do atmosfery przedostaje si\u0119 szereg szkodliwych zar\u00f3wno dla ludzi, jak i zwierz\u0105t, zwi\u0105zk\u00f3w chemicznych. Po\u017cary cz\u0119sto wymykaj\u0105 si\u0119 spod kontroli i przenosz\u0105 na pobliskie lasy i zabudowania, powoduj\u0105c ogromne zagro\u017cenie i nierzadko dotkliwe straty.<\/p>\n\n\n\n<p>Wed\u0142ug informacji zamieszczonych na stronie Komendy G\u0142\u00f3wnej Pa\u0144stwowej Stra\u017cy Po\u017carnej do 25 marca 2022 r. stra\u017cacy interweniowali ju\u017c ponad 20 tys. razy przy po\u017carach traw i nieu\u017cytk\u00f3w rolnych. W ogniu \u015bmier\u0107 ponios\u0142o 8 os\u00f3b, a 62 zosta\u0142y ranne. Wraz z po\u017carami traw stra\u017cacy odnotowali a\u017c 920 po\u017car\u00f3w w lasach, w kt\u00f3rych 5 os\u00f3b odnios\u0142o obra\u017cenia, a 2 straci\u0142y \u017cycie. Wi\u0119kszo\u015b\u0107 tego typu interwencji mia\u0142a miejsce w marcu.<\/p>\n\n\n\n<p>Nale\u017cy pami\u0119ta\u0107, \u017ce wypalania traw zakazuj\u0105 przepisy ustaw o ochronie przyrody i o lasach, a kodeks wykrocze\u0144 przewiduje za to kar\u0119 nagany, aresztu lub grzywny, kt\u00f3rej wysoko\u015b\u0107 mo\u017ce wynie\u015b\u0107 nawet 20 tys. z\u0142. Co wi\u0119cej, je\u015bli w wyniku podpalenia traw dojdzie do po\u017caru, kt\u00f3ry sprowadzi zagro\u017cenie \u017cycia wielu os\u00f3b albo zniszczenia mienia du\u017cych rozmiar\u00f3w, sprawca podlega karze pozbawienia wolno\u015bci nawet do 10 lat.<\/p>\n\n\n\n<p>Prawo do nak\u0142adania kar ma r\u00f3wnie\u017c Agencja Restrukturyzacji i Modernizacji Rolnictwa. By ubiega\u0107 si\u0119 o p\u0142atno\u015bci bezpo\u015brednie oraz p\u0142atno\u015bci obszarowe PROW, rolnicy s\u0105 zobligowani m.i n. do niewypalania grunt\u00f3w rolnych. Z\u0142amanie tego zobowi\u0105zania grozi na\u0142o\u017ceniem kary finansowej zmniejszaj\u0105cej wszystkie otrzymywane p\u0142atno\u015bci od 1 proc. wzwy\u017c \u2013 w zale\u017cno\u015bci od stopnia winy rolnika. Wy\u017csze kary przewidziane s\u0105 dla tych, kt\u00f3rzy \u015bwiadomie wypalaj\u0105 grunty rolne. Musz\u0105 oni liczy\u0107 si\u0119 z obni\u017ceniem p\u0142atno\u015bci nawet o 25 proc. Agencja mo\u017ce r\u00f3wnie\u017c pozbawi\u0107 beneficjenta ca\u0142ej kwoty p\u0142atno\u015bci bezpo\u015brednich za dany rok, je\u015bli stwierdzone zostanie uporczywe nieprzestrzeganie zakazu wypalania traw.<\/p>\n\n\n\n<p>Od 2015 r. ARiMR za wypalanie grunt\u00f3w rolnych na\u0142o\u017cy\u0142a sankcje na 137 rolnik\u00f3w w \u0142\u0105cznej wysoko\u015bci ponad 235 tys. z\u0142.<\/p>\n\n\n\n<p class=\"has-text-align-right\"><strong>Biuro Prasowe<br>Agencja Restrukturyzacji i Modernizacji Rolnictwa<br>Fot. <em>policja.p<\/em>l<\/strong><\/p>\n","protected":false},"excerpt":{"rendered":"<p>Mimo corocznych napomnie\u0144 Pa\u0144stwowej Stra\u017cy Po\u017carnej, Policji, Agencji Restrukturyzacji i Modernizacji Rolnictwa czy innych urz\u0119d\u00f3w, ka\u017cdej wiosny wybuchaj\u0105 po\u017cary spowodowane wypalaniem traw i nieu\u017cytk\u00f3w rolnych. S\u0105 one szkodliwe dla \u015brodowiska i stanowi\u0105 ogromne zagro\u017cenie dla \u017cycia. Tegoroczna aura, niezwykle sucha, szczeg\u00f3lnie sprzyja powstawaniu czy rozprzestrzenianiu si\u0119 po\u017car\u00f3w. W tym roku odnotowano ju\u017c ponad 20 tys. [&hellip;]<\/p>\n","protected":false},"author":2,"featured_media":4708,"comment_status":"closed","ping_status":"open","sticky":false,"template":"","format":"standard","meta":{"footnotes":""},"categories":[9,6],"tags":[],"class_list":["post-4707","post","type-post","status-publish","format-standard","has-post-thumbnail","hentry","category-edukacja","category-kultura"],"_links":{"self":[{"href":"https:\/\/fleschmazowsza.com.pl\/index.php?rest_route=\/wp\/v2\/posts\/4707","targetHints":{"allow":["GET"]}}],"collection":[{"href":"https:\/\/fleschmazowsza.com.pl\/index.php?rest_route=\/wp\/v2\/posts"}],"about":[{"href":"https:\/\/fleschmazowsza.com.pl\/index.php?rest_route=\/wp\/v2\/types\/post"}],"author":[{"embeddable":true,"href":"https:\/\/fleschmazowsza.com.pl\/index.php?rest_route=\/wp\/v2\/users\/2"}],"replies":[{"embeddable":true,"href":"https:\/\/fleschmazowsza.com.pl\/index.php?rest_route=%2Fwp%2Fv2%2Fcomments&post=4707"}],"version-history":[{"count":1,"href":"https:\/\/fleschmazowsza.com.pl\/index.php?rest_route=\/wp\/v2\/posts\/4707\/revisions"}],"predecessor-version":[{"id":4709,"href":"https:\/\/fleschmazowsza.com.pl\/index.php?rest_route=\/wp\/v2\/posts\/4707\/revisions\/4709"}],"wp:featuredmedia":[{"embeddable":true,"href":"https:\/\/fleschmazowsza.com.pl\/index.php?rest_route=\/wp\/v2\/media\/4708"}],"wp:attachment":[{"href":"https:\/\/fleschmazowsza.com.pl\/index.php?rest_route=%2Fwp%2Fv2%2Fmedia&parent=4707"}],"wp:term":[{"taxonomy":"category","embeddable":true,"href":"https:\/\/fleschmazowsza.com.pl\/index.php?rest_route=%2Fwp%2Fv2%2Fcategories&post=4707"},{"taxonomy":"post_tag","embeddable":true,"href":"https:\/\/fleschmazowsza.com.pl\/index.php?rest_route=%2Fwp%2Fv2%2Ftags&post=4707"}],"curies":[{"name":"wp","href":"https:\/\/api.w.org\/{rel}","templated":true}]}}