{"id":4701,"date":"2022-05-04T08:53:53","date_gmt":"2022-05-04T07:53:53","guid":{"rendered":"http:\/\/fleschmazowsza.com.pl\/?p=4701"},"modified":"2022-05-04T08:53:54","modified_gmt":"2022-05-04T07:53:54","slug":"wojsko-wraca-do-ksiazenic-przysiega-terytorialsow-na-terenie-kompleksu","status":"publish","type":"post","link":"https:\/\/fleschmazowsza.com.pl\/?p=4701","title":{"rendered":"Wojsko wraca do Ksi\u0105\u017cenic &#8211; przysi\u0119ga terytorials\u00f3w na terenie kompleksu"},"content":{"rendered":"\n<p><strong>Po raz pierwszy w historii 6 Mazowieckiej BOT uroczysta przysi\u0119ga wojskowa odby\u0142a si\u0119 na terenie jednostki wojskowej w Ksi\u0105\u017cenicach, kt\u00f3ra niebawem stanie si\u0119 nowym miejscem stacjonowania Terytorials\u00f3w z powiat\u00f3w: garwoli\u0144skiego, grodziskiego, gr\u00f3jeckiego, otwockiego, piaseczy\u0144skiego, pruszkowskiego oraz \u017cyrardowskiego.\u00a0<\/strong><\/p>\n\n\n\n<p>W miniony weekend odby\u0142a si\u0119 pierwsza w historii 6 Mazowieckiej Brygady Obrony Terytorialnej przysi\u0119ga wojskowa na terenie kompleksu wojskowego&nbsp;w Ksi\u0105\u017cenicach.<\/p>\n\n\n\n<p>Blisko 40 ochotnik\u00f3w wypowiedzia\u0142o s\u0142owa roty przysi\u0119gi wojskowej i tym samym zasili\u0142o szeregi 6 Mazowieckiej Brygady Obrony Terytorialnej. Uroczysto\u015b\u0107 odby\u0142a si\u0119 na terenie&nbsp;jednostki wojskowej w Ksi\u0105\u017cenicach (pow. Grodzisk Mazowiecki) i by\u0142a zwie\u0144czeniem dwutygodniowego szkolenia podstawowego. Przysi\u0119ga ma\u0142a szczeg\u00f3lny charakter, bo cho\u0107 \u017co\u0142nierze 6MBOT regularnie pojawiaj\u0105 si\u0119 w Ksi\u0105\u017cenicach, to po raz pierwszy odby\u0142a si\u0119 tam tak wa\u017cna i podnios\u0142a uroczysto\u015b\u0107.<\/p>\n\n\n\n<p class=\"has-text-align-center\"><strong>Zwie\u0144czenie szkolenia<\/strong><\/p>\n\n\n\n<p>-Za wami wymagaj\u0105cy czas szkolenia zwie\u0144czonego egzaminem. Wiem, \u017ce wszyscy podeszli\u015bcie do niego na powa\u017cnie, aby pokaza\u0107 nabyte umiej\u0119tno\u015bci w jak najlepszym \u015bwietle. Ciesz\u0119 si\u0119, \u017ce w\u015br\u00f3d was jest tyle os\u00f3b m\u0142odych. M\u00f3wi si\u0119, \u017ce m\u0142ode pokolenie nie widzi \u015bwiata poza telefonami i komputerami. Wy pokazujecie, \u017ce mo\u017cna inaczej, mo\u017cna po\u015bwi\u0119ci\u0107 sw\u00f3j wolny czas, da\u0107 co\u015b z siebie. Pokazujecie, \u017ce jeste\u015bcie prawdziwymi patriotami. \u017bycz\u0119 wam powodzenia w \u017cyciu prywatnym oraz sukces\u00f3w na \u017co\u0142nierskiej \u015bcie\u017cce \u2013 m\u00f3wi\u0142 podczas uroczystej przysi\u0119gi p\u0142k Witold Bubak, dow\u00f3dca 6 Mazowieckiej Brygady&nbsp;Obrony Terytorialnej.<\/p>\n\n\n\n<p>Ochotnicy zobowi\u0105zali si\u0119 wiernie s\u0142u\u017cy\u0107 Ojczy\u017anie, sta\u0107 na stra\u017cy Konstytucji, strzec honoru \u017co\u0142nierza polskiego, a w razie potrzeby stan\u0105\u0107 w obronie kraju.<\/p>\n\n\n\n<p>-Przysi\u0119ga wojskowa jest jednym z najwa\u017cniejszych wydarze\u0144 w \u017cyciu ka\u017cdego \u017co\u0142nierza. Szkolenie by\u0142o bardzo wymagaj\u0105ce, wielu z nas po raz pierwszy mia\u0142o w r\u0119kach bro\u0144, styczno\u015b\u0107 z amunicj\u0105, ale dzi\u0119ki do\u015bwiadczonym instruktorom, kt\u00f3rzy prowadzili nas krok po kroku uda\u0142o si\u0119 pokona\u0107 wszystkie bariery \u2013 powiedzia\u0142 szer. Mateusz Sawicki.&nbsp;<\/p>\n\n\n\n<p class=\"has-text-align-center\"><strong>Wyr\u00f3\u017cnieni<\/strong><\/p>\n\n\n\n<p>Podczas uroczysto\u015bci wyr\u00f3\u017cniono \u017co\u0142nierzy, kt\u00f3rzy uzyskali najlepsze wyniki podczas szkolenia podstawowego. Czterech kolejnych \u017co\u0142nierzy zosta\u0142o wyr\u00f3\u017cnionych z\u0142o\u017ceniem przysi\u0119gi na sztandar. Na wniosek wszystkich \u017co\u0142nierzy szkolenia podstawowego pami\u0105tkowym coinem&nbsp;wyr\u00f3\u017cniony zosta\u0142 jeden z instruktor\u00f3w, za\u015b decyzj\u0105 dow\u00f3dcy pami\u0105tkow\u0105 monet\u0119&nbsp;Brygady otrzyma\u0142 r\u00f3wnie\u017c dow\u00f3dca szkolenia podstawowego.<\/p>\n\n\n\n<p>Udzia\u0142 w uroczystej przysi\u0119dze wzi\u0105\u0142 burmistrz Grodziska Mazowieckiego, Grzegorz Benedykci\u0144ski oraz so\u0142tys so\u0142ectwa Ksi\u0105\u017cenice, Stanis\u0142aw Kolasa.<\/p>\n\n\n\n<p class=\"has-text-align-center\"><strong>WOT ro\u015bnie w si\u0142\u0119<\/strong><\/p>\n\n\n\n<p>By\u0142a to druga przysi\u0119ga terytorials\u00f3w&nbsp;z po\u0142udniowego Mazowsza w 2022 roku. Brygada liczy obecnie oko\u0142o 2 tys. \u017co\u0142nierzy terytorialnej s\u0142u\u017cby wojskowej i \u017co\u0142nierzy zawodowych.<\/p>\n\n\n\n<p>Wojska Obrony Terytorialnej powsta\u0142y w styczniu 2017 roku jako pi\u0105ty rodzaj si\u0142 zbrojnych. W ramach WOT \u017co\u0142nierze-ochotnicy pe\u0142ni\u0105 nowy rodzaj s\u0142u\u017cby \u2013 tzw. terytorialn\u0105 s\u0142u\u017cb\u0119 wojskow\u0105, kt\u00f3ra pozwala \u0142\u0105czy\u0107 dotychczasow\u0105 aktywno\u015b\u0107 ze s\u0142u\u017cb\u0105 wojskow\u0105. WOT liczy obecnie 32 000 \u017co\u0142nierzy. Misj\u0105 WOT jest wspieranie i obrona lokalnych spo\u0142eczno\u015bci.<\/p>\n\n\n\n<p class=\"has-text-align-right\"><strong>Marlena ROS\u0141ANIEC<\/strong><br><em><strong>6 MAZOWIECKA BRYGADA<br>OBRONY TERYTORIALNEJ<\/strong><\/em>\u00a0<\/p>\n","protected":false},"excerpt":{"rendered":"<p>Po raz pierwszy w historii 6 Mazowieckiej BOT uroczysta przysi\u0119ga wojskowa odby\u0142a si\u0119 na terenie jednostki wojskowej w Ksi\u0105\u017cenicach, kt\u00f3ra niebawem stanie si\u0119 nowym miejscem stacjonowania Terytorials\u00f3w z powiat\u00f3w: garwoli\u0144skiego, grodziskiego, gr\u00f3jeckiego, otwockiego, piaseczy\u0144skiego, pruszkowskiego oraz \u017cyrardowskiego.\u00a0 W miniony weekend odby\u0142a si\u0119 pierwsza w historii 6 Mazowieckiej Brygady Obrony Terytorialnej przysi\u0119ga wojskowa na terenie kompleksu [&hellip;]<\/p>\n","protected":false},"author":2,"featured_media":4702,"comment_status":"closed","ping_status":"open","sticky":false,"template":"","format":"standard","meta":{"footnotes":""},"categories":[5],"tags":[],"class_list":["post-4701","post","type-post","status-publish","format-standard","has-post-thumbnail","hentry","category-wiadomosci"],"_links":{"self":[{"href":"https:\/\/fleschmazowsza.com.pl\/index.php?rest_route=\/wp\/v2\/posts\/4701","targetHints":{"allow":["GET"]}}],"collection":[{"href":"https:\/\/fleschmazowsza.com.pl\/index.php?rest_route=\/wp\/v2\/posts"}],"about":[{"href":"https:\/\/fleschmazowsza.com.pl\/index.php?rest_route=\/wp\/v2\/types\/post"}],"author":[{"embeddable":true,"href":"https:\/\/fleschmazowsza.com.pl\/index.php?rest_route=\/wp\/v2\/users\/2"}],"replies":[{"embeddable":true,"href":"https:\/\/fleschmazowsza.com.pl\/index.php?rest_route=%2Fwp%2Fv2%2Fcomments&post=4701"}],"version-history":[{"count":1,"href":"https:\/\/fleschmazowsza.com.pl\/index.php?rest_route=\/wp\/v2\/posts\/4701\/revisions"}],"predecessor-version":[{"id":4703,"href":"https:\/\/fleschmazowsza.com.pl\/index.php?rest_route=\/wp\/v2\/posts\/4701\/revisions\/4703"}],"wp:featuredmedia":[{"embeddable":true,"href":"https:\/\/fleschmazowsza.com.pl\/index.php?rest_route=\/wp\/v2\/media\/4702"}],"wp:attachment":[{"href":"https:\/\/fleschmazowsza.com.pl\/index.php?rest_route=%2Fwp%2Fv2%2Fmedia&parent=4701"}],"wp:term":[{"taxonomy":"category","embeddable":true,"href":"https:\/\/fleschmazowsza.com.pl\/index.php?rest_route=%2Fwp%2Fv2%2Fcategories&post=4701"},{"taxonomy":"post_tag","embeddable":true,"href":"https:\/\/fleschmazowsza.com.pl\/index.php?rest_route=%2Fwp%2Fv2%2Ftags&post=4701"}],"curies":[{"name":"wp","href":"https:\/\/api.w.org\/{rel}","templated":true}]}}