{"id":4688,"date":"2022-04-08T11:46:41","date_gmt":"2022-04-08T10:46:41","guid":{"rendered":"http:\/\/fleschmazowsza.com.pl\/?p=4688"},"modified":"2022-04-08T11:46:42","modified_gmt":"2022-04-08T10:46:42","slug":"mazowsze-pomaga-uchodzcom","status":"publish","type":"post","link":"https:\/\/fleschmazowsza.com.pl\/?p=4688","title":{"rendered":"Mazowsze pomaga uchod\u017acom"},"content":{"rendered":"\n<p><strong>W\u0142adze Mazowsza aktywnie anga\u017cuj\u0105 si\u0119 w pomoc uchod\u017acom z Ukrainy. Do tej pory przeznaczono na ten cel 2 mln z\u0142 gwarantuj\u0105c m.in. ciep\u0142e posi\u0142ki. W tej chwili do Ukrainy trafi kolejna pomoc w postaci dw\u00f3ch karetek medycznych. Jedna z nich trafi do obwodu lwowskiego, a druga do Caritas Diecezji Samborsko-Drohobyczskiej.<\/strong><\/p>\n\n\n\n<p>Marsza\u0142ek wojew\u00f3dztwa, Adam Struzik informuje, \u017ce to kolejny krok, aby pom\u00f3c naszym s\u0105siadom z Ukrainy:<\/p>\n\n\n\n<p>\u2013Z dzisiejszymi ambulansami b\u0119dzie to osiem karetek, kt\u00f3re uda\u0142o si\u0119 do tej pory przekaza\u0107 naszym s\u0105siadom, mierz\u0105cym si\u0119 z tak dramatyczn\u0105 sytuacj\u0105. Warto podkre\u015bli\u0107, \u017ce karetki na granic\u0119 jad\u0105 wype\u0142nione po brzegi i to zar\u00f3wno w sprz\u0119t medyczny czy leki ale te\u017c inne niezb\u0119dne rzeczy, kt\u00f3re mog\u0105 si\u0119 przyda\u0107, np. koce czy \u015brodki higieniczne \u2013 powiedzia\u0142.<\/p>\n\n\n\n<p>Pojazdy, kt\u00f3re trafi\u0105 do Ukrainy s\u0105 w pe\u0142ni sprawnymi ambulansami z 2014 r. Mog\u0105 przewozi\u0107 sze\u015bcioro os\u00f3b \u2013 pi\u0119cioro w pozycji stoj\u0105cej oraz jedno miejsce le\u017c\u0105ce. Jad\u0105 z pe\u0142nym wyposa\u017ceniem, znajduje si\u0119 w nich: defibrylator Zoll E-Series, respirator transportowy, butle tlenowe, nosze z transporterem, deska i szyny ortopedyczne i krzese\u0142ko kardiologiczne, a tak\u017ce torba ratownicza oraz zestawy opatrunk\u00f3w, lek\u00f3w przeciwb\u00f3lowych i przeciwzapalnych.<\/p>\n\n\n\n<p>Dodatkow\u0105 pomoc stanowi\u0105 ciep\u0142e posi\u0142ki wydawane dla uchod\u017ac\u00f3w z Ukrainy.<\/p>\n\n\n\n<p>\u2013Mazowieckie podmioty ekonomii spo\u0142ecznej przygotowywa\u0142y posi\u0142ki dla s\u0142u\u017cb ratunkowych. Dzi\u015b wi\u0119kszo\u015b\u0107 z nich i tak bardzo anga\u017cuje si\u0119 w pomoc osobom z Ukrainy. Chcemy to wzmocni\u0107. Dlatego zdecydowali\u015bmy o przekazaniu 2 mln z\u0142 na takie dzia\u0142ania. Pozwoli to w bezpieczny spos\u00f3b zapewni\u0107 posi\u0142ki potrzebuj\u0105cym, ale b\u0119dzie te\u017c docenieniem miejsc, kt\u00f3re bardziej ni\u017c na zysk nastawione s\u0105 na reintegracj\u0119 spo\u0142eczn\u0105 i zawodow\u0105 os\u00f3b b\u0119d\u0105cych w trudnych sytuacjach \u017cyciowych, r\u00f3wnie\u017c uchod\u017ac\u00f3w \u2013 podkre\u015bla El\u017cbieta Lanc, cz\u0142onkini zarz\u0105du wojew\u00f3dztwa mazowieckiego.<\/p>\n\n\n\n<p>Posi\u0142ki b\u0119d\u0105 przygotowa\u0142y podmioty do tego upowa\u017cnione: sp\u00f3\u0142dzielnie socjalne, zak\u0142ady aktywno\u015bci zawodowej, centra integracji spo\u0142ecznej, fundacje prowadz\u0105ce bary, restauracje lub w innej formie zajmuj\u0105ce si\u0119 wydawaniem posi\u0142k\u00f3w.<\/p>\n\n\n\n<p>Obecnie, z danych wynika, \u017ce wskutek wojny w Ukrainie, do Polski przyjecha\u0142o ponad 2 mln os\u00f3b. Nie jest jasne, ile os\u00f3b znajduje si\u0119 na terenie Mazowsza, jednak region wok\u00f3\u0142 stolicy jest najmocniej nara\u017cony na nap\u0142yw uchod\u017ac\u00f3w. Nie wiadomo, ile os\u00f3b pozostanie tutaj na d\u0142u\u017cej.<\/p>\n\n\n\n<p class=\"has-text-align-right\"><strong>(ak)<\/strong>, Fot.: <strong><em>Pixabay<\/em><\/strong><\/p>\n","protected":false},"excerpt":{"rendered":"<p>W\u0142adze Mazowsza aktywnie anga\u017cuj\u0105 si\u0119 w pomoc uchod\u017acom z Ukrainy. Do tej pory przeznaczono na ten cel 2 mln z\u0142 gwarantuj\u0105c m.in. ciep\u0142e posi\u0142ki. W tej chwili do Ukrainy trafi kolejna pomoc w postaci dw\u00f3ch karetek medycznych. Jedna z nich trafi do obwodu lwowskiego, a druga do Caritas Diecezji Samborsko-Drohobyczskiej. Marsza\u0142ek wojew\u00f3dztwa, Adam Struzik informuje, [&hellip;]<\/p>\n","protected":false},"author":2,"featured_media":4689,"comment_status":"closed","ping_status":"open","sticky":false,"template":"","format":"standard","meta":{"footnotes":""},"categories":[5],"tags":[],"class_list":["post-4688","post","type-post","status-publish","format-standard","has-post-thumbnail","hentry","category-wiadomosci"],"_links":{"self":[{"href":"https:\/\/fleschmazowsza.com.pl\/index.php?rest_route=\/wp\/v2\/posts\/4688","targetHints":{"allow":["GET"]}}],"collection":[{"href":"https:\/\/fleschmazowsza.com.pl\/index.php?rest_route=\/wp\/v2\/posts"}],"about":[{"href":"https:\/\/fleschmazowsza.com.pl\/index.php?rest_route=\/wp\/v2\/types\/post"}],"author":[{"embeddable":true,"href":"https:\/\/fleschmazowsza.com.pl\/index.php?rest_route=\/wp\/v2\/users\/2"}],"replies":[{"embeddable":true,"href":"https:\/\/fleschmazowsza.com.pl\/index.php?rest_route=%2Fwp%2Fv2%2Fcomments&post=4688"}],"version-history":[{"count":1,"href":"https:\/\/fleschmazowsza.com.pl\/index.php?rest_route=\/wp\/v2\/posts\/4688\/revisions"}],"predecessor-version":[{"id":4690,"href":"https:\/\/fleschmazowsza.com.pl\/index.php?rest_route=\/wp\/v2\/posts\/4688\/revisions\/4690"}],"wp:featuredmedia":[{"embeddable":true,"href":"https:\/\/fleschmazowsza.com.pl\/index.php?rest_route=\/wp\/v2\/media\/4689"}],"wp:attachment":[{"href":"https:\/\/fleschmazowsza.com.pl\/index.php?rest_route=%2Fwp%2Fv2%2Fmedia&parent=4688"}],"wp:term":[{"taxonomy":"category","embeddable":true,"href":"https:\/\/fleschmazowsza.com.pl\/index.php?rest_route=%2Fwp%2Fv2%2Fcategories&post=4688"},{"taxonomy":"post_tag","embeddable":true,"href":"https:\/\/fleschmazowsza.com.pl\/index.php?rest_route=%2Fwp%2Fv2%2Ftags&post=4688"}],"curies":[{"name":"wp","href":"https:\/\/api.w.org\/{rel}","templated":true}]}}