{"id":4667,"date":"2022-02-25T13:19:57","date_gmt":"2022-02-25T12:19:57","guid":{"rendered":"http:\/\/fleschmazowsza.com.pl\/?p=4667"},"modified":"2022-02-25T13:19:57","modified_gmt":"2022-02-25T12:19:57","slug":"nowoczesne-baseny-w-strzeniowce","status":"publish","type":"post","link":"https:\/\/fleschmazowsza.com.pl\/?p=4667","title":{"rendered":"Nowoczesne baseny w Strzeni\u00f3wce"},"content":{"rendered":"\n<p><strong>Celem gminy Nadarzyn jest rozszerzenie dost\u0119pnej oferty basen\u00f3w w Strzeni\u00f3wce, co ma nast\u0105pi\u0107 jeszcze przed rozpocz\u0119ciem sezonu. Szacuje si\u0119, \u017ce na inwestycje zostanie przekazane ponad p\u00f3\u0142tora miliona z\u0142otych.<\/strong><\/p>\n\n\n\n<p>W ubieg\u0142ym roku w Strzeni\u00f3wce wybudowano kompleks basen\u00f3w otwartych, kt\u00f3ry mia\u0142 by\u0107 odpowiedzi\u0105 na potrzeby mieszka\u0144c\u00f3w. Okaza\u0142o si\u0119, \u017ce powstanie atrakcji by\u0142o bardzo dobr\u0105 decyzj\u0105. Inwestycja cieszy\u0142a si\u0119 ogromnym zainteresowaniem. W tym roku w\u0142adze Nadarzyna zdecydowa\u0142y si\u0119 na rozbudow\u0119 kompleksu.<\/p>\n\n\n\n<p>\u2013Ws\u0142uchuj\u0105c si\u0119 w Pa\u0144stwa uwagi i sugestie w ramach prac gwarancyjnych usun\u0119li\u015bmy nieliczne \u201eniezb\u0119dne\u201d usterki, a przede wszystkim zaplanowali\u015bmy nowe atrakcje. Mi\u0119dzy innymi: najmniejszy basen dla dzieci i jacuzzi dzi\u0119ki pompie ciep\u0142a b\u0119d\u0105 mia\u0142y podgrzewan\u0105 wod\u0119. Pojawi si\u0119 tak\u017ce nowa zje\u017cd\u017calnia oraz kolejny odcinek piaszczystej pla\u017cy, na kt\u00f3rej chcemy zachowa\u0107 cz\u0119\u015b\u0107 istniej\u0105cego drzewostanu. Zgodnie z obietnic\u0105 sk\u0142adan\u0105 w czerwcu ubieg\u0142ego roku dost\u0119p do basen\u00f3w b\u0119d\u0105 mia\u0142y tak\u017ce osoby niepe\u0142nosprawne \u2013 informuje Dariusz Zwoli\u0144ski, w\u00f3jt gminy Nadarzyn.<\/p>\n\n\n\n<p>Uda\u0142o nam si\u0119 dowiedzie\u0107, \u017ce w przetargu wzi\u0119\u0142a udzia\u0142 jedna firma, kt\u00f3ra oferowa\u0142a wykonanie za cen\u0119 przewy\u017cszaj\u0105c\u0105 zak\u0142adany bud\u017cet.<\/p>\n\n\n\n<p>\u2013Na te wszystkie prace przewidzieli\u015bmy 1,5 mln z\u0142otych. Niestety do przetargu stan\u0119\u0142a tylko jedna firma, kt\u00f3ra zaproponowa\u0142a kwot\u0119 wy\u017csz\u0105 o prawie 90.000 z\u0142otych. Chc\u0105c rozstrzygn\u0105\u0107 przetarg i zd\u0105\u017cy\u0107 z pracami przed rozpocz\u0119ciem nowego sezonu rada gminy zdecydowa\u0142a si\u0119 na sesji na wprowadzenie zmian w bud\u017cecie \u2013 zaznacza Dariusz Zwoli\u0144ski.<\/p>\n\n\n\n<p>Termin wykonania przypada na 15 maja, co oznacza, \u017ce obiekt zostanie otwarty jeszcze przed rozpocz\u0119ciem sezonu.<\/p>\n\n\n\n<p class=\"has-text-align-right\"><strong>(AK)<\/strong><\/p>\n\n\n\n<p class=\"has-text-align-right\">Fot.: <strong><em>warszawa<\/em><\/strong>.<em><strong>naszemiasto.pl<\/strong><\/em><\/p>\n","protected":false},"excerpt":{"rendered":"<p>Celem gminy Nadarzyn jest rozszerzenie dost\u0119pnej oferty basen\u00f3w w Strzeni\u00f3wce, co ma nast\u0105pi\u0107 jeszcze przed rozpocz\u0119ciem sezonu. Szacuje si\u0119, \u017ce na inwestycje zostanie przekazane ponad p\u00f3\u0142tora miliona z\u0142otych. W ubieg\u0142ym roku w Strzeni\u00f3wce wybudowano kompleks basen\u00f3w otwartych, kt\u00f3ry mia\u0142 by\u0107 odpowiedzi\u0105 na potrzeby mieszka\u0144c\u00f3w. Okaza\u0142o si\u0119, \u017ce powstanie atrakcji by\u0142o bardzo dobr\u0105 decyzj\u0105. Inwestycja cieszy\u0142a [&hellip;]<\/p>\n","protected":false},"author":2,"featured_media":4668,"comment_status":"closed","ping_status":"open","sticky":false,"template":"","format":"standard","meta":{"footnotes":""},"categories":[8,4],"tags":[],"class_list":["post-4667","post","type-post","status-publish","format-standard","has-post-thumbnail","hentry","category-roznosci","category-sport"],"_links":{"self":[{"href":"https:\/\/fleschmazowsza.com.pl\/index.php?rest_route=\/wp\/v2\/posts\/4667","targetHints":{"allow":["GET"]}}],"collection":[{"href":"https:\/\/fleschmazowsza.com.pl\/index.php?rest_route=\/wp\/v2\/posts"}],"about":[{"href":"https:\/\/fleschmazowsza.com.pl\/index.php?rest_route=\/wp\/v2\/types\/post"}],"author":[{"embeddable":true,"href":"https:\/\/fleschmazowsza.com.pl\/index.php?rest_route=\/wp\/v2\/users\/2"}],"replies":[{"embeddable":true,"href":"https:\/\/fleschmazowsza.com.pl\/index.php?rest_route=%2Fwp%2Fv2%2Fcomments&post=4667"}],"version-history":[{"count":1,"href":"https:\/\/fleschmazowsza.com.pl\/index.php?rest_route=\/wp\/v2\/posts\/4667\/revisions"}],"predecessor-version":[{"id":4669,"href":"https:\/\/fleschmazowsza.com.pl\/index.php?rest_route=\/wp\/v2\/posts\/4667\/revisions\/4669"}],"wp:featuredmedia":[{"embeddable":true,"href":"https:\/\/fleschmazowsza.com.pl\/index.php?rest_route=\/wp\/v2\/media\/4668"}],"wp:attachment":[{"href":"https:\/\/fleschmazowsza.com.pl\/index.php?rest_route=%2Fwp%2Fv2%2Fmedia&parent=4667"}],"wp:term":[{"taxonomy":"category","embeddable":true,"href":"https:\/\/fleschmazowsza.com.pl\/index.php?rest_route=%2Fwp%2Fv2%2Fcategories&post=4667"},{"taxonomy":"post_tag","embeddable":true,"href":"https:\/\/fleschmazowsza.com.pl\/index.php?rest_route=%2Fwp%2Fv2%2Ftags&post=4667"}],"curies":[{"name":"wp","href":"https:\/\/api.w.org\/{rel}","templated":true}]}}