{"id":4644,"date":"2022-01-28T14:17:36","date_gmt":"2022-01-28T13:17:36","guid":{"rendered":"http:\/\/fleschmazowsza.com.pl\/?p=4644"},"modified":"2022-01-28T14:17:37","modified_gmt":"2022-01-28T13:17:37","slug":"badzmy-wrazliwi-na-bezdomnosc","status":"publish","type":"post","link":"https:\/\/fleschmazowsza.com.pl\/?p=4644","title":{"rendered":"B\u0105d\u017amy wra\u017cliwi na bezdomno\u015b\u0107"},"content":{"rendered":"\n<p><strong>Pogoda w styczniu i lutym potrafi da\u0107 w ko\u015b\u0107. Doskwiera nam w podr\u00f3\u017cy do pracy, narzekamy na codzienne skrobanie szyb w samochodach. Nasze problemy s\u0105 niczym w obliczu tych, z kt\u00f3rymi mierz\u0105 si\u0119 ludzie bezdomni. Coraz ni\u017csze temperatury wieczorem i w nocy s\u0105 dla nich realnym zagro\u017ceniem \u017cycia. Nie b\u0105d\u017amy oboj\u0119tni na tych, kt\u00f3rzy potrzebuj\u0105 od nas pomocy. S\u0142u\u017cby apeluj\u0105 o wsparcie. Pami\u0119tajmy, \u017ce nasza szybka reakcja mo\u017ce uratowa\u0107 komu\u015b \u017cycie.<\/strong><\/p>\n\n\n\n<p>Temperatura spadaj\u0105ca poni\u017cej zera jest niebezpieczna dla os\u00f3b, kt\u00f3re nie maj\u0105 schronienia. W\u00f3wczas o \u015bmiertelne wych\u0142odzenie organizmu jest bardzo \u0142atwo. Do tego przeszywaj\u0105cy wiatr i niedostateczna ilo\u015b\u0107 pokarmu mog\u0105 doprowadzi\u0107 do op\u0142akanych skutk\u00f3w.<\/p>\n\n\n\n<p>S\u0142u\u017cby patrolowe policji i stra\u017cy miejskiej prowadz\u0105 w okresie zimowym wzmo\u017cone dzia\u0142ania, aby zapobiega\u0107 zamarzni\u0119ciom i wyzi\u0119bieniom, jednak niezwykle wa\u017cne s\u0105 informacje od mieszka\u0144c\u00f3w. Policja wsp\u00f3\u0142pracuje z przedstawicielami o\u015brodk\u00f3w pomocy spo\u0142ecznej, noclegowniami oraz o\u015brodkami dzia\u0142aj\u0105cymi na rzecz pomocy bezdomnym.<\/p>\n\n\n\n<p>Telefon do s\u0142u\u017cb, kiedy spotkamy na swojej drodze osob\u0119 bezdomn\u0105 mo\u017ce ocali\u0107 jej \u017cycie. W sytuacji, gdy widzimy kogo\u015b \u015bpi\u0105cego na \u0142awce w parku, przystanku lub innym miejscu, w kt\u00f3rym bezdomny nara\u017cony jest na \u015bmiertelne wyzi\u0119bienie \u2013 nale\u017cy zadzwoni\u0107 pod <strong>numer ratunkowy 112<\/strong> lub <strong>986<\/strong>.<\/p>\n\n\n\n<p>Nale\u017cy mie\u0107 na uwadze, \u017ce problem dotyczy nie tylko bezdomnych, ale r\u00f3wnie\u017c os\u00f3b starszych.<\/p>\n\n\n\n<p>\u02d7Je\u015bli znamy kogo\u015b starszego, \u017cyj\u0105cego samotnie, nie wstyd\u017amy si\u0119 sprawdzi\u0107 i zapyta\u0107 czy potrzebuje naszej pomocy. Nale\u017cy pami\u0119ta\u0107, \u017ce s\u0105 o\u015brodki i plac\u00f3wki, w kt\u00f3rych taka osoba otrzyma opiek\u0119 i b\u0119dzie bezpieczna. Funkcjonariusze informuj\u0105 o\u015brodki pomocy spo\u0142ecznej o osobach, kt\u00f3re z racji swojego wieku, samotno\u015bci, niezaradno\u015bci, b\u0105d\u017a trudnej sytuacji materialnej mog\u0105 sta\u0107 si\u0119 potencjalnymi ofiarami na skutek wych\u0142odzenia organizmu. O trudnej sytuacji s\u0105siada czy znajomego mo\u017cna r\u00f3wnie\u017c powiadomi\u0107 O\u015brodek Pomocy Spo\u0142ecznej \u2013 podkre\u015blaj\u0105 policjanci.<\/p>\n\n\n\n<p class=\"has-text-align-right\"><strong>(ak)<\/strong>, Fot.: <em><strong>Pixabay<\/strong><\/em><\/p>\n","protected":false},"excerpt":{"rendered":"<p>Pogoda w styczniu i lutym potrafi da\u0107 w ko\u015b\u0107. Doskwiera nam w podr\u00f3\u017cy do pracy, narzekamy na codzienne skrobanie szyb w samochodach. Nasze problemy s\u0105 niczym w obliczu tych, z kt\u00f3rymi mierz\u0105 si\u0119 ludzie bezdomni. Coraz ni\u017csze temperatury wieczorem i w nocy s\u0105 dla nich realnym zagro\u017ceniem \u017cycia. Nie b\u0105d\u017amy oboj\u0119tni na tych, kt\u00f3rzy potrzebuj\u0105 [&hellip;]<\/p>\n","protected":false},"author":2,"featured_media":4645,"comment_status":"closed","ping_status":"open","sticky":false,"template":"","format":"standard","meta":{"footnotes":""},"categories":[9],"tags":[],"class_list":["post-4644","post","type-post","status-publish","format-standard","has-post-thumbnail","hentry","category-edukacja"],"_links":{"self":[{"href":"https:\/\/fleschmazowsza.com.pl\/index.php?rest_route=\/wp\/v2\/posts\/4644","targetHints":{"allow":["GET"]}}],"collection":[{"href":"https:\/\/fleschmazowsza.com.pl\/index.php?rest_route=\/wp\/v2\/posts"}],"about":[{"href":"https:\/\/fleschmazowsza.com.pl\/index.php?rest_route=\/wp\/v2\/types\/post"}],"author":[{"embeddable":true,"href":"https:\/\/fleschmazowsza.com.pl\/index.php?rest_route=\/wp\/v2\/users\/2"}],"replies":[{"embeddable":true,"href":"https:\/\/fleschmazowsza.com.pl\/index.php?rest_route=%2Fwp%2Fv2%2Fcomments&post=4644"}],"version-history":[{"count":1,"href":"https:\/\/fleschmazowsza.com.pl\/index.php?rest_route=\/wp\/v2\/posts\/4644\/revisions"}],"predecessor-version":[{"id":4646,"href":"https:\/\/fleschmazowsza.com.pl\/index.php?rest_route=\/wp\/v2\/posts\/4644\/revisions\/4646"}],"wp:featuredmedia":[{"embeddable":true,"href":"https:\/\/fleschmazowsza.com.pl\/index.php?rest_route=\/wp\/v2\/media\/4645"}],"wp:attachment":[{"href":"https:\/\/fleschmazowsza.com.pl\/index.php?rest_route=%2Fwp%2Fv2%2Fmedia&parent=4644"}],"wp:term":[{"taxonomy":"category","embeddable":true,"href":"https:\/\/fleschmazowsza.com.pl\/index.php?rest_route=%2Fwp%2Fv2%2Fcategories&post=4644"},{"taxonomy":"post_tag","embeddable":true,"href":"https:\/\/fleschmazowsza.com.pl\/index.php?rest_route=%2Fwp%2Fv2%2Ftags&post=4644"}],"curies":[{"name":"wp","href":"https:\/\/api.w.org\/{rel}","templated":true}]}}