{"id":4636,"date":"2022-01-28T14:13:39","date_gmt":"2022-01-28T13:13:39","guid":{"rendered":"http:\/\/fleschmazowsza.com.pl\/?p=4636"},"modified":"2022-01-28T14:13:40","modified_gmt":"2022-01-28T13:13:40","slug":"zobacz-czym-oddychasz","status":"publish","type":"post","link":"https:\/\/fleschmazowsza.com.pl\/?p=4636","title":{"rendered":"\u201eZobacz, czym oddychasz\u201d"},"content":{"rendered":"\n<p><strong>Polski Alert Smogowy kolejny raz rozpoczyna akcj\u0119 wspomagaj\u0105c\u0105 oddychanie czystym powietrzem. Tym razem kampania nosi nazw\u0119: \u201eZobacz, czym oddychasz\u201d. Instalacja stanie si\u0119 cz\u0119\u015bci\u0105 naszego regionu.<\/strong><\/p>\n\n\n\n<p>Instalacja znajdzie swoje miejsce w Milan\u00f3wku. B\u0119d\u0105 to oddychaj\u0105ce p\u0142uca, kt\u00f3re przypomn\u0105 o alarmowym problemie smogu. Polski Alarm Smogowy chcia\u0142by w ten spos\u00f3b zwr\u00f3ci\u0107 uwag\u0119 na problem, ale tak\u017ce dotrze\u0107 do \u015bwiadomo\u015bci mieszka\u0144c\u00f3w i zaapelowa\u0107 o wymian\u0119 starych piec\u00f3w.<\/p>\n\n\n\n<p>Instalacja b\u0119dzie mia\u0142a ok. 2 m wysoko\u015bci i b\u0119dzie \u201eoddycha\u0142a\u201d jak realne p\u0142uca. Wszystko za pomoc\u0105 specjalnych wentylator\u00f3w, kt\u00f3re umieszczone b\u0119d\u0105 wewn\u0105trz. Organ b\u0119dzie zbudowany ze specjalnego bia\u0142ego materia\u0142u, kt\u00f3ry wraz z \u201ewdychaniem\u201d zanieczyszcze\u0144 z otoczenia b\u0119dzie traci\u0142 sw\u00f3j nieskazitelny kolor. Ma to u\u015bwiadomi\u0107 mieszka\u0144com skal\u0119 problemu oraz uwidoczni\u0107 to, co kryje si\u0119 w naszych p\u0142ucach.<\/p>\n\n\n\n<p>P\u0142uca w Milan\u00f3wku pojawi\u0142y si\u0119 w styczniu. Od 14 stycznia przez kolejne dwa tygodnie \u201eoddychaj\u0105\u201d razem z mieszka\u0144cami i pokazuj\u0105, co trafia do naszych uk\u0142ad\u00f3w oddechowych.<\/p>\n\n\n\n<p>W ubieg\u0142ym roku podobna instalacja znalaz\u0142a si\u0119 w Brwinowie. Mobilny py\u0142omierz wykaza\u0142 w\u00f3wczas, \u017ce st\u0119\u017cenie py\u0142\u00f3w jest tam 7 razy wy\u017csze ni\u017c w stolicy. Tym razem b\u0119dziemy mogli \u201ezbada\u0107\u201d Milan\u00f3wek.<\/p>\n\n\n\n<p class=\"has-text-align-right\"><strong>(ak), <\/strong>Fot.:<strong> <em>TVN24<\/em><\/strong><\/p>\n","protected":false},"excerpt":{"rendered":"<p>Polski Alert Smogowy kolejny raz rozpoczyna akcj\u0119 wspomagaj\u0105c\u0105 oddychanie czystym powietrzem. Tym razem kampania nosi nazw\u0119: \u201eZobacz, czym oddychasz\u201d. Instalacja stanie si\u0119 cz\u0119\u015bci\u0105 naszego regionu. Instalacja znajdzie swoje miejsce w Milan\u00f3wku. B\u0119d\u0105 to oddychaj\u0105ce p\u0142uca, kt\u00f3re przypomn\u0105 o alarmowym problemie smogu. Polski Alarm Smogowy chcia\u0142by w ten spos\u00f3b zwr\u00f3ci\u0107 uwag\u0119 na problem, ale tak\u017ce dotrze\u0107 [&hellip;]<\/p>\n","protected":false},"author":2,"featured_media":4639,"comment_status":"closed","ping_status":"open","sticky":false,"template":"","format":"standard","meta":{"footnotes":""},"categories":[1],"tags":[],"class_list":["post-4636","post","type-post","status-publish","format-standard","has-post-thumbnail","hentry","category-uncategorized"],"_links":{"self":[{"href":"https:\/\/fleschmazowsza.com.pl\/index.php?rest_route=\/wp\/v2\/posts\/4636","targetHints":{"allow":["GET"]}}],"collection":[{"href":"https:\/\/fleschmazowsza.com.pl\/index.php?rest_route=\/wp\/v2\/posts"}],"about":[{"href":"https:\/\/fleschmazowsza.com.pl\/index.php?rest_route=\/wp\/v2\/types\/post"}],"author":[{"embeddable":true,"href":"https:\/\/fleschmazowsza.com.pl\/index.php?rest_route=\/wp\/v2\/users\/2"}],"replies":[{"embeddable":true,"href":"https:\/\/fleschmazowsza.com.pl\/index.php?rest_route=%2Fwp%2Fv2%2Fcomments&post=4636"}],"version-history":[{"count":1,"href":"https:\/\/fleschmazowsza.com.pl\/index.php?rest_route=\/wp\/v2\/posts\/4636\/revisions"}],"predecessor-version":[{"id":4640,"href":"https:\/\/fleschmazowsza.com.pl\/index.php?rest_route=\/wp\/v2\/posts\/4636\/revisions\/4640"}],"wp:featuredmedia":[{"embeddable":true,"href":"https:\/\/fleschmazowsza.com.pl\/index.php?rest_route=\/wp\/v2\/media\/4639"}],"wp:attachment":[{"href":"https:\/\/fleschmazowsza.com.pl\/index.php?rest_route=%2Fwp%2Fv2%2Fmedia&parent=4636"}],"wp:term":[{"taxonomy":"category","embeddable":true,"href":"https:\/\/fleschmazowsza.com.pl\/index.php?rest_route=%2Fwp%2Fv2%2Fcategories&post=4636"},{"taxonomy":"post_tag","embeddable":true,"href":"https:\/\/fleschmazowsza.com.pl\/index.php?rest_route=%2Fwp%2Fv2%2Ftags&post=4636"}],"curies":[{"name":"wp","href":"https:\/\/api.w.org\/{rel}","templated":true}]}}