{"id":4633,"date":"2022-01-28T14:06:29","date_gmt":"2022-01-28T13:06:29","guid":{"rendered":"http:\/\/fleschmazowsza.com.pl\/?p=4633"},"modified":"2022-01-28T14:06:31","modified_gmt":"2022-01-28T13:06:31","slug":"nie-zapomnij-o-srodowisku-podczas-zimowego-szalenstwa","status":"publish","type":"post","link":"https:\/\/fleschmazowsza.com.pl\/?p=4633","title":{"rendered":"Nie zapomnij o \u015brodowisku podczas zimowego szale\u0144stwa"},"content":{"rendered":"\n<p><strong>W drugiej po\u0142owie stycznia polscy uczniowie rozpoczynaj\u0105 ferie zimowe. Przerwa w nauce to czas, kiedy wielu z nich uda si\u0119 na mi\u0119dzysemestralny odpoczynek. Cz\u0119\u015b\u0107 wybierze si\u0119 w g\u00f3ry, niekt\u00f3rzy zobacz\u0105 jak zim\u0105 wygl\u0105da Ba\u0142tyk, a jeszcze inni zostan\u0105 w domach, korzystaj\u0105c z urok\u00f3w zimy na okolicznych pag\u00f3rkach. Jednak bez wzgl\u0119du na miejsce, podczas ka\u017cdej aktywno\u015bci nale\u017cy pami\u0119ta\u0107 o \u015brodowisku naturalnym.<\/strong><\/p>\n\n\n\n<p>Jako pierwsi, 17 stycznia, ferie w 2022 r. rozpocz\u0119li uczniowie z pi\u0119ciu wojew\u00f3dztw: kujawsko-pomorskiego, lubuskiego, ma\u0142opolskiego, \u015bwi\u0119tokrzyskiego i wielkopolskiego. Tydzie\u0144 p\u00f3\u017aniej z kolejnych dw\u00f3ch \u2013 podlaskiego i warmi\u0144sko-mazurskiego. W ostatni dzie\u0144 stycznia przerw\u0119 w nauce zaczn\u0105 dzieci i m\u0142odzie\u017c z wojew\u00f3dztwa dolno\u015bl\u0105skiego, mazowieckiego, opolskiego i zachodniopomorskiego.<\/p>\n\n\n\n<p class=\"has-text-align-center\"><strong>Ferie czas start!<\/strong><\/p>\n\n\n\n<p>Od 14 lutego wolne b\u0119d\u0105 mieli natomiast uczniowie z Lubelszczyzny, \u0141\u00f3dzkiego, Podkarpacia, Pomorza i \u015al\u0105ska. Okres ferii w Polsce b\u0119dzie trwa\u0107 \u0142\u0105cznie p\u00f3\u0142tora miesi\u0105ca i w tym czasie popularne, turystyczne miejsca b\u0119d\u0105 zmaga\u0142y si\u0119 z wi\u0119ksz\u0105 liczb\u0105 odwiedzaj\u0105cych. Tym bardziej istotne jest przestrzeganie zasad pozwalaj\u0105cych na ograniczenie zniszcze\u0144 \u015brodowiska naturalnego.<\/p>\n\n\n\n<p>\u2013 Podczas urlopu nale\u017cy pami\u0119ta\u0107, jak zachowywa\u0107 si\u0119 na \u0142onie natury. Na stokach, g\u00f3rskich szlakach, oraz w najbli\u017cszej okolicy nie pozostawia\u0107 odpad\u00f3w, kt\u00f3re po ust\u0105pieniu zimy nie znikn\u0105 wraz ze \u015bniegiem, a b\u0119d\u0105 rozk\u0142ada\u0107 si\u0119 przez dziesi\u0105tki lub setki lat i zagra\u017ca\u0107 przyrodzie. Spaceruj\u0105c na \u0142onie natury warto r\u00f3wnie\u017c zaopatrzy\u0107 si\u0119 w ochronne r\u0119kawiczki i worki. Pozbieranie \u015bmieci pozostawionych przez innych ludzi pomo\u017ce ochroni\u0107 nie tylko zwierz\u0119ta, ale tak\u017ce ca\u0142y ekosystem \u2013 m\u00f3wi Felice Scoccimarro, prezes sp\u00f3\u0142ki Amest Otwock, tw\u00f3rca Akademii Ekologicznej Amest Otwock.<\/p>\n\n\n\n<p class=\"has-text-align-center\"><strong>Chro\u0144my ekosystem<\/strong><\/p>\n\n\n\n<p>W czasie odpoczynku na \u015bwie\u017cym powietrzu nale\u017cy zabiera\u0107 ze sob\u0105 wszelkie odpady, kt\u00f3re wytworzyli\u015bmy \u2013 butelk\u0119 po wodzie, papierek po batonie energetycznym czy opakowanie po konserwie. Tego rodzaju \u015bmieci, pozostawione w\u015br\u00f3d przyrody, mog\u0105 by\u0107 niebezpieczne o ka\u017cdej porze roku. Butelka jest \u015bmiertelnym niebezpiecze\u0144stwem dla ma\u0142ych zwierz\u0105t, nie tylko owad\u00f3w. Z kolei pozostawione przez turyst\u00f3w dzikie \u015bmietnisko mo\u017ce zagra\u017ca\u0107 wi\u0119kszym ssakom. Zdarzaj\u0105 si\u0119 przypadki odnajdywania odpad\u00f3w w poro\u017cach np. danieli. Taki los spotka\u0142 przedstawiciela tego gatunku w 2012 roku w nadle\u015bnictwie Nidzica.<\/p>\n\n\n\n<p>Na szlaku turystycznym warto tak\u017ce pami\u0119ta\u0107 o zachowywaniu wzgl\u0119dnej ciszy i nieschodzeniu z wyznaczonej trasy. Nieodpowiedzialne zachowanie mo\u017ce doprowadzi\u0107 do spotkania budz\u0105cych si\u0119 ze snu zimowego zwierz\u0105t. Wyg\u0142odnia\u0142e ssaki, poszukuj\u0105ce po\u017cywienia, mog\u0105 by\u0107 bardzo niebezpieczne, a \u017cyj\u0105ce w polskich g\u00f3rach nied\u017awiedzie ko\u0144cz\u0105 okres gawrowania ju\u017c w lutym.<\/p>\n\n\n\n<p class=\"has-text-align-center\"><strong>W parku, w lesie i\u2026 w domu<\/strong><\/p>\n\n\n\n<p>Zimowe spacery w\u015br\u00f3d przyrody mog\u0105 by\u0107 tak samo przyjemne jak podczas ciep\u0142ych, letnich dni. Oczywi\u015bcie przed wybraniem tego rodzaju aktywnego wypoczynku, nale\u017cy zadba\u0107 o w\u0142a\u015bciwy ubi\u00f3r, dostosowany do panuj\u0105cych warunk\u00f3w pogodowych. Jednak obserwacja przyrody, w nieco innej ni\u017c dobrze znanej scenerii, to doskona\u0142y moment, by lepiej pozna\u0107 otaczaj\u0105cy nas \u015bwiat.<\/p>\n\n\n\n<p>\u2013 Dobrym pomys\u0142em podczas zimowego spaceru jest zabranie ze sob\u0105 ziaren. W parkach, przy stawach, mo\u017cemy spotka\u0107 du\u017ce ptaki, takie jak kaczki krzy\u017c\u00f3wki czy \u0142ab\u0119dzie. Wskazane jest dokarmianie naszych podniebnych przyjaci\u00f3\u0142 nasionami zb\u00f3\u017c, np. kukurydzy, a tak\u017ce gotowanymi warzywami, bez dodatku soli, gdy\u017c jest ona dla nich szkodliwa. Dlatego te\u017c nie nale\u017cy dawa\u0107 ptakom do zjedzenia chleba, co niestety wci\u0105\u017c jest powszechn\u0105 praktyk\u0105 \u2013 m\u00f3wi Felice Scoccimarro.<\/p>\n\n\n\n<p>Ptakom mo\u017cna r\u00f3wnie\u017c pom\u00f3c przetrwa\u0107 zim\u0119 tworz\u0105c w\u0142asny karmnik i ustawiaj\u0105c go np. na balkonie b\u0105d\u017a w ogrodzie. Najlepiej jednak, by nie znajdowa\u0142 si\u0119 on w bezpo\u015brednim s\u0105siedztwie okien. W ten spos\u00f3b ptaki \u2013 sikorki, kosy czy gile \u2013 nie b\u0119d\u0105 p\u0142oszone. Dodatkowo, do budowy tego rodzaju instalacji mo\u017cna wykorzysta\u0107 materia\u0142y, kt\u00f3re mog\u0142yby trafi\u0107 do \u015bmietnika, np. plastikow\u0105 butelk\u0119 i nieu\u017cywan\u0105 podstawk\u0119 doniczki. Tak powsta\u0142y karmnik warto nape\u0142ni\u0107 drobnymi ziarnami zb\u00f3\u017c i orzechami oraz powiesi\u0107 s\u0142onin\u0119 lub specjalne pyzy dla ptak\u00f3w (gotowe mieszanki w formie kul).<\/p>\n\n\n\n<p class=\"has-text-align-right\"><strong>Biuro Prasowe Amest sp. z o.o.<\/strong><\/p>\n","protected":false},"excerpt":{"rendered":"<p>W drugiej po\u0142owie stycznia polscy uczniowie rozpoczynaj\u0105 ferie zimowe. Przerwa w nauce to czas, kiedy wielu z nich uda si\u0119 na mi\u0119dzysemestralny odpoczynek. Cz\u0119\u015b\u0107 wybierze si\u0119 w g\u00f3ry, niekt\u00f3rzy zobacz\u0105 jak zim\u0105 wygl\u0105da Ba\u0142tyk, a jeszcze inni zostan\u0105 w domach, korzystaj\u0105c z urok\u00f3w zimy na okolicznych pag\u00f3rkach. Jednak bez wzgl\u0119du na miejsce, podczas ka\u017cdej aktywno\u015bci [&hellip;]<\/p>\n","protected":false},"author":2,"featured_media":4634,"comment_status":"closed","ping_status":"open","sticky":false,"template":"","format":"standard","meta":{"footnotes":""},"categories":[1],"tags":[],"class_list":["post-4633","post","type-post","status-publish","format-standard","has-post-thumbnail","hentry","category-uncategorized"],"_links":{"self":[{"href":"https:\/\/fleschmazowsza.com.pl\/index.php?rest_route=\/wp\/v2\/posts\/4633","targetHints":{"allow":["GET"]}}],"collection":[{"href":"https:\/\/fleschmazowsza.com.pl\/index.php?rest_route=\/wp\/v2\/posts"}],"about":[{"href":"https:\/\/fleschmazowsza.com.pl\/index.php?rest_route=\/wp\/v2\/types\/post"}],"author":[{"embeddable":true,"href":"https:\/\/fleschmazowsza.com.pl\/index.php?rest_route=\/wp\/v2\/users\/2"}],"replies":[{"embeddable":true,"href":"https:\/\/fleschmazowsza.com.pl\/index.php?rest_route=%2Fwp%2Fv2%2Fcomments&post=4633"}],"version-history":[{"count":1,"href":"https:\/\/fleschmazowsza.com.pl\/index.php?rest_route=\/wp\/v2\/posts\/4633\/revisions"}],"predecessor-version":[{"id":4635,"href":"https:\/\/fleschmazowsza.com.pl\/index.php?rest_route=\/wp\/v2\/posts\/4633\/revisions\/4635"}],"wp:featuredmedia":[{"embeddable":true,"href":"https:\/\/fleschmazowsza.com.pl\/index.php?rest_route=\/wp\/v2\/media\/4634"}],"wp:attachment":[{"href":"https:\/\/fleschmazowsza.com.pl\/index.php?rest_route=%2Fwp%2Fv2%2Fmedia&parent=4633"}],"wp:term":[{"taxonomy":"category","embeddable":true,"href":"https:\/\/fleschmazowsza.com.pl\/index.php?rest_route=%2Fwp%2Fv2%2Fcategories&post=4633"},{"taxonomy":"post_tag","embeddable":true,"href":"https:\/\/fleschmazowsza.com.pl\/index.php?rest_route=%2Fwp%2Fv2%2Ftags&post=4633"}],"curies":[{"name":"wp","href":"https:\/\/api.w.org\/{rel}","templated":true}]}}