{"id":462,"date":"2016-12-09T12:09:07","date_gmt":"2016-12-09T11:09:07","guid":{"rendered":"http:\/\/fleschmazowsza.com.pl\/?p=462"},"modified":"2016-12-09T12:09:07","modified_gmt":"2016-12-09T11:09:07","slug":"historia-oczami-kobiet-spotkanie-z-cyklu-karty-historii","status":"publish","type":"post","link":"https:\/\/fleschmazowsza.com.pl\/?p=462","title":{"rendered":"\u201eHistoria oczami kobiet\u201d \u2013 spotkanie z cyklu KARTY HISTORII"},"content":{"rendered":"<p><strong>10 grudnia (w sobot\u0119) o godzinie 15:00 Muzeum Dulag 121 zaprasza do swej siedziby (Pruszk\u00f3w, ul. 3 Maja 8A) na spotkanie organizowane w ramach cyklu Karty Historii zatytu\u0142owane \u201eHistoria oczami kobiet\u201d. Go\u015bciem spotkania b\u0119dzie Anna Herbich, autorka ksi\u0105\u017cek przedstawiaj\u0105cych kobiece spojrzenie na histori\u0119.<\/strong><\/p>\n<p>Wi\u0119kszo\u015b\u0107 ksi\u0105\u017cek historycznych, a zw\u0142aszcza tych opisuj\u0105cych prze\u0142omowe wydarzenia dla Polski w XX wieku, pisanych jest przez m\u0119\u017cczyzn, dla m\u0119\u017cczyzn i o m\u0119\u017cczyznach. Dzieje si\u0119 tak dlatego, \u017ce w dalszym ci\u0105gu obowi\u0105zuje stereotyp bohatera \u2013 m\u0119\u017cczyzny. M\u00f3wi\u0105c \u201ebohater\u201d w kontek\u015bcie Powstania Warszawskiego, widzimy \u017co\u0142nierza stoj\u0105cego na barykadzie z karabinem w r\u0119ku. M\u00f3wi\u0105c o ofiarach deportacji w g\u0142\u0105b Zwi\u0105zku Sowieckiego my\u015blimy o \u017co\u0142nierzach, kt\u00f3rzy uformowali szeregi armii genera\u0142a Andersa. A je\u015bli mowa o \u201eSolidarno\u015bci\u201d, automatycznie kojarzymy j\u0105 z Lechem Wa\u0142\u0119s\u0105 i innymi czo\u0142owymi dzia\u0142aczami zwi\u0105zku. Tymczasem we wszystkich tych wydarzeniach olbrzymi\u0105 rol\u0119 odegra\u0142y kobiety.<\/p>\n<p>W powstaniu walczy\u0142y rami\u0119 w rami\u0119 z m\u0119\u017cczyznami, nios\u0105c im pomoc, przenosz\u0105c kana\u0142ami meldunki, a w piwnicach walcz\u0105c o \u017cycie swoich dzieci. To kobiety potrafi\u0142y ocali\u0107 od \u015bmierci g\u0142odowej swoj\u0105 rodzin\u0119 na Syberii. I to kobiety przyczyni\u0142y si\u0119 do podtrzymania strajku w Stoczni Gda\u0144skiej w sierpniu 1980 roku. Niestety w ksi\u0105\u017ckach i podr\u0119cznikach ich do\u015bwiadczenia i dokonania znalaz\u0142y si\u0119 na drugim planie. Dlaczego tak si\u0119 sta\u0142o?<\/p>\n<p>Odpowiedzie\u0107 na to pytanie spr\u00f3bujemy podczas spotkania z Ann\u0105 Herbich, autork\u0105 ksi\u0105\u017cek \u201eDziewczyny z Powstania\u201d, \u201eDziewczyny z Syberii\u201d i \u201eDziewczyny z Solidarno\u015bci\u201d. W dyskusji wezm\u0105 udzia\u0142 bohaterki ksi\u0105\u017cek, pani Janina Ro\u017cecka, weteranka Powstania Warszawskiego i pani Natalia Zarzycka, kt\u00f3ra przetrwa\u0142a sowieck\u0105 deportacj\u0119 na Sybir. Zapraszamy.<\/p>\n<p><em><strong>Anna Herbich<\/strong><\/em> <em>&#8211; pisze ksi\u0105\u017cki przedstawiaj\u0105ce kobiece spojrzenie na histori\u0119. Autorka ksi\u0105\u017cek \u201eDziewczyny z Powstania\u201d i \u201eDziewczyny z Syberii\u201d. W\u0142a\u015bnie ukaza\u0142a si\u0119 jej trzecia ksi\u0105\u017cka \u201eDziewczyny z Solidarno\u015bci\u201d. Jest cz\u0142onkiem zarz\u0105du fundacji Rodacy&#8217;37.<\/em><\/p>\n","protected":false},"excerpt":{"rendered":"<p>10 grudnia (w sobot\u0119) o godzinie 15:00 Muzeum Dulag 121 zaprasza do swej siedziby (Pruszk\u00f3w, ul. 3 Maja 8A) na spotkanie organizowane w ramach cyklu Karty Historii zatytu\u0142owane \u201eHistoria oczami kobiet\u201d. Go\u015bciem spotkania b\u0119dzie Anna Herbich, autorka ksi\u0105\u017cek przedstawiaj\u0105cych kobiece spojrzenie na histori\u0119. Wi\u0119kszo\u015b\u0107 ksi\u0105\u017cek historycznych, a zw\u0142aszcza tych opisuj\u0105cych prze\u0142omowe wydarzenia dla Polski w [&hellip;]<\/p>\n","protected":false},"author":2,"featured_media":463,"comment_status":"closed","ping_status":"open","sticky":false,"template":"","format":"standard","meta":{"footnotes":""},"categories":[6],"tags":[],"class_list":["post-462","post","type-post","status-publish","format-standard","has-post-thumbnail","hentry","category-kultura"],"_links":{"self":[{"href":"https:\/\/fleschmazowsza.com.pl\/index.php?rest_route=\/wp\/v2\/posts\/462","targetHints":{"allow":["GET"]}}],"collection":[{"href":"https:\/\/fleschmazowsza.com.pl\/index.php?rest_route=\/wp\/v2\/posts"}],"about":[{"href":"https:\/\/fleschmazowsza.com.pl\/index.php?rest_route=\/wp\/v2\/types\/post"}],"author":[{"embeddable":true,"href":"https:\/\/fleschmazowsza.com.pl\/index.php?rest_route=\/wp\/v2\/users\/2"}],"replies":[{"embeddable":true,"href":"https:\/\/fleschmazowsza.com.pl\/index.php?rest_route=%2Fwp%2Fv2%2Fcomments&post=462"}],"version-history":[{"count":1,"href":"https:\/\/fleschmazowsza.com.pl\/index.php?rest_route=\/wp\/v2\/posts\/462\/revisions"}],"predecessor-version":[{"id":464,"href":"https:\/\/fleschmazowsza.com.pl\/index.php?rest_route=\/wp\/v2\/posts\/462\/revisions\/464"}],"wp:featuredmedia":[{"embeddable":true,"href":"https:\/\/fleschmazowsza.com.pl\/index.php?rest_route=\/wp\/v2\/media\/463"}],"wp:attachment":[{"href":"https:\/\/fleschmazowsza.com.pl\/index.php?rest_route=%2Fwp%2Fv2%2Fmedia&parent=462"}],"wp:term":[{"taxonomy":"category","embeddable":true,"href":"https:\/\/fleschmazowsza.com.pl\/index.php?rest_route=%2Fwp%2Fv2%2Fcategories&post=462"},{"taxonomy":"post_tag","embeddable":true,"href":"https:\/\/fleschmazowsza.com.pl\/index.php?rest_route=%2Fwp%2Fv2%2Ftags&post=462"}],"curies":[{"name":"wp","href":"https:\/\/api.w.org\/{rel}","templated":true}]}}