{"id":4614,"date":"2022-01-24T10:12:14","date_gmt":"2022-01-24T09:12:14","guid":{"rendered":"http:\/\/fleschmazowsza.com.pl\/?p=4614"},"modified":"2022-01-24T10:12:15","modified_gmt":"2022-01-24T09:12:15","slug":"daj-choince-drugie-zycie","status":"publish","type":"post","link":"https:\/\/fleschmazowsza.com.pl\/?p=4614","title":{"rendered":"Daj choince drugie \u017cycie"},"content":{"rendered":"\n<p><strong>Sezon \u015bwi\u0105teczny ju\u017c za nami. Za chwil\u0119 zgasn\u0105 kolorowe \u015bwiate\u0142ka, a choinki b\u0119d\u0105 czeka\u0142y na kolejny sezon. Tym, kt\u00f3rzy zdecydowali si\u0119 na \u017cywe drzewko w donicy, a nie maj\u0105 miejsca na wsadzenie jej do ziemi, gmina Micha\u0142owice przychodzi z propozycj\u0105.<\/strong><\/p>\n\n\n\n<p>W\u0142odarze Micha\u0142owic wpadli na pomys\u0142, aby znale\u017a\u0107 dla po\u015bwi\u0105tecznych drzewek miejsce, aby mog\u0142y swobodnie rosn\u0105\u0107 w \u015brodowisku naturalnym. Szczeg\u00f3lnie wa\u017cne w tym procesie jest przede wszystkim hartowanie. Po okresie \u015bwi\u0105tecznym, gdy drzewka przebywaj\u0105 w ogrzewanych domach, nale\u017cy je przenie\u015b\u0107 do ch\u0142odnego miejsca przed bezpo\u015brednim wsadzeniem do gruntu. W przypadku, gdy wyniesiemy choink\u0119 na mr\u00f3z prosto z mieszkania, prawdopodobnie nie b\u0119dzie szans na jej p\u00f3\u017aniejszy wzrost. Zadbane i piel\u0119gnowane przez okres \u015bwi\u0105teczny drzewka b\u0119d\u0105 mog\u0142y zosta\u0107 wsadzone na wiosn\u0119.<\/p>\n\n\n\n<p>Miejscem przeznaczonym do nasadze\u0144 po\u015bwi\u0105tecznych drzewek b\u0119dzie odcinek wzd\u0142u\u017c drogi serwisowej S8 (prawa strona w kierunku Raszyna), na odcinku od ul. Poniatowskiego do mostku w Micha\u0142owicach-Wsi. Wiosn\u0105 zostanie tam przygotowany teren \u2013 wykopane do\u0142y pod drzewka oraz przemy\u015blane zagospodarowanie. Naszym zadaniem jest wy\u0142\u0105cznie dostarczenie choinki i w\u0142o\u017cenie do gruntu.<\/p>\n\n\n\n<p>Wszyscy ch\u0119tni do wzi\u0119cia udzia\u0142u w tej akcji proszeni s\u0105 o zg\u0142oszenie telefoniczne pod numerem telefonu: 22 350 91 29, celem przygotowania terenu.<\/p>\n\n\n\n<p class=\"has-text-align-right\"><strong>(ak)<\/strong>, Fot.: <em><strong>Pixabay<\/strong><\/em><\/p>\n","protected":false},"excerpt":{"rendered":"<p>Sezon \u015bwi\u0105teczny ju\u017c za nami. Za chwil\u0119 zgasn\u0105 kolorowe \u015bwiate\u0142ka, a choinki b\u0119d\u0105 czeka\u0142y na kolejny sezon. Tym, kt\u00f3rzy zdecydowali si\u0119 na \u017cywe drzewko w donicy, a nie maj\u0105 miejsca na wsadzenie jej do ziemi, gmina Micha\u0142owice przychodzi z propozycj\u0105. W\u0142odarze Micha\u0142owic wpadli na pomys\u0142, aby znale\u017a\u0107 dla po\u015bwi\u0105tecznych drzewek miejsce, aby mog\u0142y swobodnie rosn\u0105\u0107 [&hellip;]<\/p>\n","protected":false},"author":2,"featured_media":4615,"comment_status":"closed","ping_status":"open","sticky":false,"template":"","format":"standard","meta":{"footnotes":""},"categories":[1],"tags":[],"class_list":["post-4614","post","type-post","status-publish","format-standard","has-post-thumbnail","hentry","category-uncategorized"],"_links":{"self":[{"href":"https:\/\/fleschmazowsza.com.pl\/index.php?rest_route=\/wp\/v2\/posts\/4614","targetHints":{"allow":["GET"]}}],"collection":[{"href":"https:\/\/fleschmazowsza.com.pl\/index.php?rest_route=\/wp\/v2\/posts"}],"about":[{"href":"https:\/\/fleschmazowsza.com.pl\/index.php?rest_route=\/wp\/v2\/types\/post"}],"author":[{"embeddable":true,"href":"https:\/\/fleschmazowsza.com.pl\/index.php?rest_route=\/wp\/v2\/users\/2"}],"replies":[{"embeddable":true,"href":"https:\/\/fleschmazowsza.com.pl\/index.php?rest_route=%2Fwp%2Fv2%2Fcomments&post=4614"}],"version-history":[{"count":1,"href":"https:\/\/fleschmazowsza.com.pl\/index.php?rest_route=\/wp\/v2\/posts\/4614\/revisions"}],"predecessor-version":[{"id":4617,"href":"https:\/\/fleschmazowsza.com.pl\/index.php?rest_route=\/wp\/v2\/posts\/4614\/revisions\/4617"}],"wp:featuredmedia":[{"embeddable":true,"href":"https:\/\/fleschmazowsza.com.pl\/index.php?rest_route=\/wp\/v2\/media\/4615"}],"wp:attachment":[{"href":"https:\/\/fleschmazowsza.com.pl\/index.php?rest_route=%2Fwp%2Fv2%2Fmedia&parent=4614"}],"wp:term":[{"taxonomy":"category","embeddable":true,"href":"https:\/\/fleschmazowsza.com.pl\/index.php?rest_route=%2Fwp%2Fv2%2Fcategories&post=4614"},{"taxonomy":"post_tag","embeddable":true,"href":"https:\/\/fleschmazowsza.com.pl\/index.php?rest_route=%2Fwp%2Fv2%2Ftags&post=4614"}],"curies":[{"name":"wp","href":"https:\/\/api.w.org\/{rel}","templated":true}]}}