{"id":459,"date":"2016-12-09T12:01:01","date_gmt":"2016-12-09T11:01:01","guid":{"rendered":"http:\/\/fleschmazowsza.com.pl\/?p=459"},"modified":"2016-12-09T12:01:01","modified_gmt":"2016-12-09T11:01:01","slug":"swiateczny-nastroj-na-ulicach","status":"publish","type":"post","link":"https:\/\/fleschmazowsza.com.pl\/?p=459","title":{"rendered":"\u015awi\u0105teczny nastr\u00f3j na ulicach"},"content":{"rendered":"<p><strong>Przed\u015bwi\u0105teczny nastr\u00f3j widoczny jest ju\u017c w wielu miastach naszego regionu. Sprawdzili\u015bmy jakie iluminacje \u015bwi\u0105teczne przygotowali dla nas w\u0142odarze Grodziska Mazowieckiego, Milan\u00f3wka, Brwinowa, Pruszkowa i Piastowa.<\/strong><\/p>\n<p>W Grodzisku Mazowieckim w minion\u0105 sobot\u0119, 3 grudnia br., rozb\u0142ys\u0142y \u015bwi\u0105teczne iluminacje, a w\u015br\u00f3d nich choinki na placach i w parkach. Ozdoby \u015bwi\u0105teczne b\u0119d\u0105 cieszy\u0107 mieszka\u0144c\u00f3w przez niemal dwa miesi\u0105ce, do ko\u0144ca stycznia 2017 r. B\u0119d\u0105 one kosztowa\u0142y gmin\u0119 127 500 z\u0142.<\/p>\n<p>&#8211; W powy\u017cszej kwocie zawarta jest dzier\u017cawa iluminacji i ozd\u00f3b, zakup choinek i ozd\u00f3b, transport, ca\u0142kowity monta\u017c i demonta\u017c \u2013 m\u00f3wi Piotr Le\u015bniewski, Skarbnik Gminy Grodzisk Mazowiecki. Ozdobami \u015bwi\u0105tecznymi ju\u017c od wtorku, 6 grudnia br., mo\u017ce si\u0119 pochwali\u0107 tak\u017ce Milan\u00f3wek. Na skwerze przed poczt\u0105 pojawi\u0142a si\u0119 bombka oraz o\u015bwietlona i udekorowana choinka. \u015awi\u0105teczne drzewko stan\u0119\u0142o tak\u017ce, zgodnie z miejsk\u0105 tradycj\u0105, przy targowisku miejskim. Na skwerkach i ulicach za\u015bwieci\u0142y anio\u0142y, sanie i renifery.<\/p>\n<p>Tradycyjnie rozb\u0142ys\u0142y drzewa, a na budynkach Stra\u017cy Miejskiej i Milanowskiego Centrum Kultury pojawi\u0142y si\u0119 lampki z efektem spadaj\u0105cych sopli lodu. Na budynkach Urz\u0119du Miasta za\u015bwieci\u0142y ramki ze \u015bnie\u017cynkami, a na ul. Kr\u00f3lewskiej pojawi\u0142y si\u0119 \u015bwi\u0105teczne przewieszki.<\/p>\n<p>&#8211; W tym roku miasto planuje przeznaczy\u0107 na iluminacje \u015bwietlne oko\u0142o 60 000 z\u0142. Zaproponowane nowe elementy o\u015bwietlenia \u015bwi\u0105tecznego w Milan\u00f3wku w ubieg\u0142ym roku spotka\u0142y si\u0119 z bardzo pozytywnym przyj\u0119ciem przez naszych mieszka\u0144c\u00f3w. Wierzymy, \u017ce w tym roku uda nam si\u0119 ponownie ich zachwyci\u0107 i wprowadzi\u0107 w \u015bwi\u0105teczny nastr\u00f3j \u2013 m\u00f3wi Daria G\u0105ga\u0142a z Zespo\u0142u ds. Komunikacji Spo\u0142ecznej Urz\u0119du Miasta Milan\u00f3wka.<\/p>\n<p>\u015awi\u0105teczny nastr\u00f3j zapanowa\u0142 tak\u017ce w Pruszkowie. Na g\u0142\u00f3wnych ulicach miast pojawi\u0142y si\u0119 dekoracje latarniowe, a na trawniku u zbiegu ul. Nieca\u0142ej i Al. Wojska Polskiego oraz przy wej\u015bciu do budynku Urz\u0119du Miejskiego w Pruszkowie udekorowano choinki.<\/p>\n<p>Nie zabrak\u0142o tak\u017ce dekoracji na fontannach w parku \u201eSoko\u0142a\u201d przy ul. Ko\u015bciuszki, na pl. Jana Paw\u0142a II oraz na skwerku przy ul. Kraszewskiego, gdzie dodatkowo pojawi\u0142y si\u0119 \u015bwi\u0105teczne figury renifer\u00f3w, ba\u0142wana, \u015bnie\u017cynki i choinki. Iluminacje w Pruszkowie b\u0119d\u0105 towarzyszy\u0107 mieszka\u0144com niemal ca\u0142y stycze\u0144.<\/p>\n<p>W Brwinowie tak\u017ce nie zabra\u0142o bo\u017conarodzeniowych dekoracji. Jak co roku ozdoby pojawi\u0142y si\u0119 przy g\u0142\u00f3wnych ulicach: Grodziskiej, Wilsona, Rynek, Biskupickiej, Pszczeli\u0144skiej, Ko\u015bciuszki oraz Powsta\u0144c\u00f3w Warszawy. Miasto wynaj\u0119\u0142o tak\u017ce do Parku Miejskiego 15 sztuk latarniowc\u00f3w, 2 nied\u017awiedzie, 2 \u017cagle oraz ogromn\u0105 bombk\u0119 wej\u015bciow\u0105. Iluminacje b\u0119d\u0105 cieszy\u0107 mieszka\u0144c\u00f3w Brwinowa do 2 lutego 2017 r.<\/p>\n<p>\u015awi\u0105teczny nastr\u00f3j powoli opanowuje tak\u017ce Piast\u00f3w. Tutaj iluminacje \u015bwi\u0105teczne maj\u0105 zosta\u0107 uruchomione do 12 grudnia br. Dodatkowo w poniedzia\u0142ek, 19 grudnia br., zostanie uruchomiona iluminacja w parku pomi\u0119dzy ul. Dworcow\u0105 i ul. 11 Listopada, kt\u00f3ra b\u0119dzie zwie\u0144czeniem konkursu \u201eUdekoruj sw\u00f3j Piast\u00f3w na \u015awi\u0119ta\u201d.<\/p>\n<p>&#8211; Park Miejski zwykle zim\u0105 zapada\u0142 w zimowy sen. W tym roku to si\u0119 zmieni za spraw\u0105 \u015bwi\u0105tecznych dekoracji. To b\u0119dzie wyj\u0105tkowa atrakcja znakomicie podkre\u015blaj\u0105ca nasz jubileusz, w dodatku zostanie zaprojektowana przez naszych mieszka\u0144c\u00f3w \u2013 m\u00f3wi Grzegorz Szuplewski, Burmistrz Miasta Piastowa.<\/p>\n<p style=\"text-align: right;\"><strong>Kinga Rochalska<\/strong><\/p>\n<p style=\"text-align: right;\">Fot. <strong>www.flickr.com<\/strong><\/p>\n","protected":false},"excerpt":{"rendered":"<p>Przed\u015bwi\u0105teczny nastr\u00f3j widoczny jest ju\u017c w wielu miastach naszego regionu. Sprawdzili\u015bmy jakie iluminacje \u015bwi\u0105teczne przygotowali dla nas w\u0142odarze Grodziska Mazowieckiego, Milan\u00f3wka, Brwinowa, Pruszkowa i Piastowa. W Grodzisku Mazowieckim w minion\u0105 sobot\u0119, 3 grudnia br., rozb\u0142ys\u0142y \u015bwi\u0105teczne iluminacje, a w\u015br\u00f3d nich choinki na placach i w parkach. Ozdoby \u015bwi\u0105teczne b\u0119d\u0105 cieszy\u0107 mieszka\u0144c\u00f3w przez niemal dwa miesi\u0105ce, [&hellip;]<\/p>\n","protected":false},"author":2,"featured_media":460,"comment_status":"closed","ping_status":"open","sticky":false,"template":"","format":"standard","meta":{"footnotes":""},"categories":[8],"tags":[],"class_list":["post-459","post","type-post","status-publish","format-standard","has-post-thumbnail","hentry","category-roznosci"],"_links":{"self":[{"href":"https:\/\/fleschmazowsza.com.pl\/index.php?rest_route=\/wp\/v2\/posts\/459","targetHints":{"allow":["GET"]}}],"collection":[{"href":"https:\/\/fleschmazowsza.com.pl\/index.php?rest_route=\/wp\/v2\/posts"}],"about":[{"href":"https:\/\/fleschmazowsza.com.pl\/index.php?rest_route=\/wp\/v2\/types\/post"}],"author":[{"embeddable":true,"href":"https:\/\/fleschmazowsza.com.pl\/index.php?rest_route=\/wp\/v2\/users\/2"}],"replies":[{"embeddable":true,"href":"https:\/\/fleschmazowsza.com.pl\/index.php?rest_route=%2Fwp%2Fv2%2Fcomments&post=459"}],"version-history":[{"count":1,"href":"https:\/\/fleschmazowsza.com.pl\/index.php?rest_route=\/wp\/v2\/posts\/459\/revisions"}],"predecessor-version":[{"id":461,"href":"https:\/\/fleschmazowsza.com.pl\/index.php?rest_route=\/wp\/v2\/posts\/459\/revisions\/461"}],"wp:featuredmedia":[{"embeddable":true,"href":"https:\/\/fleschmazowsza.com.pl\/index.php?rest_route=\/wp\/v2\/media\/460"}],"wp:attachment":[{"href":"https:\/\/fleschmazowsza.com.pl\/index.php?rest_route=%2Fwp%2Fv2%2Fmedia&parent=459"}],"wp:term":[{"taxonomy":"category","embeddable":true,"href":"https:\/\/fleschmazowsza.com.pl\/index.php?rest_route=%2Fwp%2Fv2%2Fcategories&post=459"},{"taxonomy":"post_tag","embeddable":true,"href":"https:\/\/fleschmazowsza.com.pl\/index.php?rest_route=%2Fwp%2Fv2%2Ftags&post=459"}],"curies":[{"name":"wp","href":"https:\/\/api.w.org\/{rel}","templated":true}]}}