{"id":4564,"date":"2021-12-17T09:28:22","date_gmt":"2021-12-17T08:28:22","guid":{"rendered":"http:\/\/fleschmazowsza.com.pl\/?p=4564"},"modified":"2021-12-17T09:28:23","modified_gmt":"2021-12-17T08:28:23","slug":"bezpieczna-choinka","status":"publish","type":"post","link":"https:\/\/fleschmazowsza.com.pl\/?p=4564","title":{"rendered":"Bezpieczna choinka"},"content":{"rendered":"\n<p><strong>Choinka, na kt\u00f3rej zamiast bombek wisz\u0105 odblaski? Czemu nie! W ten spos\u00f3b w\u0142adze Milan\u00f3wka staraj\u0105 si\u0119 w szczeg\u00f3lny spos\u00f3b przypomnie\u0107 o bezpiecze\u0144stwie pieszych i rowerzyst\u00f3w w czasie zimy, podczas kt\u00f3rej wi\u0119kszo\u015b\u0107 dnia stanowi zmrok.<\/strong><\/p>\n\n\n\n<p>Choinka ozdobiona w taki spos\u00f3b dekoruje budynek stra\u017cy miejskiej przy ul. Warszawskiej w Milan\u00f3wku. Mieszka\u0144cy mog\u0105 korzysta\u0107 z ozd\u00f3b i sami si\u0119 nimi oznacza\u0107.<\/p>\n\n\n\n<p>Pow\u00f3d do takiej dekoracji stanowi akcja \u201ePocz\u0119stuj si\u0119 odblaskiem \u015bwie\u0107 przyk\u0142adem\u201d \u2013 Choinka ubrana zosta\u0142a w g\u0142\u00f3wnej mierze z element\u00f3w odblaskowych, kt\u00f3re maj\u0105 pom\u00f3c pieszym by\u0107 widocznymi po zmierzchu \u2013 twierdz\u0105 organizatorzy. Szczeg\u00f3lnie istotne jest, aby to dzieci korzysta\u0142y z tej formy promowania bezpiecze\u0144stwa i ruchu pieszego. To najmniejsi s\u0105 najbardziej nara\u017ceni na niewidoczno\u015b\u0107.<\/p>\n\n\n\n<p>-Zach\u0119camy pieszych do korzystania z element\u00f3w odblaskowych, nie tylko po zapadni\u0119ciu zmroku poza obszarem zabudowanym, ale tak\u017ce w obszarze zabudowanym na nieo\u015bwietlonych lub niedostatecznie o\u015bwietlonych odcinkach dr\u00f3g \u2013 zach\u0119caj\u0105 stra\u017cnicy miejscy z Milan\u00f3wka.<\/p>\n\n\n\n<p class=\"has-text-align-right\"><strong>(ak)<\/strong>, Fot.: <em><strong>milanowek.pl<\/strong><\/em><\/p>\n","protected":false},"excerpt":{"rendered":"<p>Choinka, na kt\u00f3rej zamiast bombek wisz\u0105 odblaski? Czemu nie! W ten spos\u00f3b w\u0142adze Milan\u00f3wka staraj\u0105 si\u0119 w szczeg\u00f3lny spos\u00f3b przypomnie\u0107 o bezpiecze\u0144stwie pieszych i rowerzyst\u00f3w w czasie zimy, podczas kt\u00f3rej wi\u0119kszo\u015b\u0107 dnia stanowi zmrok. Choinka ozdobiona w taki spos\u00f3b dekoruje budynek stra\u017cy miejskiej przy ul. Warszawskiej w Milan\u00f3wku. Mieszka\u0144cy mog\u0105 korzysta\u0107 z ozd\u00f3b i sami [&hellip;]<\/p>\n","protected":false},"author":2,"featured_media":4565,"comment_status":"closed","ping_status":"open","sticky":false,"template":"","format":"standard","meta":{"footnotes":""},"categories":[1],"tags":[],"class_list":["post-4564","post","type-post","status-publish","format-standard","has-post-thumbnail","hentry","category-uncategorized"],"_links":{"self":[{"href":"https:\/\/fleschmazowsza.com.pl\/index.php?rest_route=\/wp\/v2\/posts\/4564","targetHints":{"allow":["GET"]}}],"collection":[{"href":"https:\/\/fleschmazowsza.com.pl\/index.php?rest_route=\/wp\/v2\/posts"}],"about":[{"href":"https:\/\/fleschmazowsza.com.pl\/index.php?rest_route=\/wp\/v2\/types\/post"}],"author":[{"embeddable":true,"href":"https:\/\/fleschmazowsza.com.pl\/index.php?rest_route=\/wp\/v2\/users\/2"}],"replies":[{"embeddable":true,"href":"https:\/\/fleschmazowsza.com.pl\/index.php?rest_route=%2Fwp%2Fv2%2Fcomments&post=4564"}],"version-history":[{"count":1,"href":"https:\/\/fleschmazowsza.com.pl\/index.php?rest_route=\/wp\/v2\/posts\/4564\/revisions"}],"predecessor-version":[{"id":4566,"href":"https:\/\/fleschmazowsza.com.pl\/index.php?rest_route=\/wp\/v2\/posts\/4564\/revisions\/4566"}],"wp:featuredmedia":[{"embeddable":true,"href":"https:\/\/fleschmazowsza.com.pl\/index.php?rest_route=\/wp\/v2\/media\/4565"}],"wp:attachment":[{"href":"https:\/\/fleschmazowsza.com.pl\/index.php?rest_route=%2Fwp%2Fv2%2Fmedia&parent=4564"}],"wp:term":[{"taxonomy":"category","embeddable":true,"href":"https:\/\/fleschmazowsza.com.pl\/index.php?rest_route=%2Fwp%2Fv2%2Fcategories&post=4564"},{"taxonomy":"post_tag","embeddable":true,"href":"https:\/\/fleschmazowsza.com.pl\/index.php?rest_route=%2Fwp%2Fv2%2Ftags&post=4564"}],"curies":[{"name":"wp","href":"https:\/\/api.w.org\/{rel}","templated":true}]}}