{"id":4561,"date":"2021-12-17T09:24:44","date_gmt":"2021-12-17T08:24:44","guid":{"rendered":"http:\/\/fleschmazowsza.com.pl\/?p=4561"},"modified":"2021-12-17T09:24:45","modified_gmt":"2021-12-17T08:24:45","slug":"magiczny-czas-swiatel","status":"publish","type":"post","link":"https:\/\/fleschmazowsza.com.pl\/?p=4561","title":{"rendered":"Magiczny czas \u015bwiate\u0142"},"content":{"rendered":"\n<p><strong>Co roku w Warszawie mamy mo\u017cliwo\u015b\u0107 podziwiania przepi\u0119knych \u015bwi\u0105tecznych iluminacji kt\u00f3re warto odwiedzi\u0107. Jest to atrakcja zar\u00f3wno dla starszych jak i m\u0142odszych. W tym roku w Warszawie mamy mo\u017cliwo\u015b\u0107 obejrzenia niesamowitych pokaz\u00f3w \u015bwiate\u0142 w trzech miejscach. Tej zimy zostan\u0105 r\u00f3wnie\u017c zorganizowane pokazy w Multimedialnym Parku Fontann. Uczestnicz\u0105c w nich mo\u017cemy podziwia\u0107 niesamowite iluminacje oraz pokazy \u015bwietlne.<\/strong><\/p>\n\n\n\n<p class=\"has-text-align-center\"><strong>Magiczny Ogr\u00f3d Botaniczny Uniwersytetu Warszawskiego<\/strong><\/p>\n\n\n\n<p>Ogr\u00f3d Botaniczny Uniwersytetu Warszawskiego 20 listopada 2021r. otworzy\u0142 si\u0119 dla zwiedzaj\u0105cych zim\u0105, po raz pierwszy od ponad 200 lat. Wystawa b\u0119dzie czynna do 27 lutego 2022 r. Dzi\u0119ki wsp\u00f3\u0142pracy z europejskim tw\u00f3rc\u0105 \u015bwietlnych ogrod\u00f3w, wystawa nie tylko oczaruje zwiedzaj\u0105cych, b\u0119dzie te\u017c szans\u0105 na poznanie tajemniczych zimowych \u015bcie\u017cek Ogrodu, kt\u00f3re do tej pory by\u0142y dla zwiedzaj\u0105cych niedost\u0119pne.<\/p>\n\n\n\n<p>Na go\u015bci czekaj\u0105 \u015bwietlne konstrukcje, kt\u00f3re nawi\u0105zuj\u0105 do najciekawszych kolekcji z Ogrodu oraz ba\u015bni i legend zwi\u0105zanych z przyrod\u0105. W\u015br\u00f3d niesamowitych konstrukcji mo\u017cemy dostrzec: rze\u017aby kwiat\u00f3w, krzew\u00f3w, ptak\u00f3w oraz le\u015bnych zwierz\u0105t. W ogrodzie znajd\u0105 si\u0119 wiekowe sosny, kwietne dywany oraz ukryte w\u015br\u00f3d drzew jelenie oraz prehistorycznego mamuta b\u0119d\u0105cego mi\u0142o\u015bnikiem mi\u0142orz\u0119bu.<\/p>\n\n\n\n<p>Magiczny Ogr\u00f3d Botaniczny jest jednym z kilku roz\u015bwietlonych park\u00f3w. Ma on jednak w sobie co\u015b wyj\u0105tkowego. Opowiada on o niezwyk\u0142ej przyrodzie, kt\u00f3r\u0105 mo\u017cna odkry\u0107 odwiedzaj\u0105c to wspania\u0142e miejsce.<\/p>\n\n\n\n<p>Ogr\u00f3d otwarty b\u0119dzie, ka\u017cdego dnia od godziny 17:00 do 21:00 z wyj\u0105tkiem kilku dni \u015bwi\u0105tecznych \u2013 (Wigilii, pierwszego dnia Bo\u017cego Narodzenia i Sylwestra). Dla m\u0142odszych i starszych go\u015bci przewidziano dodatkowe atrakcje w postaci strefy zabaw oraz gry terenowej powi\u0105zanej z tras\u0105 zwiedzania.<\/p>\n\n\n\n<p class=\"has-text-align-center\"><strong>Wystawa \u201eOgr\u00f3d \u015awiate\u0142\u201d \u2013 Piotru\u015b Pan<\/strong><\/p>\n\n\n\n<p>Od 5 listopada 2021 do 27 lutego 2022 Ogr\u00f3d Botaniczny w Powsinie rozb\u0142y\u015bnie tysi\u0105cem \u015bwiate\u0142 i zamieni si\u0119 w magiczn\u0105 krain\u0119. Zwiedzaj\u0105cy przenios\u0105 si\u0119 do magicznej Nibylandi pe\u0142nej atrakcji takich jak 30 tysi\u0119cy instalacji \u015bwietlnych, choinka multimedialna stworzona ze \u015bwiate\u0142 LED, pokazy laserowe wraz z opraw\u0105 d\u017awi\u0119kow\u0105 oraz wideomappingi. Nie zabraknie r\u00f3wnie\u017c wyzwa\u0144 dla najm\u0142odszych oraz photopoint\u00f3w rozmieszczonych na terenie ca\u0142ej wystawy, takich jak Tunel Pod Pi\u00f3rami, Ramka Elf\u00f3w oraz Pi\u00f3ropusz Wodza Pantery.<\/p>\n\n\n\n<p class=\"has-text-align-center\"><strong>Kr\u00f3lewski Ogr\u00f3d \u015awiat\u0142a<\/strong><\/p>\n\n\n\n<p>Kr\u00f3lewski Ogr\u00f3d \u015awiat\u0142a przy pa\u0142acu w Wilanowie to wystawa plenerowa, kt\u00f3ra b\u0119dzie czynna do 27 lutego 2022 roku. W ramach wystawy tysi\u0105ce kolorowych diod zosta\u0142o u\u0142o\u017conych w finezyjne kszta\u0142ty. Go\u015bci kt\u00f3rzy przybywaj\u0105 po zmroku do pa\u0142acu prowadzi \u015bwietlisty tunel, kt\u00f3remu towarzyszy muzyka klasyczna. Na dziedzi\u0144cu odwiedzaj\u0105cych wita strze\u017cona przez or\u0142y pergola. Za ni\u0105 znajduje si\u0119 Zimowy Ogr\u00f3d Kr\u00f3la. Go\u015bcie mog\u0105 w nim spacerowa\u0107 w alei pe\u0142nej \u015bwietlistych pn\u0105czy i drzewek pomara\u0144czowych. Zosta\u0142a r\u00f3wnie\u017c zaprojektowana Karuzela \u015awietlna mieni\u0105ca si\u0119 setkami \u015bwiate\u0142. Na pocz\u0105tku grudnia zosta\u0142a otwarta kolejna cz\u0119\u015b\u0107 wystawy kt\u00f3r\u0105 jest Ogr\u00f3d R\u00f3\u017cany.<\/p>\n\n\n\n<p>Uczestnictwo w pokazach \u015bwiate\u0142 z pewno\u015bci\u0105 b\u0119dzie niezapomnianym prze\u017cyciem zapami\u0119tanym na d\u0142ugo.<\/p>\n\n\n\n<p class=\"has-text-align-right\"><strong>Marta W\u00f3jcik<\/strong><\/p>\n","protected":false},"excerpt":{"rendered":"<p>Co roku w Warszawie mamy mo\u017cliwo\u015b\u0107 podziwiania przepi\u0119knych \u015bwi\u0105tecznych iluminacji kt\u00f3re warto odwiedzi\u0107. Jest to atrakcja zar\u00f3wno dla starszych jak i m\u0142odszych. W tym roku w Warszawie mamy mo\u017cliwo\u015b\u0107 obejrzenia niesamowitych pokaz\u00f3w \u015bwiate\u0142 w trzech miejscach. Tej zimy zostan\u0105 r\u00f3wnie\u017c zorganizowane pokazy w Multimedialnym Parku Fontann. Uczestnicz\u0105c w nich mo\u017cemy podziwia\u0107 niesamowite iluminacje oraz pokazy [&hellip;]<\/p>\n","protected":false},"author":2,"featured_media":4562,"comment_status":"closed","ping_status":"open","sticky":false,"template":"","format":"standard","meta":{"footnotes":""},"categories":[8],"tags":[],"class_list":["post-4561","post","type-post","status-publish","format-standard","has-post-thumbnail","hentry","category-roznosci"],"_links":{"self":[{"href":"https:\/\/fleschmazowsza.com.pl\/index.php?rest_route=\/wp\/v2\/posts\/4561","targetHints":{"allow":["GET"]}}],"collection":[{"href":"https:\/\/fleschmazowsza.com.pl\/index.php?rest_route=\/wp\/v2\/posts"}],"about":[{"href":"https:\/\/fleschmazowsza.com.pl\/index.php?rest_route=\/wp\/v2\/types\/post"}],"author":[{"embeddable":true,"href":"https:\/\/fleschmazowsza.com.pl\/index.php?rest_route=\/wp\/v2\/users\/2"}],"replies":[{"embeddable":true,"href":"https:\/\/fleschmazowsza.com.pl\/index.php?rest_route=%2Fwp%2Fv2%2Fcomments&post=4561"}],"version-history":[{"count":1,"href":"https:\/\/fleschmazowsza.com.pl\/index.php?rest_route=\/wp\/v2\/posts\/4561\/revisions"}],"predecessor-version":[{"id":4563,"href":"https:\/\/fleschmazowsza.com.pl\/index.php?rest_route=\/wp\/v2\/posts\/4561\/revisions\/4563"}],"wp:featuredmedia":[{"embeddable":true,"href":"https:\/\/fleschmazowsza.com.pl\/index.php?rest_route=\/wp\/v2\/media\/4562"}],"wp:attachment":[{"href":"https:\/\/fleschmazowsza.com.pl\/index.php?rest_route=%2Fwp%2Fv2%2Fmedia&parent=4561"}],"wp:term":[{"taxonomy":"category","embeddable":true,"href":"https:\/\/fleschmazowsza.com.pl\/index.php?rest_route=%2Fwp%2Fv2%2Fcategories&post=4561"},{"taxonomy":"post_tag","embeddable":true,"href":"https:\/\/fleschmazowsza.com.pl\/index.php?rest_route=%2Fwp%2Fv2%2Ftags&post=4561"}],"curies":[{"name":"wp","href":"https:\/\/api.w.org\/{rel}","templated":true}]}}