{"id":4528,"date":"2021-12-03T12:58:37","date_gmt":"2021-12-03T11:58:37","guid":{"rendered":"http:\/\/fleschmazowsza.com.pl\/?p=4528"},"modified":"2021-12-06T11:49:27","modified_gmt":"2021-12-06T10:49:27","slug":"przedswiateczne-wydarzenia","status":"publish","type":"post","link":"https:\/\/fleschmazowsza.com.pl\/?p=4528","title":{"rendered":"Przed\u015bwi\u0105teczne  wydarzenia"},"content":{"rendered":"\n<div class=\"wp-block-envira-envira-gallery\"><div id=\"envira-gallery-wrap-4537\" class=\"envira-gallery-wrap envira-gallery-theme-base envira-lightbox-theme-base\" itemscope itemtype=\"https:\/\/schema.org\/ImageGallery\"><div data-row-height=\"150\" data-gallery-theme=\"normal\" id=\"envira-gallery-4537\" class=\"envira-gallery-public envira-gallery-justified-public envira-gallery-0-columns envira-clear enviratope envira-gallery-css-animations\" data-envira-columns=\"0\"><div id=\"envira-gallery-item-4529\" class=\"envira-gallery-item enviratope-item envira-gallery-item-1 envira-lazy-load\" style=\"padding-left: 1px; padding-bottom: 1px; padding-right: 1px;\"  itemscope itemtype=\"https:\/\/schema.org\/ImageObject\"><div class=\"envira-gallery-item-inner\"><div class=\"envira-gallery-position-overlay  envira-gallery-top-left\"><\/div><div class=\"envira-gallery-position-overlay  envira-gallery-top-right\"><\/div><div class=\"envira-gallery-position-overlay  envira-gallery-bottom-left\"><\/div><div class=\"envira-gallery-position-overlay  envira-gallery-bottom-right\"><\/div><a href=\"http:\/\/fleschmazowsza.com.pl\/wp-content\/uploads\/2021\/12\/1-pdf.jpg\" class=\"envira-gallery-4537 envira-gallery-link\" rel=\"enviragallery4537\" title=\"1\" data-envira-caption=\"1\" data-envira-retina=\"\" data-thumbnail=\"\"  itemprop=\"contentUrl\"><img decoding=\"async\" id=\"envira-gallery-image-4529\" class=\"envira-gallery-image envira-gallery-image-1 envira-normal envira-lazy\" data-envira-index=\"1\" src=\"https:\/\/fleschmazowsza.com.pl\/wp-content\/uploads\/2021\/12\/1-pdf-725x1024-640x480.jpg\" data-envira-src=\"https:\/\/fleschmazowsza.com.pl\/wp-content\/uploads\/2021\/12\/1-pdf-725x1024-640x480.jpg\" data-envira-gallery-id=\"4537\" data-envira-item-id=\"4529\" data-envira-caption=\"1\" alt=\"\" title=\"1\"  itemprop=\"thumbnailUrl\" data-envira-srcset=\"https:\/\/fleschmazowsza.com.pl\/wp-content\/uploads\/2021\/12\/1-pdf-725x1024-640x480.jpg 400w,https:\/\/fleschmazowsza.com.pl\/wp-content\/uploads\/2021\/12\/1-pdf-725x1024-640x480.jpg 2x\" data-envira-width=\"212\" data-envira-height=\"300\" srcset=\"data:image\/gif;base64,R0lGODlhAQABAIAAAP\/\/\/\/\/\/\/yH5BAEKAAEALAAAAAABAAEAAAICTAEAOw==\" data-safe-src=\"data:image\/gif;base64,R0lGODlhAQABAIAAAP\/\/\/\/\/\/\/yH5BAEKAAEALAAAAAABAAEAAAICTAEAOw==\" \/><\/a><\/div><\/div><div id=\"envira-gallery-item-4531\" class=\"envira-gallery-item enviratope-item envira-gallery-item-2 envira-lazy-load\" style=\"padding-left: 1px; padding-bottom: 1px; padding-right: 1px;\"  itemscope itemtype=\"https:\/\/schema.org\/ImageObject\"><div class=\"envira-gallery-item-inner\"><div class=\"envira-gallery-position-overlay  envira-gallery-top-left\"><\/div><div class=\"envira-gallery-position-overlay  envira-gallery-top-right\"><\/div><div class=\"envira-gallery-position-overlay  envira-gallery-bottom-left\"><\/div><div class=\"envira-gallery-position-overlay  envira-gallery-bottom-right\"><\/div><a href=\"http:\/\/fleschmazowsza.com.pl\/wp-content\/uploads\/2021\/12\/2-pdf.jpg\" class=\"envira-gallery-4537 envira-gallery-link\" rel=\"enviragallery4537\" title=\"2\" data-envira-caption=\"2\" data-envira-retina=\"\" data-thumbnail=\"\"  itemprop=\"contentUrl\"><img decoding=\"async\" id=\"envira-gallery-image-4531\" class=\"envira-gallery-image envira-gallery-image-2 envira-normal envira-lazy\" data-envira-index=\"2\" src=\"https:\/\/fleschmazowsza.com.pl\/wp-content\/uploads\/2021\/12\/2-pdf-771x1024-640x480.jpg\" data-envira-src=\"https:\/\/fleschmazowsza.com.pl\/wp-content\/uploads\/2021\/12\/2-pdf-771x1024-640x480.jpg\" data-envira-gallery-id=\"4537\" data-envira-item-id=\"4531\" data-envira-caption=\"2\" alt=\"\" title=\"2\"  itemprop=\"thumbnailUrl\" data-envira-srcset=\"https:\/\/fleschmazowsza.com.pl\/wp-content\/uploads\/2021\/12\/2-pdf-771x1024-640x480.jpg 400w,https:\/\/fleschmazowsza.com.pl\/wp-content\/uploads\/2021\/12\/2-pdf-771x1024-640x480.jpg 2x\" data-envira-width=\"226\" data-envira-height=\"300\" srcset=\"data:image\/gif;base64,R0lGODlhAQABAIAAAP\/\/\/\/\/\/\/yH5BAEKAAEALAAAAAABAAEAAAICTAEAOw==\" data-safe-src=\"data:image\/gif;base64,R0lGODlhAQABAIAAAP\/\/\/\/\/\/\/yH5BAEKAAEALAAAAAABAAEAAAICTAEAOw==\" \/><\/a><\/div><\/div><\/div><\/div><noscript><img decoding=\"async\" src=\"https:\/\/fleschmazowsza.com.pl\/wp-content\/uploads\/2021\/12\/1-pdf.jpg\" alt=\"\" \/><img decoding=\"async\" src=\"https:\/\/fleschmazowsza.com.pl\/wp-content\/uploads\/2021\/12\/2-pdf.jpg\" alt=\"\" \/><\/noscript><\/div>\n\n\n\n<p><strong>Bo\u017ce Narodzenie jest wyj\u0105tkowym czasem. R\u00f3wnie magiczny, jest czas poprzedzaj\u0105cy \u015bwi\u0119ta. W wspania\u0142y nastr\u00f3j wprowadzaj\u0105 nas r\u00f3\u017cne wydarzenia organizowane przez miasta. W grudniu mamy mo\u017cliwo\u015b\u0107 uczestniczenia w przepi\u0119knych Jarmarkach \u015awi\u0105tecznych oraz imprezach miko\u0142ajkowych. Jak co roku na terenie powiat\u00f3w: pruszkowskiego i grodziskiego organizuje atrakcje dla mieszka\u0144c\u00f3w z okazji Miko\u0142ajek oraz zbli\u017caj\u0105cego si\u0119 okresu \u015bwi\u0105tecznego.<\/strong><\/p>\n\n\n\n<p class=\"has-text-align-center\"><strong>Kiermasz Bo\u017conarodzeniowy w Pruszkowie<\/strong><\/p>\n\n\n\n<p>Kiermasz Bo\u017conarodzeniowy odb\u0119dzie si\u0119 w dniach 05.12 oraz 12.12.2021r w godzinach 07:00 \u2013 15:00 na terenie targowiska miejskiego w Pruszkowie przy ulicy Komorowskiej 14.<\/p>\n\n\n\n<p class=\"has-text-align-center\"><strong>Nadarzy\u0144ski Jarmark \u015awi\u0105teczny<\/strong><\/p>\n\n\n\n<p>W tym roku zostanie zorganizowany pierwszy Nadarzy\u0144ski Jarmark \u015awi\u0105teczny, kt\u00f3ry odb\u0119dzie si\u0119 w dniach 11 \u2013 12 grudnia w godzinach 13:00 \u2013 18:00 .Na najm\u0142odszych na placu Poniatowskiego b\u0119dzie czeka\u0107 karuzela, a w parku b\u0119dzie mo\u017cliwo\u015b\u0107 spotkania \u015awi\u0119tego Miko\u0142aja. Kolejn\u0105 atrakcj\u0105 b\u0119d\u0105 warsztaty \u015bwi\u0105teczne r\u0119kodzie\u0142a, prowadzone przez O\u015brodek Pomocy Spo\u0142ecznej \u201eOgnisko T\u0119cza\u201d. O godzinie 13:00 w sobot\u0119 odb\u0119dzie si\u0119 koncert kol\u0119d. W p\u00f3\u017aniejszych godzinach zaplanowane s\u0105 warsztaty oraz pokazy rze\u017aby w lodzie. Sobotnie atrakcje zako\u0144cz\u0105 si\u0119 wyst\u0119pem teatru ognia. Na niedziel\u0119 zosta\u0142 zaproszony P\u00f3\u0142finalista programu Top Chef Marcin Jab\u0142o\u0144ski kt\u00f3ry wraz z dzie\u0107mi upiecze \u015bwi\u0105teczne pierniczki. Jarmark zostanie zako\u0144czony pokazem laser\u00f3w.<\/p>\n\n\n\n<p class=\"has-text-align-center\"><strong>\u015awi\u0105teczny Kiermasz R\u0119kodzie\u0142a w gminie Micha\u0142owice<\/strong><\/p>\n\n\n\n<p>Kiermasz R\u0119kodzie\u0142a odb\u0119dzie si\u0119 5 grudnia przed urz\u0119dem gminy w Regu\u0142ach przy al. Powsta\u0144c\u00f3w Warszawy 1. Podczas kiermaszu w godzinach 12:00 \u2013 18:00 b\u0119dzie mo\u017cliwo\u015b\u0107 zakupu wyj\u0105tkowych prac. Przed urz\u0119dem pojawi\u0105 si\u0119 stoiska z ozdobami, kartkami \u015bwi\u0105tecznymi, bi\u017cuteri\u0105, ceramik\u0105, zabawkami oraz r\u0119cznie wykonanymi torbami. O godzinie 13:00 uczestnik\u00f3w kiermaszu odwiedz\u0105 MotoMiko\u0142aje. W godzinach 12:00 \u2013 16:30 b\u0119dzie czynna strefa animacji dla dzieci. O godzinie 16:00 wszyscy uczestnicy wydarzenia wsp\u00f3lnie odpal\u0105 dekoracje \u015bwi\u0105teczne.<\/p>\n\n\n\n<p>W Tym dniu zosta\u0142 te\u017c zaplanowany festyn ,,Magia \u015awi\u0105t\u201d, kt\u00f3ry r\u00f3wnie\u017c dwiedz\u0105 MotoMiko\u0142aje .Odb\u0119dzie si\u0119 on w Komorowie na Placu Markiewicz\u00f3w. Uczestnicy wydarzenia wsp\u00f3lnie b\u0119d\u0105 \u015bpiewa\u0107 \u015bwi\u0105teczne piosenki.<\/p>\n\n\n\n<p class=\"has-text-align-center\"><strong>Milanowski Kiermasz \u015awi\u0105teczny<\/strong><\/p>\n\n\n\n<p>18 grudnia w godzinach 10:00 \u2013 17:00 przy ulicy Ko\u015bcielnej 3 w Milan\u00f3wku odb\u0119dzie si\u0119 Kiermasz \u015awi\u0105teczny. Wydarzenie b\u0119dzie pe\u0142ne atrakcji. Dla najm\u0142odszych uczestnik\u00f3w wydarzenia zostanie zorganizowane spotkanie z Miko\u0142ajem. Podczas kiermaszu znajdziemy wiele artyku\u0142\u00f3w spo\u017cywczych, wypiek\u00f3w, ozd\u00f3b oraz r\u0119kodzie\u0142 zwi\u0105zanych ze \u015bwi\u0119tami Bo\u017cego Narodzenia.<\/p>\n\n\n\n<p class=\"has-text-align-center\"><strong>Okres przed\u015bwi\u0105teczny w Grodzisku Mazowieckim<\/strong><\/p>\n\n\n\n<p>Dnia 4 grudnia w godzinach 13:00 \u2013 17:00 w Grodzisku w Mediatece przy ulicy 3 Maja b\u0119d\u0105 odbywa\u0107 si\u0119 Miko\u0142ajkowe warsztaty plastyczne.<\/p>\n\n\n\n<p>Dnia 5 grudnia na najm\u0142odszych czeka\u0107 b\u0119dzie wiele atrakcji, kt\u00f3re rozpoczn\u0105 si\u0119 Tourne Miko\u0142aja po gminie. Miko\u0142aj odwiedzi ma\u0142ych mieszka\u0144c\u00f3w Grodziska. O godzinie 16:30 przy ulicy Sp\u00f3\u0142dzielczej 9 na placu przed Centrum Kultury odb\u0119d\u0105 si\u0119 Zimowe Historie Ogniem i \u015awiat\u0142em Malowane \u2013 teatr ognia. Po pokazie o godzinie 17:00 zostan\u0105 rozpalone \u015bwiate\u0142ka na choince.<\/p>\n\n\n\n<p>Atrakcje miko\u0142ajkowe to nie wszystko, co w tym roku zosta\u0142o przygotowane dla mieszka\u0144c\u00f3w Grodziska Mazowieckiego. W dwa weekendy 11 \u2013 13 oraz 18 \u2013 20 grudnia w godzinach 12:00 \u2013 19:00, b\u0119dzie mo\u017cliwo\u015b\u0107 odwiedzenia \u201eChoinkowej Wioski\u201d przy ulicy Uko\u015bnej 5 w Kozerach. Wydarzenie to jest zorganizowane przez szk\u00f3\u0142k\u0119 ro\u015blin Uli\u0144scy. W uroczych domkach b\u0119dzie mo\u017cliwo\u015b\u0107 zakupu r\u0119kodzie\u0142a oraz \u015bwi\u0105tecznych potraw. Na mieszka\u0144c\u00f3w b\u0119d\u0105 czeka\u0142y r\u00f3wnie\u017c gor\u0105ce przek\u0105ski oraz napoje.<\/p>\n\n\n\n<p class=\"has-text-align-center\"><strong>***<\/strong><\/p>\n\n\n\n<p>W grudniu rozpocz\u0105\u0142 si\u0119 sezon na jarmarki \u015bwi\u0105teczne, na kt\u00f3rych mo\u017cemy spotka\u0107 stoiska z ozdobami \u015bwi\u0105tecznymi oraz s\u0142odyczami. Miasta roz\u015bwietlone s\u0105 kolorowymi lampkami oraz licznymi ozdobami przyci\u0105gaj\u0105cymi uwag\u0119 Zach\u0119camy do wzi\u0119cia udzia\u0142u w wydarzeniach przygotowanych przez samorz\u0105dy powiatu pruszkowskiego i grodziskiego. Mimo i\u017c do Bo\u017cego Narodzenia zosta\u0142 jeszcze miesi\u0105c to ju\u017c teraz mamy mo\u017cliwo\u015b\u0107 poczu\u0107 magi\u0119 \u015bwi\u0105t.<\/p>\n\n\n\n<p class=\"has-text-align-right\">Zebra\u0142a: <strong>Marta W\u00f3jcik<\/strong><\/p>\n","protected":false},"excerpt":{"rendered":"<p>Bo\u017ce Narodzenie jest wyj\u0105tkowym czasem. R\u00f3wnie magiczny, jest czas poprzedzaj\u0105cy \u015bwi\u0119ta. W wspania\u0142y nastr\u00f3j wprowadzaj\u0105 nas r\u00f3\u017cne wydarzenia organizowane przez miasta. W grudniu mamy mo\u017cliwo\u015b\u0107 uczestniczenia w przepi\u0119knych Jarmarkach \u015awi\u0105tecznych oraz imprezach miko\u0142ajkowych. Jak co roku na terenie powiat\u00f3w: pruszkowskiego i grodziskiego organizuje atrakcje dla mieszka\u0144c\u00f3w z okazji Miko\u0142ajek oraz zbli\u017caj\u0105cego si\u0119 okresu \u015bwi\u0105tecznego. Kiermasz [&hellip;]<\/p>\n","protected":false},"author":2,"featured_media":4552,"comment_status":"closed","ping_status":"open","sticky":false,"template":"","format":"standard","meta":{"footnotes":""},"categories":[1],"tags":[],"class_list":["post-4528","post","type-post","status-publish","format-standard","has-post-thumbnail","hentry","category-uncategorized"],"_links":{"self":[{"href":"https:\/\/fleschmazowsza.com.pl\/index.php?rest_route=\/wp\/v2\/posts\/4528","targetHints":{"allow":["GET"]}}],"collection":[{"href":"https:\/\/fleschmazowsza.com.pl\/index.php?rest_route=\/wp\/v2\/posts"}],"about":[{"href":"https:\/\/fleschmazowsza.com.pl\/index.php?rest_route=\/wp\/v2\/types\/post"}],"author":[{"embeddable":true,"href":"https:\/\/fleschmazowsza.com.pl\/index.php?rest_route=\/wp\/v2\/users\/2"}],"replies":[{"embeddable":true,"href":"https:\/\/fleschmazowsza.com.pl\/index.php?rest_route=%2Fwp%2Fv2%2Fcomments&post=4528"}],"version-history":[{"count":3,"href":"https:\/\/fleschmazowsza.com.pl\/index.php?rest_route=\/wp\/v2\/posts\/4528\/revisions"}],"predecessor-version":[{"id":4555,"href":"https:\/\/fleschmazowsza.com.pl\/index.php?rest_route=\/wp\/v2\/posts\/4528\/revisions\/4555"}],"wp:featuredmedia":[{"embeddable":true,"href":"https:\/\/fleschmazowsza.com.pl\/index.php?rest_route=\/wp\/v2\/media\/4552"}],"wp:attachment":[{"href":"https:\/\/fleschmazowsza.com.pl\/index.php?rest_route=%2Fwp%2Fv2%2Fmedia&parent=4528"}],"wp:term":[{"taxonomy":"category","embeddable":true,"href":"https:\/\/fleschmazowsza.com.pl\/index.php?rest_route=%2Fwp%2Fv2%2Fcategories&post=4528"},{"taxonomy":"post_tag","embeddable":true,"href":"https:\/\/fleschmazowsza.com.pl\/index.php?rest_route=%2Fwp%2Fv2%2Ftags&post=4528"}],"curies":[{"name":"wp","href":"https:\/\/api.w.org\/{rel}","templated":true}]}}