{"id":4510,"date":"2021-11-19T12:02:20","date_gmt":"2021-11-19T11:02:20","guid":{"rendered":"http:\/\/fleschmazowsza.com.pl\/?p=4510"},"modified":"2021-11-19T12:02:20","modified_gmt":"2021-11-19T11:02:20","slug":"caly-region-swietowal-niepodleglosc","status":"publish","type":"post","link":"https:\/\/fleschmazowsza.com.pl\/?p=4510","title":{"rendered":"Ca\u0142y region \u015bwi\u0119towa\u0142 niepodleg\u0142o\u015b\u0107"},"content":{"rendered":"\n<p><strong>11 listopada to wa\u017cne dla wszystkich Polak\u00f3w \u015bwi\u0119to. W ca\u0142ym kraju organizowano wydarzenia kulturalne maj\u0105ce odda\u0107 klimat 1918 roku. W naszym regionie r\u00f3wnie\u017c odby\u0142 si\u0119 szereg atrakcji maj\u0105cych upami\u0119tni\u0107 t\u0119 wa\u017cn\u0105 dat\u0119.<\/strong><\/p>\n\n\n\n<p class=\"has-text-align-center\"><strong>\u201eNiepodleg\u0142a do Hymnu\u201d w Pruszkowie<\/strong><\/p>\n\n\n\n<p>W\u0142adze powiatu pruszkowskiego zorganizowa\u0142y wsp\u00f3lne od\u015bpiewanie Mazurka D\u0105browskiego w ramach wydarzenia \u201eNiepodleg\u0142a do Hymnu\u201d. Zosta\u0142a odprawiona r\u00f3wnie\u017c msza \u015bw. w intencji Ojczyzny oraz odby\u0142 si\u0119 koncert pie\u015bni patriotycznych i ludowych zespo\u0142\u00f3w: \u201ePruszkowiacy\u201d i \u201eZgoda\u201d. Z\u0142o\u017cono tak\u017ce uroczy\u015bcie kwiaty pod pomnikiem Niepodleg\u0142o\u015bci.<\/p>\n\n\n\n<p class=\"has-text-align-center\"><strong>Grodzisk Mazowiecki obudzi\u0142 defilad\u0105<\/strong><\/p>\n\n\n\n<p>W Grodzisku Mazowieckim pierwszym przejawem \u015bwi\u0119towania by\u0142 poranny przemarsz M\u0142odzie\u017cowej Orkiestry D\u0119tej. Odby\u0142y si\u0119 r\u00f3wnie\u017c warsztaty robienia kotylion\u00f3w patriotycznych, a tak\u017ce piknik rodzinny z typow\u0105 wojskow\u0105 groch\u00f3wk\u0105. Pod Centrum Kultury z kolei czeka\u0142 tort serwowany przez Pi\u0142sudskiego, film niemy z nawi\u0105zaniem tematycznym oraz koncert pie\u015bni patriotycznych. Cz\u0119\u015bci\u0105 obchod\u00f3w by\u0142y tak\u017ce zawody strzeleckie oraz biegi prze\u0142ajowe.<\/p>\n\n\n\n<p class=\"has-text-align-center\"><strong>W Piastowie wystawa<\/strong><\/p>\n\n\n\n<p>Piast\u00f3w zacz\u0105\u0142 \u015bwi\u0119towa\u0107 dzie\u0144 wcze\u015bniej, 10 listopada, kiedy otwarto w Parku Niepodleg\u0142o\u015bci wystaw\u0119 \u201eCzas bohater\u00f3w. Piast\u00f3w w walce o Niepodleg\u0142\u0105 1939-1945\u201d zorganizowan\u0105 przez Mazowieck\u0105 Wsp\u00f3lnot\u0119 Samorz\u0105dow\u0105 przy dofinansowaniu z bud\u017cetu Wojew\u00f3dztwa Mazowieckiego. 11 listopada mia\u0142a miejsce tak\u017ce msza \u015bw. w intencji Ojczyzny.<\/p>\n\n\n\n<p class=\"has-text-align-center\"><strong>\u201eKomorowski wehiku\u0142 czasu\u201d<\/strong><\/p>\n\n\n\n<p>Komor\u00f3w rozpocz\u0105\u0142 celebracj\u0119 msz\u0105 \u015bw. w Micha\u0142owicach, po kt\u00f3rej mo\u017cna by\u0142o wys\u0142ucha\u0107 koncertu pie\u015bni patriotycznych, w kt\u00f3rym wzi\u0119li udzia\u0142 piosenkarze z teatru Buffo. Na Placu Ignacego Paderewskiego odby\u0142 si\u0119 niepodleg\u0142o\u015bciowy piknik historyczny \u201eKomorowski wehiku\u0142 czasu\u201d. Przewidziane by\u0142y pokazy kawalerii, mo\u017cliwo\u015b\u0107 zata\u0144czenia poloneza i wsp\u00f3lne \u015bpiewanie pie\u015bni.<\/p>\n\n\n\n<p class=\"has-text-align-right\"><strong>AK<\/strong>, Fot.: <em><strong>Pixabay<\/strong><\/em><\/p>\n","protected":false},"excerpt":{"rendered":"<p>11 listopada to wa\u017cne dla wszystkich Polak\u00f3w \u015bwi\u0119to. W ca\u0142ym kraju organizowano wydarzenia kulturalne maj\u0105ce odda\u0107 klimat 1918 roku. W naszym regionie r\u00f3wnie\u017c odby\u0142 si\u0119 szereg atrakcji maj\u0105cych upami\u0119tni\u0107 t\u0119 wa\u017cn\u0105 dat\u0119. \u201eNiepodleg\u0142a do Hymnu\u201d w Pruszkowie W\u0142adze powiatu pruszkowskiego zorganizowa\u0142y wsp\u00f3lne od\u015bpiewanie Mazurka D\u0105browskiego w ramach wydarzenia \u201eNiepodleg\u0142a do Hymnu\u201d. Zosta\u0142a odprawiona r\u00f3wnie\u017c msza [&hellip;]<\/p>\n","protected":false},"author":2,"featured_media":4511,"comment_status":"closed","ping_status":"open","sticky":false,"template":"","format":"standard","meta":{"footnotes":""},"categories":[5],"tags":[],"class_list":["post-4510","post","type-post","status-publish","format-standard","has-post-thumbnail","hentry","category-wiadomosci"],"_links":{"self":[{"href":"https:\/\/fleschmazowsza.com.pl\/index.php?rest_route=\/wp\/v2\/posts\/4510","targetHints":{"allow":["GET"]}}],"collection":[{"href":"https:\/\/fleschmazowsza.com.pl\/index.php?rest_route=\/wp\/v2\/posts"}],"about":[{"href":"https:\/\/fleschmazowsza.com.pl\/index.php?rest_route=\/wp\/v2\/types\/post"}],"author":[{"embeddable":true,"href":"https:\/\/fleschmazowsza.com.pl\/index.php?rest_route=\/wp\/v2\/users\/2"}],"replies":[{"embeddable":true,"href":"https:\/\/fleschmazowsza.com.pl\/index.php?rest_route=%2Fwp%2Fv2%2Fcomments&post=4510"}],"version-history":[{"count":1,"href":"https:\/\/fleschmazowsza.com.pl\/index.php?rest_route=\/wp\/v2\/posts\/4510\/revisions"}],"predecessor-version":[{"id":4512,"href":"https:\/\/fleschmazowsza.com.pl\/index.php?rest_route=\/wp\/v2\/posts\/4510\/revisions\/4512"}],"wp:featuredmedia":[{"embeddable":true,"href":"https:\/\/fleschmazowsza.com.pl\/index.php?rest_route=\/wp\/v2\/media\/4511"}],"wp:attachment":[{"href":"https:\/\/fleschmazowsza.com.pl\/index.php?rest_route=%2Fwp%2Fv2%2Fmedia&parent=4510"}],"wp:term":[{"taxonomy":"category","embeddable":true,"href":"https:\/\/fleschmazowsza.com.pl\/index.php?rest_route=%2Fwp%2Fv2%2Fcategories&post=4510"},{"taxonomy":"post_tag","embeddable":true,"href":"https:\/\/fleschmazowsza.com.pl\/index.php?rest_route=%2Fwp%2Fv2%2Ftags&post=4510"}],"curies":[{"name":"wp","href":"https:\/\/api.w.org\/{rel}","templated":true}]}}