{"id":4504,"date":"2021-11-19T11:52:51","date_gmt":"2021-11-19T10:52:51","guid":{"rendered":"http:\/\/fleschmazowsza.com.pl\/?p=4504"},"modified":"2021-11-19T11:52:52","modified_gmt":"2021-11-19T10:52:52","slug":"koniec-luki-prawnej-ws-niedziel-niehandlowych","status":"publish","type":"post","link":"https:\/\/fleschmazowsza.com.pl\/?p=4504","title":{"rendered":"Koniec luki prawnej ws. niedziel niehandlowych"},"content":{"rendered":"\n<p><strong>Od zakazu handlu w niedziel\u0119, niekt\u00f3re sklepy zacz\u0119\u0142y \u201emiga\u0107 si\u0119\u201d za pomoc\u0105 wykorzystywania luki prawnej umo\u017cliwiaj\u0105cej dzia\u0142anie miejscom, kt\u00f3re spe\u0142niaj\u0105 jednocze\u015bnie funkcj\u0119 plac\u00f3wki pocztowej. W tym miesi\u0105cu zosta\u0142a uchwalona ustawa, kt\u00f3ra okre\u015bla szczeg\u00f3\u0142y takiej dzia\u0142alno\u015bci.<\/strong><\/p>\n\n\n\n<p>Niedziele niehandlowe to wci\u0105\u017c temat, kt\u00f3ry dzieli Polak\u00f3w. Bez w\u0105tpienia jednak jest to dla niekt\u00f3rych utrapienie i pow\u00f3d do rezygnacji z zakup\u00f3w podczas wolnego dnia. Narzekaj\u0105 te\u017c przedsi\u0119biorcy, kt\u00f3rzy deklaruj\u0105 mniejszy zarobek.<\/p>\n\n\n\n<p>Od jakiego\u015b czasu wiele sklep\u00f3w zacz\u0119\u0142o wykorzystywa\u0107 brak dookre\u015blenia przepis\u00f3w zwi\u0105zanych z dzia\u0142aniem plac\u00f3wek pocztowych. Po uszczelnieniu przepis\u00f3w, od teraz zgodnie z projektem ustawy funkcjonowa\u0107 b\u0119d\u0105 mog\u0142y tylko te plac\u00f3wki, kt\u00f3rych przych\u00f3d z operacji pocztowych wyniesie minimum 50%.<\/p>\n\n\n\n<p>Projekt zakazu handlu, poza plac\u00f3wkami pocztowymi z przyj\u0119tymi w ustawie warunkami, nie obejmie cukierni, kwiaciarni, stacji paliw, sklep\u00f3w z pras\u0105 i kawiarni. Kara za z\u0142amanie tego przepisu waha si\u0119 od jednego do 100 tys. z\u0142.<\/p>\n\n\n\n<p>Poprawki wniesiono tak\u017ce do katalogu os\u00f3b spokrewnionych, z kt\u00f3rych pomocy mo\u017ce korzysta\u0107 przedsi\u0119biorca. Do tej pory byli to: ma\u0142\u017conek, dzieci, rodzice, macocha, ojczym. Po poprawkach dodatkowo b\u0119d\u0105 to tak\u017ce: rodze\u0144stwo, wnuki i dziadkowie.<\/p>\n\n\n\n<p>Za poprawkami g\u0142osowa\u0142o 272 pos\u0142\u00f3w, przeciw by\u0142o 135, 35 wstrzyma\u0142o si\u0119 od g\u0142osu.<\/p>\n\n\n\n<p class=\"has-text-align-right\"><strong>(ak)<\/strong>, Fot.: <strong><em>Pixabay<\/em><\/strong><\/p>\n","protected":false},"excerpt":{"rendered":"<p>Od zakazu handlu w niedziel\u0119, niekt\u00f3re sklepy zacz\u0119\u0142y \u201emiga\u0107 si\u0119\u201d za pomoc\u0105 wykorzystywania luki prawnej umo\u017cliwiaj\u0105cej dzia\u0142anie miejscom, kt\u00f3re spe\u0142niaj\u0105 jednocze\u015bnie funkcj\u0119 plac\u00f3wki pocztowej. W tym miesi\u0105cu zosta\u0142a uchwalona ustawa, kt\u00f3ra okre\u015bla szczeg\u00f3\u0142y takiej dzia\u0142alno\u015bci. Niedziele niehandlowe to wci\u0105\u017c temat, kt\u00f3ry dzieli Polak\u00f3w. Bez w\u0105tpienia jednak jest to dla niekt\u00f3rych utrapienie i pow\u00f3d do rezygnacji [&hellip;]<\/p>\n","protected":false},"author":2,"featured_media":4505,"comment_status":"closed","ping_status":"open","sticky":false,"template":"","format":"standard","meta":{"footnotes":""},"categories":[5],"tags":[],"class_list":["post-4504","post","type-post","status-publish","format-standard","has-post-thumbnail","hentry","category-wiadomosci"],"_links":{"self":[{"href":"https:\/\/fleschmazowsza.com.pl\/index.php?rest_route=\/wp\/v2\/posts\/4504","targetHints":{"allow":["GET"]}}],"collection":[{"href":"https:\/\/fleschmazowsza.com.pl\/index.php?rest_route=\/wp\/v2\/posts"}],"about":[{"href":"https:\/\/fleschmazowsza.com.pl\/index.php?rest_route=\/wp\/v2\/types\/post"}],"author":[{"embeddable":true,"href":"https:\/\/fleschmazowsza.com.pl\/index.php?rest_route=\/wp\/v2\/users\/2"}],"replies":[{"embeddable":true,"href":"https:\/\/fleschmazowsza.com.pl\/index.php?rest_route=%2Fwp%2Fv2%2Fcomments&post=4504"}],"version-history":[{"count":1,"href":"https:\/\/fleschmazowsza.com.pl\/index.php?rest_route=\/wp\/v2\/posts\/4504\/revisions"}],"predecessor-version":[{"id":4506,"href":"https:\/\/fleschmazowsza.com.pl\/index.php?rest_route=\/wp\/v2\/posts\/4504\/revisions\/4506"}],"wp:featuredmedia":[{"embeddable":true,"href":"https:\/\/fleschmazowsza.com.pl\/index.php?rest_route=\/wp\/v2\/media\/4505"}],"wp:attachment":[{"href":"https:\/\/fleschmazowsza.com.pl\/index.php?rest_route=%2Fwp%2Fv2%2Fmedia&parent=4504"}],"wp:term":[{"taxonomy":"category","embeddable":true,"href":"https:\/\/fleschmazowsza.com.pl\/index.php?rest_route=%2Fwp%2Fv2%2Fcategories&post=4504"},{"taxonomy":"post_tag","embeddable":true,"href":"https:\/\/fleschmazowsza.com.pl\/index.php?rest_route=%2Fwp%2Fv2%2Ftags&post=4504"}],"curies":[{"name":"wp","href":"https:\/\/api.w.org\/{rel}","templated":true}]}}