{"id":4498,"date":"2021-11-19T11:47:29","date_gmt":"2021-11-19T10:47:29","guid":{"rendered":"http:\/\/fleschmazowsza.com.pl\/?p=4498"},"modified":"2021-11-19T11:47:30","modified_gmt":"2021-11-19T10:47:30","slug":"ginaca-bioroznorodnosc-czyli-negatywne-zniwo-rozwoju-cywilizacyjnego","status":"publish","type":"post","link":"https:\/\/fleschmazowsza.com.pl\/?p=4498","title":{"rendered":"Gin\u0105ca bior\u00f3\u017cnorodno\u015b\u0107, czyli negatywne \u017cniwo rozwoju cywilizacyjnego"},"content":{"rendered":"\n<p><strong>Rozw\u00f3j cywilizacyjny, kt\u00f3rego tempo w historii nie mia\u0142o jeszcze takiej dynamiki, zbiera swoje negatywne \u017cniwo. Zatracili\u015bmy si\u0119 w my\u015bleniu, \u017ce jeste\u015bmy na ziemi najwa\u017cniejszym z gatunk\u00f3w. Prawda jest jednak taka, \u017ce jeste\u015bmy wy\u0142\u0105cznie jednym z wielu element\u00f3w \u015brodowiska. Dzia\u0142alno\u015b\u0107 cz\u0142owieka ma bezpo\u015bredni wp\u0142yw na post\u0119puj\u0105ce ubo\u017cenie bior\u00f3\u017cnorodno\u015bci i szacuje si\u0119, \u017ce w najbli\u017cszych dekadach mo\u017ce znikn\u0105\u0107 na zawsze nawet milion gatunk\u00f3w.<\/strong><\/p>\n\n\n\n<p>W realiach codzienno\u015bci i p\u0119dzie nie zauwa\u017camy, albo nie chcemy zauwa\u017ca\u0107, \u017ce zaczyna ubywa\u0107 nam otaczaj\u0105cego nas \u015bwiata. Zbyt p\u00f3\u017ano zorientowali\u015bmy si\u0119, \u017ce nasza planeta ma ograniczone zasoby przyrody zar\u00f3wno tej o\u017cywionej, jak i nieo\u017cywionej, kt\u00f3rej coraz trudniej jest si\u0119 przed nami broni\u0107. Dzie\u0142o natury, jakim jest r\u00f3\u017cnorodno\u015b\u0107 biologiczna, stanowi podstaw\u0119 ca\u0142ej egzystencji i niszczenie cho\u0107by ma\u0142ych jej element\u00f3w ma katastrofalne skutki, tak\u017ce dla naszego dobrostanu.<\/p>\n\n\n\n<p class=\"has-text-align-center\"><strong>Czym jest bior\u00f3\u017cnorodno\u015b\u0107<\/strong><\/p>\n\n\n\n<p>Bior\u00f3\u017cnorodno\u015b\u0107 jest zr\u00f3\u017cnicowaniem \u017cycia w zakresie genetycznym, wewn\u0105trzgatunkowym, mi\u0119dzygatunkowym i ekosystemowym. Thomas Lovejoy by\u0142 pierwszym, kt\u00f3ry w 1980 roku sformu\u0142owa\u0142 ten termin, a upowszechniony zosta\u0142 on sze\u015b\u0107 lat p\u00f3\u017aniej po konferencji National Forum on Biological Diversity. To pokazuje te\u017c nasz\u0105 opiesza\u0142o\u015b\u0107 w zdaniu sobie sprawy z powagi sytuacji.<\/p>\n\n\n\n<p>Wymieranie gatunk\u00f3w jest procesem naturalnym, jednak obecnie zachodzi on 1000 razy szybciej ni\u017c do tej pory. W 2019 roku ONZ opublikowa\u0142o raport, w kt\u00f3rym ostrzega, \u017ce w najbli\u017cszych kilku dekadach wygin\u0105\u0107 mo\u017ce nawet milion gatunk\u00f3w spo\u015br\u00f3d szacowanych obecnie 8 milion\u00f3w. Co wi\u0119cej, niekt\u00f3rzy naukowcy przypuszczaj\u0105, \u017ce jeste\u015bmy \u015bwiadkami sz\u00f3stej katastrofy gatunkowej w historii Ziemi.<\/p>\n\n\n\n<p class=\"has-text-align-center\"><strong>Zbyt du\u017ce apetyty<\/strong><\/p>\n\n\n\n<p>Przyczyn spadku bior\u00f3\u017cnorodno\u015bci jest bardzo wiele i wszystkie niestety wi\u0105\u017c\u0105 si\u0119 z dzia\u0142alno\u015bci\u0105 cz\u0142owieka: zbytnia eksploatacja ekosystem\u00f3w i zasob\u00f3w \u017cywych, prze\u0142owienie, zanieczyszczenie powietrza, gleby i wody, przekszta\u0142canie \u015brodowiska naturalnego, wycinka las\u00f3w, hodowla przemys\u0142owa i mn\u00f3stwo innych dzia\u0142a\u0144.<\/p>\n\n\n\n<p>&#8211; Wydaje si\u0119 nam, \u017ce s\u0105 to problemy globalne i nie widzimy pozornie ma\u0142ych spraw, kt\u00f3re na co dzie\u0144 nas otaczaj\u0105, a r\u00f3wnie\u017c maj\u0105 negatywne oddzia\u0142ywanie. Zmieni\u0142y si\u0119 nasze zachowania konsumenckie z nastawieniem na wzmo\u017cone i bezrefleksyjne kupowanie nawet wtedy, gdy tak naprawd\u0119 nie potrzebujemy ani tyle po\u017cywienia, ani r\u00f3\u017cnych przedmiot\u00f3w. W parkach grabione s\u0105 li\u015bcie, miejskie trawniki s\u0105 r\u00f3wno przyci\u0119te i wygl\u0105daj\u0105 jak pi\u0142karskie boiska, w kt\u00f3rych mo\u017cliwo\u015b\u0107 \u017cycia wielu organizm\u00f3w jest przez to bardzo ograniczona. Od lat m\u00f3wi si\u0119 o ogromnej szkodliwo\u015bci bezpodstawnego wypalania wiosn\u0105 traw, mimo to proceder ten jest nadal powszechny \u2013 m\u00f3wi Anna Urba\u0144ska, koordynatorka kampanii edukacyjnej #rePETujemy.<\/p>\n\n\n\n<p class=\"has-text-align-center\"><strong>Wiele w naszych r\u0119kach<\/strong><\/p>\n\n\n\n<p>Nie mo\u017cemy d\u0142u\u017cej udawa\u0107, \u017ce od nas samych nic nie zale\u017cy \u2014 jest zupe\u0142nie odwrotnie i ka\u017cde nasze decyzje maj\u0105 ogromne znaczenie. Jedn\u0105 z wa\u017cnych kwestii jest poprawna segregacja odpad\u00f3w, kt\u00f3re nie mog\u0105 by\u0107 traktowane jako zwyk\u0142e \u015bmieci i powinny trafi\u0107 do recyklingu. Dzi\u0119ki temu oszcz\u0119dzamy nieodnawialne zasoby, drzewa i lasy b\u0119d\u0105ce z\u0142o\u017conymi ekosystemami, w kt\u00f3rych \u017cyj\u0105 miliony gatunk\u00f3w zwierz\u0105t i ro\u015blin. Segreguj\u0105c odpady, w tym tak\u017ce te z tworzyw sztucznych, minimalizujemy zu\u017cycie paliwa kopalnego, jakim jest ropa naftowa i tym samym znacznie mniej emitujemy dwutlenku w\u0119gla i innych gaz\u00f3w cieplarnianych do atmosfery.<\/p>\n\n\n\n<p>&#8211; Niestety bardzo cz\u0119sto nie zdajemy sobie sprawy z tego, \u017ce wyrzucone odpady m.in. do las\u00f3w, rzek i na ich brzegi bezpo\u015brednio zagra\u017caj\u0105 \u017cyciu zwierz\u0105t, przez co te\u017c zagra\u017camy bior\u00f3\u017cnorodno\u015bci. Butelki szklane wywo\u0142uj\u0105 po\u017cary, w reklam\u00f3wkach dusz\u0105 si\u0119 zwierz\u0119ta, niedopa\u0142ki papieros\u00f3w zatruwaj\u0105 ptaki, butelki i s\u0142oiki s\u0105 \u015bmierteln\u0105 pu\u0142apk\u0105 dla owad\u00f3w, gryzoni i jaszczurek \u2014 takich przyk\u0142ad\u00f3w mo\u017cna mno\u017cy\u0107. Je\u015bli idziemy na piknik na \u0142onie natury, to zabierzmy odpady z powrotem i wyrzu\u0107my je do odpowiedniego pojemnika, kt\u00f3rych przecie\u017c ju\u017c nie brakuje \u2013 dodaje Anna Urba\u0144ska.<\/p>\n\n\n\n<p>Ka\u017cdego dnia poprzez nasze decyzje mo\u017cemy tak\u017ce na inne sposoby realnie wp\u0142ywa\u0107 na ochron\u0119 r\u00f3\u017cnorodno\u015bci biologicznej, np. ograniczaj\u0105c konsumpcj\u0119 i racjonalizuj\u0105c zakupy, wybieraj\u0105c produkty lokalne, rezygnuj\u0105c z przyci\u0119tych trawnik\u00f3w na rzecz \u0142\u0105k kwietnych, nie dokarmiaj\u0105c ptak\u00f3w pieczywem, oszcz\u0119dzaj\u0105c wod\u0119 i energi\u0119 elektryczn\u0105. Musimy zdecydowanie szerzej otworzy\u0107 oczy, aby zobaczy\u0107, \u017ce wok\u00f3\u0142 nas t\u0119tni \u017cycie w najr\u00f3\u017cniejszych formach i niszczenie kt\u00f3regokolwiek z jej element\u00f3w przynosi katastrofalne skutki dla nas samych. Pami\u0119tajmy te\u017c o tym, \u017ce surowce naturalne musz\u0105 mie\u0107 czas, \u017ceby si\u0119 odnowi\u0107 i nie mo\u017cemy ich bezrefleksyjnie eksploatowa\u0107.<\/p>\n\n\n\n<p class=\"has-text-align-right\"><strong>Artur Cheba<\/strong><\/p>\n","protected":false},"excerpt":{"rendered":"<p>Rozw\u00f3j cywilizacyjny, kt\u00f3rego tempo w historii nie mia\u0142o jeszcze takiej dynamiki, zbiera swoje negatywne \u017cniwo. Zatracili\u015bmy si\u0119 w my\u015bleniu, \u017ce jeste\u015bmy na ziemi najwa\u017cniejszym z gatunk\u00f3w. Prawda jest jednak taka, \u017ce jeste\u015bmy wy\u0142\u0105cznie jednym z wielu element\u00f3w \u015brodowiska. Dzia\u0142alno\u015b\u0107 cz\u0142owieka ma bezpo\u015bredni wp\u0142yw na post\u0119puj\u0105ce ubo\u017cenie bior\u00f3\u017cnorodno\u015bci i szacuje si\u0119, \u017ce w najbli\u017cszych dekadach mo\u017ce [&hellip;]<\/p>\n","protected":false},"author":2,"featured_media":4500,"comment_status":"closed","ping_status":"open","sticky":false,"template":"","format":"standard","meta":{"footnotes":""},"categories":[1,9],"tags":[],"class_list":["post-4498","post","type-post","status-publish","format-standard","has-post-thumbnail","hentry","category-uncategorized","category-edukacja"],"_links":{"self":[{"href":"https:\/\/fleschmazowsza.com.pl\/index.php?rest_route=\/wp\/v2\/posts\/4498","targetHints":{"allow":["GET"]}}],"collection":[{"href":"https:\/\/fleschmazowsza.com.pl\/index.php?rest_route=\/wp\/v2\/posts"}],"about":[{"href":"https:\/\/fleschmazowsza.com.pl\/index.php?rest_route=\/wp\/v2\/types\/post"}],"author":[{"embeddable":true,"href":"https:\/\/fleschmazowsza.com.pl\/index.php?rest_route=\/wp\/v2\/users\/2"}],"replies":[{"embeddable":true,"href":"https:\/\/fleschmazowsza.com.pl\/index.php?rest_route=%2Fwp%2Fv2%2Fcomments&post=4498"}],"version-history":[{"count":1,"href":"https:\/\/fleschmazowsza.com.pl\/index.php?rest_route=\/wp\/v2\/posts\/4498\/revisions"}],"predecessor-version":[{"id":4499,"href":"https:\/\/fleschmazowsza.com.pl\/index.php?rest_route=\/wp\/v2\/posts\/4498\/revisions\/4499"}],"wp:featuredmedia":[{"embeddable":true,"href":"https:\/\/fleschmazowsza.com.pl\/index.php?rest_route=\/wp\/v2\/media\/4500"}],"wp:attachment":[{"href":"https:\/\/fleschmazowsza.com.pl\/index.php?rest_route=%2Fwp%2Fv2%2Fmedia&parent=4498"}],"wp:term":[{"taxonomy":"category","embeddable":true,"href":"https:\/\/fleschmazowsza.com.pl\/index.php?rest_route=%2Fwp%2Fv2%2Fcategories&post=4498"},{"taxonomy":"post_tag","embeddable":true,"href":"https:\/\/fleschmazowsza.com.pl\/index.php?rest_route=%2Fwp%2Fv2%2Ftags&post=4498"}],"curies":[{"name":"wp","href":"https:\/\/api.w.org\/{rel}","templated":true}]}}