{"id":4495,"date":"2021-11-19T11:44:51","date_gmt":"2021-11-19T10:44:51","guid":{"rendered":"http:\/\/fleschmazowsza.com.pl\/?p=4495"},"modified":"2021-11-19T11:44:51","modified_gmt":"2021-11-19T10:44:51","slug":"zniszczyl-samochody-bo-chcial-sie-wyladowac","status":"publish","type":"post","link":"https:\/\/fleschmazowsza.com.pl\/?p=4495","title":{"rendered":"Zniszczy\u0142 samochody, bo \u201echcia\u0142 si\u0119 wy\u0142adowa\u0107\u201d"},"content":{"rendered":"\n<p><strong>W Grodzisku Mazowieckim dosz\u0142o do zatrzymania 39-letniego m\u0119\u017cczyzny, kt\u00f3ry uszkodzi\u0142 dwa pojazdy. Wed\u0142ug wyja\u015bnie\u0144 zatrzymanego by\u0142a to okazja do \u201eroz\u0142adowania emocji\u201d.<\/strong><\/p>\n\n\n\n<p>Funkcjonariusze policji w Grodzisku Mazowieckim otrzymali zg\u0142oszenie o uszkodzeniach dw\u00f3ch pojazd\u00f3w zaparkowanych na terenie miasta. Uda\u0142o si\u0119 ustali\u0107, \u017ce id\u0105cy chodnikiem 39-latek uderzy\u0142 w szyb\u0119 zaparkowanego na jezdni volkswagena. Zniszczenie nie mia\u0142o \u017cadnego racjonalnego uzasadnienia. M\u0119\u017cczyzna zosta\u0142 zatrzymany chwil\u0119 po wybryku.<\/p>\n\n\n\n<p>Wkr\u00f3tce okaza\u0142o si\u0119, \u017ce nie by\u0142 do jedyny incydent, do kt\u00f3rego dosz\u0142o z winy zatrzymanego tego dnia. \u2013Tego samego dnia do grodziskiej komendy zg\u0142osi\u0142 si\u0119 w\u0142a\u015bciciel uszkodzonego peugeota. Ze z\u0142o\u017conego przez niego zawiadomienia wynika\u0142o, \u017ce po zatrzymaniu auta na jednym z parking\u00f3w w jego drzwi kopa\u0142 i uderza\u0142 nieznany mu m\u0119\u017cczyzna. Wykonane przez policjant\u00f3w czynno\u015bci potwierdzi\u0142y, \u017ce sprawc\u0105 tego uszkodzenia by\u0142 tak\u017ce zatrzymany wcze\u015bniej 39-latek \u2013 poinformowa\u0142a Komenda Powiatowa Policji w Grodzisku Mazowieckim.<\/p>\n\n\n\n<p>Zatrzymany us\u0142ysza\u0142 zarzuty uszkodzenia dw\u00f3ch pojazd\u00f3w. Straty ocenione przez w\u0142a\u015bcicieli aut opiewaj\u0105 na kwot\u0119 ok. 3,5 tys. z\u0142. M\u0119\u017cczyzna przyzna\u0142 si\u0119 do winy. Zosta\u0142 ukarany nakazem naprawienia szk\u00f3d oraz pracami spo\u0142ecznymi. T\u0142umaczy\u0142 si\u0119 potrzeb\u0105 roz\u0142adowania emocji.<\/p>\n\n\n\n<p class=\"has-text-align-right\"><strong>(ak)<\/strong>, Fot.: <strong><em>KPP Grodzisk Maz<\/em><\/strong>.<\/p>\n","protected":false},"excerpt":{"rendered":"<p>W Grodzisku Mazowieckim dosz\u0142o do zatrzymania 39-letniego m\u0119\u017cczyzny, kt\u00f3ry uszkodzi\u0142 dwa pojazdy. Wed\u0142ug wyja\u015bnie\u0144 zatrzymanego by\u0142a to okazja do \u201eroz\u0142adowania emocji\u201d. Funkcjonariusze policji w Grodzisku Mazowieckim otrzymali zg\u0142oszenie o uszkodzeniach dw\u00f3ch pojazd\u00f3w zaparkowanych na terenie miasta. Uda\u0142o si\u0119 ustali\u0107, \u017ce id\u0105cy chodnikiem 39-latek uderzy\u0142 w szyb\u0119 zaparkowanego na jezdni volkswagena. Zniszczenie nie mia\u0142o \u017cadnego racjonalnego [&hellip;]<\/p>\n","protected":false},"author":2,"featured_media":4496,"comment_status":"closed","ping_status":"open","sticky":false,"template":"","format":"standard","meta":{"footnotes":""},"categories":[8],"tags":[],"class_list":["post-4495","post","type-post","status-publish","format-standard","has-post-thumbnail","hentry","category-roznosci"],"_links":{"self":[{"href":"https:\/\/fleschmazowsza.com.pl\/index.php?rest_route=\/wp\/v2\/posts\/4495","targetHints":{"allow":["GET"]}}],"collection":[{"href":"https:\/\/fleschmazowsza.com.pl\/index.php?rest_route=\/wp\/v2\/posts"}],"about":[{"href":"https:\/\/fleschmazowsza.com.pl\/index.php?rest_route=\/wp\/v2\/types\/post"}],"author":[{"embeddable":true,"href":"https:\/\/fleschmazowsza.com.pl\/index.php?rest_route=\/wp\/v2\/users\/2"}],"replies":[{"embeddable":true,"href":"https:\/\/fleschmazowsza.com.pl\/index.php?rest_route=%2Fwp%2Fv2%2Fcomments&post=4495"}],"version-history":[{"count":1,"href":"https:\/\/fleschmazowsza.com.pl\/index.php?rest_route=\/wp\/v2\/posts\/4495\/revisions"}],"predecessor-version":[{"id":4497,"href":"https:\/\/fleschmazowsza.com.pl\/index.php?rest_route=\/wp\/v2\/posts\/4495\/revisions\/4497"}],"wp:featuredmedia":[{"embeddable":true,"href":"https:\/\/fleschmazowsza.com.pl\/index.php?rest_route=\/wp\/v2\/media\/4496"}],"wp:attachment":[{"href":"https:\/\/fleschmazowsza.com.pl\/index.php?rest_route=%2Fwp%2Fv2%2Fmedia&parent=4495"}],"wp:term":[{"taxonomy":"category","embeddable":true,"href":"https:\/\/fleschmazowsza.com.pl\/index.php?rest_route=%2Fwp%2Fv2%2Fcategories&post=4495"},{"taxonomy":"post_tag","embeddable":true,"href":"https:\/\/fleschmazowsza.com.pl\/index.php?rest_route=%2Fwp%2Fv2%2Ftags&post=4495"}],"curies":[{"name":"wp","href":"https:\/\/api.w.org\/{rel}","templated":true}]}}