{"id":4479,"date":"2021-10-22T12:37:05","date_gmt":"2021-10-22T11:37:05","guid":{"rendered":"http:\/\/fleschmazowsza.com.pl\/?p=4479"},"modified":"2021-10-22T12:37:06","modified_gmt":"2021-10-22T11:37:06","slug":"noszenie-maseczek-wciaz-aktualne","status":"publish","type":"post","link":"https:\/\/fleschmazowsza.com.pl\/?p=4479","title":{"rendered":"Noszenie maseczek wci\u0105\u017c aktualne"},"content":{"rendered":"\n<p><strong>Pandemia koronawirusa nie odpuszcza. Noszenie maseczek w przestrzeniach zamkni\u0119tych jest wci\u0105\u017c obowi\u0105zkiem, a jego nieprzestrzeganie grozi sankcjami. Dowodem na kontrole w sklepach i innych obiektach s\u0105 przypadki zatrzymania m\u0119\u017cczyzn w Grodzisku Mazowieckim. Okaza\u0142o si\u0119, \u017ce wylegitymowane osoby s\u0105 poszukiwane przez policj\u0119.<\/strong><\/p>\n\n\n\n<p>Do jednej z wielu kontroli dosz\u0142o w plac\u00f3wce handlowej w Grodzisku Mazowieckim. W czasie jej trwania policjanci musieli interweniowa\u0107, gdy\u017c jeden z klient\u00f3w nie mia\u0142 za\u0142o\u017conej maseczki. Po weryfikacji danych nieprzestrzegaj\u0105cego obowi\u0105zku m\u0119\u017cczyzny, okaza\u0142o si\u0119, \u017ce jest poszukiwany przez policj\u0119.<\/p>\n\n\n\n<p>\u2013 Mia\u0142 do odbycia kar\u0119 150 dni pozbawienia wolno\u015bci za pope\u0142nione wcze\u015bniej przest\u0119pstwa. M\u0119\u017cczyzna zosta\u0142 zatrzymany. Za wykroczenie policjanci na\u0142o\u017cyli na niego mandat karny. 25-latek na najbli\u017csze pi\u0119\u0107 miesi\u0119cy trafi\u0142 do aresztu \u015bledczego, gdzie odb\u0119dzie zas\u0105dzon\u0105 kar\u0119 \u2013 poinformowa\u0142a Komenda Powiatowa Policji w Grodzisku Mazowieckim.<\/p>\n\n\n\n<p>Bardzo podobna sytuacja mia\u0142a miejsce w innej plac\u00f3wce handlowej na terenie miasta. Kontrola 39-letniego m\u0119\u017cczyzny nie maj\u0105cego maseczki ujawni\u0142a, \u017ce jest on poszukiwany. Zosta\u0142 wydany wyrok pozbawienia wolno\u015bci, lecz m\u0119\u017cczyzna do niego nie trafi\u0142.<\/p>\n\n\n\n<p>\u2013 S\u0105d Rejonowy w Pu\u0142tusku umo\u017cliwi\u0142 mu zap\u0142at\u0119 zas\u0105dzonej kwoty grzywny przed osadzeniem w areszcie. M\u0119\u017cczyzna skorzysta\u0142 z tej mo\u017cliwo\u015bci i po zrealizowaniu przelewu zosta\u0142 zwolniony do domu \u2013 wyja\u015bnia grodziska komenda.<\/p>\n\n\n\n<p>Historie grodziskich zatrzyma\u0144 maj\u0105 przede wszystkim przypomnie\u0107, \u017ce wci\u0105\u017c musimy zakrywa\u0107 usta i nos w zamkni\u0119tych przestrzeniach oraz wtedy, gdy nie jest zachowany bezpieczny dystans. Pami\u0119tajmy o tym i dbajmy o siebie.<\/p>\n\n\n\n<p class=\"has-text-align-right\"><strong>(ak)<\/strong>, Fot.: <strong><em>Pixabay<\/em><\/strong><\/p>\n","protected":false},"excerpt":{"rendered":"<p>Pandemia koronawirusa nie odpuszcza. Noszenie maseczek w przestrzeniach zamkni\u0119tych jest wci\u0105\u017c obowi\u0105zkiem, a jego nieprzestrzeganie grozi sankcjami. Dowodem na kontrole w sklepach i innych obiektach s\u0105 przypadki zatrzymania m\u0119\u017cczyzn w Grodzisku Mazowieckim. Okaza\u0142o si\u0119, \u017ce wylegitymowane osoby s\u0105 poszukiwane przez policj\u0119. Do jednej z wielu kontroli dosz\u0142o w plac\u00f3wce handlowej w Grodzisku Mazowieckim. W czasie [&hellip;]<\/p>\n","protected":false},"author":2,"featured_media":4480,"comment_status":"closed","ping_status":"open","sticky":false,"template":"","format":"standard","meta":{"footnotes":""},"categories":[5],"tags":[],"class_list":["post-4479","post","type-post","status-publish","format-standard","has-post-thumbnail","hentry","category-wiadomosci"],"_links":{"self":[{"href":"https:\/\/fleschmazowsza.com.pl\/index.php?rest_route=\/wp\/v2\/posts\/4479","targetHints":{"allow":["GET"]}}],"collection":[{"href":"https:\/\/fleschmazowsza.com.pl\/index.php?rest_route=\/wp\/v2\/posts"}],"about":[{"href":"https:\/\/fleschmazowsza.com.pl\/index.php?rest_route=\/wp\/v2\/types\/post"}],"author":[{"embeddable":true,"href":"https:\/\/fleschmazowsza.com.pl\/index.php?rest_route=\/wp\/v2\/users\/2"}],"replies":[{"embeddable":true,"href":"https:\/\/fleschmazowsza.com.pl\/index.php?rest_route=%2Fwp%2Fv2%2Fcomments&post=4479"}],"version-history":[{"count":1,"href":"https:\/\/fleschmazowsza.com.pl\/index.php?rest_route=\/wp\/v2\/posts\/4479\/revisions"}],"predecessor-version":[{"id":4481,"href":"https:\/\/fleschmazowsza.com.pl\/index.php?rest_route=\/wp\/v2\/posts\/4479\/revisions\/4481"}],"wp:featuredmedia":[{"embeddable":true,"href":"https:\/\/fleschmazowsza.com.pl\/index.php?rest_route=\/wp\/v2\/media\/4480"}],"wp:attachment":[{"href":"https:\/\/fleschmazowsza.com.pl\/index.php?rest_route=%2Fwp%2Fv2%2Fmedia&parent=4479"}],"wp:term":[{"taxonomy":"category","embeddable":true,"href":"https:\/\/fleschmazowsza.com.pl\/index.php?rest_route=%2Fwp%2Fv2%2Fcategories&post=4479"},{"taxonomy":"post_tag","embeddable":true,"href":"https:\/\/fleschmazowsza.com.pl\/index.php?rest_route=%2Fwp%2Fv2%2Ftags&post=4479"}],"curies":[{"name":"wp","href":"https:\/\/api.w.org\/{rel}","templated":true}]}}