{"id":4476,"date":"2021-10-22T12:28:55","date_gmt":"2021-10-22T11:28:55","guid":{"rendered":"http:\/\/fleschmazowsza.com.pl\/?p=4476"},"modified":"2021-10-22T12:28:57","modified_gmt":"2021-10-22T11:28:57","slug":"przebudowa-dworca-pkp-w-milanowku","status":"publish","type":"post","link":"https:\/\/fleschmazowsza.com.pl\/?p=4476","title":{"rendered":"Przebudowa dworca PKP w Milan\u00f3wku"},"content":{"rendered":"\n<p><strong>Polskie Koleje Pa\u0144stwowe S.A. podpisa\u0142y umow\u0119 i przekaza\u0142y plac budowy wykonawcy prac modernizacyjnych na dworcu kolejowym w Milan\u00f3wku. Po zako\u0144czeniu przebudowy podr\u00f3\u017cni b\u0119d\u0105 mogli korzysta\u0107 z bardziej komfortowego, bezpiecznego i funkcjonalnego dworca.<\/strong><\/p>\n\n\n\n<p>Dzi\u0119ki inwestycji PKP S.A. realizowanej w ramach Programu Inwestycji Dworcowych na lata 2016-2023 z dofinansowaniem ze \u015brodk\u00f3w unijnych z Programu Operacyjnego Infrastruktura i \u015arodowisko obecny budynek dworca w Milan\u00f3wku zyska zupe\u0142nie nowy wygl\u0105d. Now\u0105 cz\u0119\u015b\u0107, kt\u00f3r\u0105 zaplanowano od strony frontowej, charakteryzowa\u0107 b\u0119dzie przeszklona \u015bciana wyko\u0144czona bia\u0142\u0105 attyk\u0105 z artystycznym wzorem, nawi\u0105zuj\u0105cym r\u00f3wnie\u017c do wyko\u0144czenia sufit\u00f3w wewn\u0105trz obiektu. Pojawi\u0105 si\u0119 na niej r\u00f3wnie\u017c zegar oraz pod\u015bwietlany napis \u201edworzec kolejowy\u201d. Reszta elewacji zostanie poddana renowacji i wyko\u0144czeniu bia\u0142ym tynkiem. Od strony peron\u00f3w postanowiono zachowa\u0107 r\u00f3wnie\u017c historyczny, geometryczny detal. W budynku planuje si\u0119 wstawienie r\u00f3wnie\u017c nowych okien i drzwi. Ca\u0142o\u015b\u0107 uzyskanego w ten spos\u00f3b efektu wizualnego zostanie podkre\u015blona przez now\u0105 iluminacj\u0119.<\/p>\n\n\n\n<p class=\"has-text-align-center\"><strong>Nowa poczekalnia<\/strong><\/p>\n\n\n\n<p>W ramach przebudowy zaplanowano zmian\u0119 aran\u017cacji powierzchni wewn\u0105trz dworca. W pobli\u017cu holu, pe\u0142ni\u0105cego funkcj\u0119 przestrzeni do obs\u0142ugi podr\u00f3\u017cnych, znajd\u0105 si\u0119 toalety oraz pomieszczenie kasy biletowej. Natomiast w nowej, dobudowanej cz\u0119\u015bci dworca o powierzchni nieco ponad 35 m2, zaprojektowano niewielk\u0105 poczekalni\u0119 dla podr\u00f3\u017cnych z przeszklon\u0105 fasad\u0105. Wydzielono z niej za pomoc\u0105 rolety niewielk\u0105 przestrze\u0144 na wynajem. W zaaran\u017cowanej w nowy spos\u00f3b przestrzeni obs\u0142ugi podr\u00f3\u017cnych pojawi\u0105 si\u0119 ergonomiczne \u0142awki, gabloty z rozk\u0142adem jazdy, elektroniczne tablice przyjazd\u00f3w i odjazd\u00f3w poci\u0105g\u00f3w oraz nowoczesny system informacji g\u0142osowej. Planowany jest r\u00f3wnie\u017c monta\u017c sieci Wi-Fi.<\/p>\n\n\n\n<p>\u2013 Rozpocz\u0119cie przebudowy dworca w Milan\u00f3wku to kolejny element wielkiej modernizacji polskiej kolei. Mieszka\u0144cy powiatu grodziskiego zyskaj\u0105 dzi\u0119ki temu dost\u0119p do bezpiecznej i komfortowej infrastruktury kolejowej. Mam nadziej\u0119, \u017ce nowoczesny i proekologiczny budynek dworca stanie si\u0119 wa\u017cnym centrum spo\u0142eczno\u015bci lokalnej i u\u0142atwi pasa\u017cerom podr\u00f3\u017cowanie kolej\u0105 do Warszawy. Wszystko to dzi\u0119ki Programowi Inwestycji Dworcowych, w ramach kt\u00f3rego polski rz\u0105d przeznaczy do 2023 r. prawie 2 mld z\u0142otych na modernizacj\u0119 blisko 200 dworc\u00f3w \u2013 podkre\u015bla Andrzej Bittel, sekretarz stanu w Ministerstwie Infrastruktury.<\/p>\n\n\n\n<p class=\"has-text-align-center\"><strong>Modernizacja z unijne pieni\u0105dze<\/strong><\/p>\n\n\n\n<p>\u2013 Najwi\u0119ksze inwestycje kolejowe realizowane w kraju wspierane s\u0105 przez Fundusze Europejskie m.in. z Programu Infrastruktura i \u015arodowisko. Dzi\u0119ki temu jako\u015b\u0107 i szeroko rozumiana dost\u0119pno\u015b\u0107 transportu kolejowego stale si\u0119 zwi\u0119ksza, przyci\u0105gaj\u0105c tym samym nowych u\u017cytkownik\u00f3w kolei. R\u00f3wnolegle wspieramy mniejsze inwestycje \u2013 realizowane lokalnie, tak jak modernizacja dworca w Milan\u00f3wku, kt\u00f3ry ma znaczenie dla aglomeracji warszawskiej. Poprawa jego funkcjonalno\u015bci m.in. poprzez dostosowanie budynku do potrzeb os\u00f3b z niepe\u0142nosprawno\u015bciami przyczyni si\u0119 do niwelowania r\u00f3\u017cnic w dost\u0119pie do transportu kolejowego, jakie wyst\u0119puj\u0105 w regionie mazowieckim \u2013 m\u00f3wi Waldemar Buda, sekretarz stanu w Ministerstwie Funduszy i Polityki Regionalnej.<\/p>\n\n\n\n<p>\u2013 Przebudowa dworca w Milan\u00f3wka to kolejna inwestycja, kt\u00f3ra zaczynamy w wojew\u00f3dztwie mazowieckim w ramach Programu Inwestycji Dworcowych na lata 2016-2023. Cho\u0107 to niewielki dworzec, bo posiada \u0142\u0105cznie niespe\u0142na 190 m kw. powierzchni, to jego modernizacja jest niezwykle istotna w kontek\u015bcie obs\u0142ugi licznych podr\u00f3\u017cnych korzystaj\u0105cych z kolei w aglomeracji warszawskiej. Dzi\u0119ki inwestycji PKP S.A. ten pochodz\u0105cy z lat 50. XX wieku obiekt nie tylko zachowa swoj\u0105 warto\u015b\u0107 historyczn\u0105, ale te\u017c stanie si\u0119 nowoczesny i przyjazny \u015brodowisku \u2013 m\u00f3wi Ireneusz Ma\u015blany, cz\u0142onek zarz\u0105du PKP S.A.<\/p>\n\n\n\n<p class=\"has-text-align-center\"><strong>Usprawnienia nie tylko dla niepe\u0142nosprawnych<\/strong><\/p>\n\n\n\n<p>W ramach inwestycji dworzec w Milan\u00f3wku zostanie przystosowany do obs\u0142ugi os\u00f3b z niepe\u0142nosprawno\u015bciami. Z szeregu usprawnie\u0144 warto wspomnie\u0107 m.in. o \u015bcie\u017ckach prowadz\u0105cych, mapach dotykowych, oznaczeniach w alfabecie Braille\u2019a dla os\u00f3b niewidomych i niedowidz\u0105cych oraz toaletach dla os\u00f3b o ograniczonej sprawno\u015bci ruchowej.<\/p>\n\n\n\n<p>Na dworcu po przebudowie b\u0119dzie r\u00f3wnie\u017c bezpieczniej. Planowane jest wykonanie nowych instalacji w budynku oraz monta\u017c nowoczesnych system\u00f3w, takich jak monitoring, kontrola dost\u0119pu czy system sygnalizacji w\u0142amania i napadu. Za optymalizacj\u0119 zu\u017cycia energii elektrycznej, cieplnej i wody na dworcu b\u0119dzie odpowiada\u0142 system BMS (Building Management System), steruj\u0105cy prac\u0105 wszystkich instalacji i urz\u0105dze\u0144 na dworcu.<\/p>\n\n\n\n<p>Dzi\u0119ki inwestycji zmieni si\u0119 r\u00f3wnie\u017c otoczenie budynku. W s\u0105siedztwie dworca zostanie u\u0142o\u017cona nowa nawierzchnia, uporz\u0105dkowane zostan\u0105 tereny zielone oraz pojawi\u0105 si\u0119 nowe, ozdobne nasadzenia. Poza tym przewidywana jest instalacja nowych element\u00f3w ma\u0142ej architektury, takich jak stojaki rowerowe, \u0142awki, kosze czy o\u015bwietlenie.<\/p>\n\n\n\n<p>\u0141\u0105czny koszt inwestycji to prawie 4,7 mln z\u0142otych brutto. Planowany termin jej zako\u0144czenia to jesie\u0144 2022 roku. Wykonawc\u0105 prac budowlanych jest Woj-Art. Sp. z o.o. ze Skierniewic, natomiast projekt przebudowy dworca opracowa\u0142a AMT Sp. z o.o. z Bydgoszczy.<\/p>\n\n\n\n<p class=\"has-text-align-right\"><strong>Micha\u0142 Stilger<\/strong><br><em>rzecznik prasowy<br>Polskie Koleje Pa\u0144stwowe S.A.<\/em><br>Fot. <em><strong>PKP S.A<\/strong><\/em><\/p>\n","protected":false},"excerpt":{"rendered":"<p>Polskie Koleje Pa\u0144stwowe S.A. podpisa\u0142y umow\u0119 i przekaza\u0142y plac budowy wykonawcy prac modernizacyjnych na dworcu kolejowym w Milan\u00f3wku. Po zako\u0144czeniu przebudowy podr\u00f3\u017cni b\u0119d\u0105 mogli korzysta\u0107 z bardziej komfortowego, bezpiecznego i funkcjonalnego dworca. Dzi\u0119ki inwestycji PKP S.A. realizowanej w ramach Programu Inwestycji Dworcowych na lata 2016-2023 z dofinansowaniem ze \u015brodk\u00f3w unijnych z Programu Operacyjnego Infrastruktura i [&hellip;]<\/p>\n","protected":false},"author":2,"featured_media":4477,"comment_status":"closed","ping_status":"open","sticky":false,"template":"","format":"standard","meta":{"footnotes":""},"categories":[5],"tags":[],"class_list":["post-4476","post","type-post","status-publish","format-standard","has-post-thumbnail","hentry","category-wiadomosci"],"_links":{"self":[{"href":"https:\/\/fleschmazowsza.com.pl\/index.php?rest_route=\/wp\/v2\/posts\/4476","targetHints":{"allow":["GET"]}}],"collection":[{"href":"https:\/\/fleschmazowsza.com.pl\/index.php?rest_route=\/wp\/v2\/posts"}],"about":[{"href":"https:\/\/fleschmazowsza.com.pl\/index.php?rest_route=\/wp\/v2\/types\/post"}],"author":[{"embeddable":true,"href":"https:\/\/fleschmazowsza.com.pl\/index.php?rest_route=\/wp\/v2\/users\/2"}],"replies":[{"embeddable":true,"href":"https:\/\/fleschmazowsza.com.pl\/index.php?rest_route=%2Fwp%2Fv2%2Fcomments&post=4476"}],"version-history":[{"count":1,"href":"https:\/\/fleschmazowsza.com.pl\/index.php?rest_route=\/wp\/v2\/posts\/4476\/revisions"}],"predecessor-version":[{"id":4478,"href":"https:\/\/fleschmazowsza.com.pl\/index.php?rest_route=\/wp\/v2\/posts\/4476\/revisions\/4478"}],"wp:featuredmedia":[{"embeddable":true,"href":"https:\/\/fleschmazowsza.com.pl\/index.php?rest_route=\/wp\/v2\/media\/4477"}],"wp:attachment":[{"href":"https:\/\/fleschmazowsza.com.pl\/index.php?rest_route=%2Fwp%2Fv2%2Fmedia&parent=4476"}],"wp:term":[{"taxonomy":"category","embeddable":true,"href":"https:\/\/fleschmazowsza.com.pl\/index.php?rest_route=%2Fwp%2Fv2%2Fcategories&post=4476"},{"taxonomy":"post_tag","embeddable":true,"href":"https:\/\/fleschmazowsza.com.pl\/index.php?rest_route=%2Fwp%2Fv2%2Ftags&post=4476"}],"curies":[{"name":"wp","href":"https:\/\/api.w.org\/{rel}","templated":true}]}}