{"id":4462,"date":"2021-10-08T11:32:28","date_gmt":"2021-10-08T10:32:28","guid":{"rendered":"http:\/\/fleschmazowsza.com.pl\/?p=4462"},"modified":"2021-10-08T11:32:30","modified_gmt":"2021-10-08T10:32:30","slug":"wyrownania-dla-czerwcowych-emerytow","status":"publish","type":"post","link":"https:\/\/fleschmazowsza.com.pl\/?p=4462","title":{"rendered":"Wyr\u00f3wnania dla czerwcowych emeryt\u00f3w"},"content":{"rendered":"\n<p><strong>ZUS z urz\u0119du przeliczy przyznane w tym roku czerwcowe emerytury. Lada chwila emeryci, kt\u00f3rych dotyczy zmiana prawa, dostan\u0105 emerytur\u0119 wraz z wyr\u00f3wnaniem liczonym od czerwca tego roku. ZUS przypomina, \u017ce osoby te nie b\u0119d\u0105 musia\u0142y sk\u0142ada\u0107 \u017cadnego wniosku.<\/strong><\/p>\n\n\n\n<p>-Emeryci i renci\u015bci, kt\u00f3rych te przepisy dotycz\u0105, dostan\u0105 wyr\u00f3wnanie \u015bwiadczenia od dnia, w kt\u00f3rym im ono przys\u0142ugiwa\u0142o. Zak\u0142ad b\u0119dzie dokonywa\u0142 wyp\u0142at \u015bwiadcze\u0144 wraz z wyr\u00f3wnaniem od czerwca br. w pa\u017adziernikowych terminach. Wyp\u0142ata za pa\u017adziernik 2021 r. b\u0119dzie realizowana ju\u017c w nowej wysoko\u015bci \u2013 m\u00f3wi prof. Gertruda U\u015bci\u0144ska, prezes Zak\u0142adu Ubezpiecze\u0144 Spo\u0142ecznych.<\/p>\n\n\n\n<p>Prezydent w po\u0142owie sierpnia podpisa\u0142 ustaw\u0119, kt\u00f3ra rozwi\u0105zuje problem tzw. emerytur czerwcowych. Zmiany oznaczaj\u0105 m.in., \u017ce emerytura w czerwcu b\u0119dzie wyliczana na takich zasadach jak w maju \u2013 o ile b\u0119dzie korzystniejsza.<\/p>\n\n\n\n<p>Wed\u0142ug szacunk\u00f3w mazowieckiego ZUS z nowych przepis\u00f3w skorzysta w wojew\u00f3dztwie ponad 3250 os\u00f3b. Ustawa zmienia jednak zasady wyliczania emerytur na sta\u0142e, dlatego w przysz\u0142o\u015bci osoby ko\u0144cz\u0105ce wiek emerytalny w czerwcu b\u0119d\u0105 mog\u0142y bez obaw sk\u0142ada\u0107 wnioski o \u015bwiadczenia w tym miesi\u0105cu. Zmiana przepis\u00f3w obejmuje tak\u017ce emerytury przyznane w czerwcu 2021 r. i renty rodzinne przyznane po cz\u0142onkach rodziny, kt\u00f3rzy zmarli po 31 maja tego roku. Nie ma przy tym znaczenia, czy ZUS przyzna\u0142 emerytur\u0119 na wniosek ubezpieczonego czy z urz\u0119du (bez wniosku, po rencie z tytu\u0142u niezdolno\u015bci do pracy).<\/p>\n\n\n\n<p>Zgodnie z ustaw\u0105 osobom, kt\u00f3rym zosta\u0142y przyznane emerytury w czerwcu tego roku, \u015bwiadczenia te zostan\u0105 przeliczone z urz\u0119du, z uwzgl\u0119dnieniem ustawowych zmian \u2013 w terminie 30 dni od dnia wej\u015bcia w \u017cycie przepis\u00f3w. Oznacza to, \u017ce osoby te nie b\u0119d\u0105 musia\u0142y sk\u0142ada\u0107 wniosku o przeliczenie wysoko\u015bci emerytury.<\/p>\n\n\n\n<p>Ponowne obliczenie \u015bwiadczenia i wyp\u0142ata wyr\u00f3wnania nast\u0105pi od dnia powstania prawa do \u015bwiadczenia i jego wyp\u0142aty, nie wcze\u015bniej ni\u017c od 1 czerwca 2021 r.<\/p>\n\n\n\n<p>W poprzednich latach osoby, kt\u00f3re sk\u0142ada\u0142y wniosek o emerytur\u0119 w czerwcu, otrzymywa\u0142y \u015bwiadczenie ni\u017csze, ni\u017c gdyby wyst\u0105pi\u0142y z takim wnioskiem np. w maju lub lipcu.<\/p>\n\n\n\n<p class=\"has-text-align-right\"><strong>Piotr Olewi\u0144ski<br><\/strong><em><strong>Regionalny Rzecznik Prasowy ZUS wojew\u00f3dztwa mazowieckiego<\/strong><\/em><\/p>\n","protected":false},"excerpt":{"rendered":"<p>ZUS z urz\u0119du przeliczy przyznane w tym roku czerwcowe emerytury. Lada chwila emeryci, kt\u00f3rych dotyczy zmiana prawa, dostan\u0105 emerytur\u0119 wraz z wyr\u00f3wnaniem liczonym od czerwca tego roku. ZUS przypomina, \u017ce osoby te nie b\u0119d\u0105 musia\u0142y sk\u0142ada\u0107 \u017cadnego wniosku. -Emeryci i renci\u015bci, kt\u00f3rych te przepisy dotycz\u0105, dostan\u0105 wyr\u00f3wnanie \u015bwiadczenia od dnia, w kt\u00f3rym im ono przys\u0142ugiwa\u0142o. [&hellip;]<\/p>\n","protected":false},"author":2,"featured_media":4465,"comment_status":"closed","ping_status":"open","sticky":false,"template":"","format":"standard","meta":{"footnotes":""},"categories":[5],"tags":[],"class_list":["post-4462","post","type-post","status-publish","format-standard","has-post-thumbnail","hentry","category-wiadomosci"],"_links":{"self":[{"href":"https:\/\/fleschmazowsza.com.pl\/index.php?rest_route=\/wp\/v2\/posts\/4462","targetHints":{"allow":["GET"]}}],"collection":[{"href":"https:\/\/fleschmazowsza.com.pl\/index.php?rest_route=\/wp\/v2\/posts"}],"about":[{"href":"https:\/\/fleschmazowsza.com.pl\/index.php?rest_route=\/wp\/v2\/types\/post"}],"author":[{"embeddable":true,"href":"https:\/\/fleschmazowsza.com.pl\/index.php?rest_route=\/wp\/v2\/users\/2"}],"replies":[{"embeddable":true,"href":"https:\/\/fleschmazowsza.com.pl\/index.php?rest_route=%2Fwp%2Fv2%2Fcomments&post=4462"}],"version-history":[{"count":1,"href":"https:\/\/fleschmazowsza.com.pl\/index.php?rest_route=\/wp\/v2\/posts\/4462\/revisions"}],"predecessor-version":[{"id":4464,"href":"https:\/\/fleschmazowsza.com.pl\/index.php?rest_route=\/wp\/v2\/posts\/4462\/revisions\/4464"}],"wp:featuredmedia":[{"embeddable":true,"href":"https:\/\/fleschmazowsza.com.pl\/index.php?rest_route=\/wp\/v2\/media\/4465"}],"wp:attachment":[{"href":"https:\/\/fleschmazowsza.com.pl\/index.php?rest_route=%2Fwp%2Fv2%2Fmedia&parent=4462"}],"wp:term":[{"taxonomy":"category","embeddable":true,"href":"https:\/\/fleschmazowsza.com.pl\/index.php?rest_route=%2Fwp%2Fv2%2Fcategories&post=4462"},{"taxonomy":"post_tag","embeddable":true,"href":"https:\/\/fleschmazowsza.com.pl\/index.php?rest_route=%2Fwp%2Fv2%2Ftags&post=4462"}],"curies":[{"name":"wp","href":"https:\/\/api.w.org\/{rel}","templated":true}]}}