{"id":4459,"date":"2021-10-08T11:29:31","date_gmt":"2021-10-08T10:29:31","guid":{"rendered":"http:\/\/fleschmazowsza.com.pl\/?p=4459"},"modified":"2021-10-08T11:29:33","modified_gmt":"2021-10-08T10:29:33","slug":"podkowa-mowi-multimedialny-przewodnik","status":"publish","type":"post","link":"https:\/\/fleschmazowsza.com.pl\/?p=4459","title":{"rendered":"\u201ePodkowa M\u00f3wi\u201d \u2013 multimedialny przewodnik"},"content":{"rendered":"\n<p><strong>Centrum Kultury Inicjatyw Obywatelskich w Podkowie Le\u015bnej z\u0142o\u017cy\u0142o jaki\u015b czas temu wniosek w konkursie og\u0142oszonym przez LGD \u201eZielone S\u0105siedztwo\u201d na projekt multimedialnego przewodnika po Podkowie Le\u015bnej \u201ePodkowa M\u00f3wi\u201d. Inicjatywa zosta\u0142a rozpatrzona, a aplikacja ju\u017c dzia\u0142a. Zapraszamy do multimedialnego zwiedzania.<\/strong><\/p>\n\n\n\n<p>Projekt uzyska\u0142 dofinansowanie z Urz\u0119du Marsza\u0142kowskiego w kwocie ponad 36 tys. z\u0142otych. Przewodnik multimedialny po Podkowie Le\u015bnej sk\u0142ada si\u0119 ze stu nagra\u0144 licz\u0105cych od 1 do 2 min. Komentarze dotycz\u0105 zabytk\u00f3w, a tak\u017ce innych cennych obiekt\u00f3w w Podkowie. Ca\u0142o\u015b\u0107 nagra\u0144 tworzy kilka alternatywnych tras zwiedzania. Ka\u017cdy spacer ma swoj\u0105 nazw\u0119 oraz wsp\u00f3ln\u0105 tre\u015b\u0107, np. \u201ePodkowa architektoniczna\u201d, \u201ePodkowa Literacka\u201d, \u201ePodkowa Kulinarna\u201d itd. Nagrania wyposa\u017cone s\u0105 w stosowne wprowadzenie i podsumowanie. Teksty czytane s\u0105 przez aktor\u00f3w, co dodatkowo umila ich s\u0142uchanie. City Talks z powodzeniem dzia\u0142a m.in. w Warszawie czy Rzeszowie.<\/p>\n\n\n\n<p>Aplikacja zawiera nie tylko nagrania audio, ale r\u00f3wnie\u017c zdj\u0119cia i opisy obiekt\u00f3w. Przy ka\u017cdej atrakcji mo\u017cna zatrzyma\u0107 si\u0119 i wys\u0142ucha\u0107 opowie\u015bci. Ka\u017cdy materia\u0142 oparty jest na materia\u0142ach og\u00f3lnodost\u0119pnych \u2013 archiwalnych, ale r\u00f3wnie\u017c drukowanych i audiowizualnych.<\/p>\n\n\n\n<p>Autorom projektu zale\u017cy, aby aplikacja mia\u0142a charakter partycypacyjny, st\u0105d szczeg\u00f3lne zaproszenie kierowane do podkowian, a tak\u017ce innych mieszka\u0144c\u00f3w regionu do uzupe\u0142niania tre\u015bci. Istotne s\u0105 informacje, a tak\u017ce materia\u0142y archiwalne, nierzadko b\u0119d\u0105ce cz\u0119\u015bci\u0105 historii rodzinnych, zdj\u0119cia i inne pami\u0105tki, kt\u00f3re b\u0119d\u0105 cenne dla przysz\u0142ych pokole\u0144 oraz turyst\u00f3w zwiedzaj\u0105cych Podkow\u0119.<\/p>\n\n\n\n<p>Nagrod\u0105 dla wszystkich, kt\u00f3rzy wezm\u0105 udzia\u0142 w akcji, b\u0119dzie bibliofilskie wydanie \u201eDziewcz\u0105t z Nowolipek&#8221; Poli Gojawiczy\u0144skiej \u2013 podkowianki i patronki biblioteki oraz inne publikacje podkowia\u0144skich instytucji kultury.<\/p>\n\n\n\n<p>Partnerami projektu s\u0105:<\/p>\n\n\n\n<p>&#8211; Towarzystwo Przyjaci\u00f3\u0142 Miasta Ogrodu Podkowa Le\u015bna (kt\u00f3re proponuje ju\u017c na swojej stronie tematyczne trasy turystyczne po Podkowie),<\/p>\n\n\n\n<p>&#8211; Miejska Biblioteka Publiczna im. Poli Gojawiczy\u0144skiej w Podkowie Le\u015bnej,<\/p>\n\n\n\n<p>&#8211; Muzeum im. Anny i Jaros\u0142awa Iwaszkiewicz\u00f3w \u2013 Stawisko.<\/p>\n\n\n\n<p>W celu uzupe\u0142nienia materia\u0142\u00f3w mo\u017cna kontaktowa\u0107 si\u0119 z Marcinem \u015aliw\u0105, koordynatorem projektu pod nr tel.: 664 114 080 lub drog\u0105 mailow\u0105: marcin.sliwa@ckiopodkowa.pl. Aby pobra\u0107 aplikacj\u0119, nale\u017cy wej\u015b\u0107 na stron\u0119: <strong><em>https:\/\/apple.co\/2xTerNW<\/em><\/strong>.<\/p>\n\n\n\n<p class=\"has-text-align-right\"><strong>(ak)<\/strong>, Fot.: <strong><em>Pixabay<\/em><\/strong><\/p>\n","protected":false},"excerpt":{"rendered":"<p>Centrum Kultury Inicjatyw Obywatelskich w Podkowie Le\u015bnej z\u0142o\u017cy\u0142o jaki\u015b czas temu wniosek w konkursie og\u0142oszonym przez LGD \u201eZielone S\u0105siedztwo\u201d na projekt multimedialnego przewodnika po Podkowie Le\u015bnej \u201ePodkowa M\u00f3wi\u201d. Inicjatywa zosta\u0142a rozpatrzona, a aplikacja ju\u017c dzia\u0142a. Zapraszamy do multimedialnego zwiedzania. Projekt uzyska\u0142 dofinansowanie z Urz\u0119du Marsza\u0142kowskiego w kwocie ponad 36 tys. z\u0142otych. Przewodnik multimedialny po Podkowie [&hellip;]<\/p>\n","protected":false},"author":2,"featured_media":4460,"comment_status":"closed","ping_status":"open","sticky":false,"template":"","format":"standard","meta":{"footnotes":""},"categories":[5],"tags":[],"class_list":["post-4459","post","type-post","status-publish","format-standard","has-post-thumbnail","hentry","category-wiadomosci"],"_links":{"self":[{"href":"https:\/\/fleschmazowsza.com.pl\/index.php?rest_route=\/wp\/v2\/posts\/4459","targetHints":{"allow":["GET"]}}],"collection":[{"href":"https:\/\/fleschmazowsza.com.pl\/index.php?rest_route=\/wp\/v2\/posts"}],"about":[{"href":"https:\/\/fleschmazowsza.com.pl\/index.php?rest_route=\/wp\/v2\/types\/post"}],"author":[{"embeddable":true,"href":"https:\/\/fleschmazowsza.com.pl\/index.php?rest_route=\/wp\/v2\/users\/2"}],"replies":[{"embeddable":true,"href":"https:\/\/fleschmazowsza.com.pl\/index.php?rest_route=%2Fwp%2Fv2%2Fcomments&post=4459"}],"version-history":[{"count":1,"href":"https:\/\/fleschmazowsza.com.pl\/index.php?rest_route=\/wp\/v2\/posts\/4459\/revisions"}],"predecessor-version":[{"id":4461,"href":"https:\/\/fleschmazowsza.com.pl\/index.php?rest_route=\/wp\/v2\/posts\/4459\/revisions\/4461"}],"wp:featuredmedia":[{"embeddable":true,"href":"https:\/\/fleschmazowsza.com.pl\/index.php?rest_route=\/wp\/v2\/media\/4460"}],"wp:attachment":[{"href":"https:\/\/fleschmazowsza.com.pl\/index.php?rest_route=%2Fwp%2Fv2%2Fmedia&parent=4459"}],"wp:term":[{"taxonomy":"category","embeddable":true,"href":"https:\/\/fleschmazowsza.com.pl\/index.php?rest_route=%2Fwp%2Fv2%2Fcategories&post=4459"},{"taxonomy":"post_tag","embeddable":true,"href":"https:\/\/fleschmazowsza.com.pl\/index.php?rest_route=%2Fwp%2Fv2%2Ftags&post=4459"}],"curies":[{"name":"wp","href":"https:\/\/api.w.org\/{rel}","templated":true}]}}