{"id":4456,"date":"2021-10-08T11:26:01","date_gmt":"2021-10-08T10:26:01","guid":{"rendered":"http:\/\/fleschmazowsza.com.pl\/?p=4456"},"modified":"2021-10-08T11:26:02","modified_gmt":"2021-10-08T10:26:02","slug":"okulary-czy-soczewki-kontaktowe-co-wybieraja-polacy","status":"publish","type":"post","link":"https:\/\/fleschmazowsza.com.pl\/?p=4456","title":{"rendered":"Okulary czy soczewki kontaktowe \u2013 co wybieraj\u0105 Polacy?"},"content":{"rendered":"\n<p><strong>Wady wzroku nale\u017cy korygowa\u0107, co poza zwi\u0119kszeniem komfortu w codziennym funkcjonowaniu, przede wszystkim minimalizuje dalszy ich rozw\u00f3j. Jak pokaza\u0142o badanie opinii publicznej zrealizowane przez instytut IQS na zlecenie og\u00f3lnopolskiej kampanii zdrowotnej \u201eTwoje spojrzenie ma znaczenie\u201d korekcj\u0119 wzroku zalecono 60% Polakom, kt\u00f3rzy byli na wizycie u specjalisty optyka czy optometrysty. Znacznie wi\u0119ksz\u0105 popularno\u015bci\u0105 ciesz\u0105 si\u0119 okulary i a\u017c 86% spo\u015br\u00f3d tych os\u00f3b nigdy nie nosi\u0142o szkie\u0142 kontaktowych.<\/strong><\/p>\n\n\n\n<p>Wyb\u00f3r okular\u00f3w i soczewek kontaktowych na rynku jest bardzo du\u017cy, a ich prawid\u0142owy dob\u00f3r, opr\u00f3cz naszych preferencji estetycznych, bezwzgl\u0119dnie musi by\u0107 dokonany przez specjalist\u00f3w. Pozostaje te\u017c kwestia tego, czy decydujemy si\u0119 na noszenie okular\u00f3w czy te\u017c stosowanie soczewek kontaktowych. Oba rozwi\u0105zania maj\u0105 swoich zwolennik\u00f3w i przeciwnik\u00f3w.<\/p>\n\n\n\n<p>Jak pokaza\u0142o badanie zrealizowane przez instytut IQS na zlecenie og\u00f3lnopolskiej kampanii zdrowotnej \u201eTwoje spojrzenie ma znaczenie\u201d, w\u015br\u00f3d os\u00f3b, kt\u00f3rym specjalista zaleci\u0142 korekcj\u0119 wzroku 31% Polak\u00f3w nosi okulary codziennie, a zaledwie 5% szk\u0142a kontaktowe.<\/p>\n\n\n\n<p class=\"has-text-align-center\"><strong>Okularnicy<\/strong><\/p>\n\n\n\n<p>&#8211; Co trzeci Polak przyznaje, \u017ce nie dba wystarczaj\u0105co o oczy, a a\u017c co czwarty ocenia stan swoich oczu \u017ale lub bardzo \u017ale. Niestety, ale takie zaniedbania powoduj\u0105, \u017ce wady i choroby tego tak wa\u017cnego i delikatnego narz\u0105du pog\u0142\u0119biaj\u0105 si\u0119, co w konsekwencji znacznie utrudnia osi\u0105ganie po\u017c\u0105danych efekt\u00f3w w trakcie leczenia \u2013 m\u00f3wi okulista dr n. med. Agnieszka Nowosielska.<\/p>\n\n\n\n<p>Ci, kt\u00f3rzy zdaj\u0105 sobie z tego spraw\u0119 korzystaj\u0105 z powszechnie dost\u0119pnej pomocy specjalist\u00f3w w efekcie czego nosz\u0105 okulary i najcz\u0119\u015bciej wybieraj\u0105 te normalne, korekcyjne. 40% os\u00f3b, szczeg\u00f3lnie tych pracuj\u0105cych przy komputerze dodatkowo wybiera szk\u0142a ze specjalnym filtrem \u015bwiat\u0142a niebieskiego.<\/p>\n\n\n\n<p>Okulary, opr\u00f3cz swojej g\u0142\u00f3wnej cechy prozdrowotnej s\u0105 r\u00f3wnie\u017c dope\u0142nieniem naszego wygl\u0105du, garderoby, odzwierciedleniem osobowo\u015bci i stylu, dlatego s\u0105 te\u017c osoby, kt\u00f3re je nosz\u0105 pomimo braku wady wzroku z neutralnymi szk\u0142ami tzw. \u201ezer\u00f3wkami\u201d.<\/p>\n\n\n\n<p class=\"has-text-align-center\"><strong>Szk\u0142a kontaktowe<\/strong><\/p>\n\n\n\n<p>Szk\u0142a kontaktowe coraz cz\u0119\u015bciej s\u0105 stosowane w miejsce klasycznych okular\u00f3w, ze wzgl\u0119du na wiele udogodnie\u0144, kt\u00f3re oferuj\u0105 u\u017cytkownikom. Przede wszystkim nie zniekszta\u0142caj\u0105 pola widzenia, nie paruj\u0105, nie t\u0142uk\u0105 si\u0119 i nie kr\u0119puj\u0105, co z kolei daje du\u017co swobody podczas aktywno\u015bci fizycznej i uprawiania sport\u00f3w. Ci kt\u00f3rzy doceniaj\u0105 te walory i wybieraj\u0105 \u201ekontakty\u201d w wi\u0119kszo\u015bci, bo a\u017c w 70% stosuj\u0105 zwyk\u0142e korekcyjne, a osobom sp\u0119dzaj\u0105cym du\u017co czasu przed ekranami komputer\u00f3w zdarza si\u0119 tak\u017ce u\u017cywanie soczewek z filtrem \u015bwiat\u0142a niebieskiego. Soczewki kontaktowe daj\u0105 te\u017c specyficzn\u0105, unikaln\u0105 mo\u017cliwo\u015b\u0107 zmiany koloru t\u0119cz\u00f3wki i wybiera 1 na 10 ankietowanych os\u00f3b.<\/p>\n\n\n\n<p class=\"has-text-align-center\"><strong>Codzienna higiena<\/strong><\/p>\n\n\n\n<p>To rozwi\u0105zanie korekcji wad wzroku nie mo\u017ce by\u0107 jednak stosowane u ka\u017cdego. Do przeciwwskaza\u0144 nale\u017c\u0105 cukrzyca typu B, infekcje, zesp\u00f3\u0142 suchego oka, grypa czy te\u017c cz\u0119ste p\u0142ywanie na basenie.<\/p>\n\n\n\n<p>&#8211; Bez wzgl\u0119du na to czy do korekcji wad wzroku wybierzemy okulary, czy szk\u0142a kontaktowe musimy pami\u0119ta\u0107 o odpowiedniej, codziennej higienie oczu. Jednym z cz\u0119stszych, dokuczliwych objaw\u00f3w nieprawid\u0142owego dbania jest zesp\u00f3\u0142 suchego oka, kt\u00f3ry jest przeciwwskazaniem do noszenia szkie\u0142 kontaktowych. W minimalizowaniu tego schorzenia skutecznie pomaga regularne u\u017cywanie kropli do oczu uzupe\u0142niaj\u0105cych film \u0142zowy &#8211; m\u00f3wi Micha\u0142 Cz\u0142onkowski, koordynator og\u00f3lnopolskiej kampanii zdrowotnej \u201eTwoje spojrzenie ma znaczenie\u201d.<\/p>\n\n\n\n<p class=\"has-text-align-right\"><strong>Artur Cheba<br><\/strong><em><strong>Biuro prasowe og\u00f3lnopolskiej kampanii zdrowotnej \u201eTwoje spojrzenie ma znaczenie&#8221;<\/strong><\/em><br>Fot. <em>Twoje spojrzenie ma znaczenie<\/em><\/p>\n","protected":false},"excerpt":{"rendered":"<p>Wady wzroku nale\u017cy korygowa\u0107, co poza zwi\u0119kszeniem komfortu w codziennym funkcjonowaniu, przede wszystkim minimalizuje dalszy ich rozw\u00f3j. Jak pokaza\u0142o badanie opinii publicznej zrealizowane przez instytut IQS na zlecenie og\u00f3lnopolskiej kampanii zdrowotnej \u201eTwoje spojrzenie ma znaczenie\u201d korekcj\u0119 wzroku zalecono 60% Polakom, kt\u00f3rzy byli na wizycie u specjalisty optyka czy optometrysty. Znacznie wi\u0119ksz\u0105 popularno\u015bci\u0105 ciesz\u0105 si\u0119 okulary [&hellip;]<\/p>\n","protected":false},"author":2,"featured_media":4457,"comment_status":"closed","ping_status":"open","sticky":false,"template":"","format":"standard","meta":{"footnotes":""},"categories":[8],"tags":[],"class_list":["post-4456","post","type-post","status-publish","format-standard","has-post-thumbnail","hentry","category-roznosci"],"_links":{"self":[{"href":"https:\/\/fleschmazowsza.com.pl\/index.php?rest_route=\/wp\/v2\/posts\/4456","targetHints":{"allow":["GET"]}}],"collection":[{"href":"https:\/\/fleschmazowsza.com.pl\/index.php?rest_route=\/wp\/v2\/posts"}],"about":[{"href":"https:\/\/fleschmazowsza.com.pl\/index.php?rest_route=\/wp\/v2\/types\/post"}],"author":[{"embeddable":true,"href":"https:\/\/fleschmazowsza.com.pl\/index.php?rest_route=\/wp\/v2\/users\/2"}],"replies":[{"embeddable":true,"href":"https:\/\/fleschmazowsza.com.pl\/index.php?rest_route=%2Fwp%2Fv2%2Fcomments&post=4456"}],"version-history":[{"count":1,"href":"https:\/\/fleschmazowsza.com.pl\/index.php?rest_route=\/wp\/v2\/posts\/4456\/revisions"}],"predecessor-version":[{"id":4458,"href":"https:\/\/fleschmazowsza.com.pl\/index.php?rest_route=\/wp\/v2\/posts\/4456\/revisions\/4458"}],"wp:featuredmedia":[{"embeddable":true,"href":"https:\/\/fleschmazowsza.com.pl\/index.php?rest_route=\/wp\/v2\/media\/4457"}],"wp:attachment":[{"href":"https:\/\/fleschmazowsza.com.pl\/index.php?rest_route=%2Fwp%2Fv2%2Fmedia&parent=4456"}],"wp:term":[{"taxonomy":"category","embeddable":true,"href":"https:\/\/fleschmazowsza.com.pl\/index.php?rest_route=%2Fwp%2Fv2%2Fcategories&post=4456"},{"taxonomy":"post_tag","embeddable":true,"href":"https:\/\/fleschmazowsza.com.pl\/index.php?rest_route=%2Fwp%2Fv2%2Ftags&post=4456"}],"curies":[{"name":"wp","href":"https:\/\/api.w.org\/{rel}","templated":true}]}}