{"id":4437,"date":"2021-09-10T13:15:09","date_gmt":"2021-09-10T12:15:09","guid":{"rendered":"http:\/\/fleschmazowsza.com.pl\/?p=4437"},"modified":"2021-09-10T13:15:10","modified_gmt":"2021-09-10T12:15:10","slug":"fotopulapka-w-nadarzynie-lapie-smieciarzy","status":"publish","type":"post","link":"https:\/\/fleschmazowsza.com.pl\/?p=4437","title":{"rendered":"Fotopu\u0142apka w Nadarzynie \u0142apie \u015bmieciarzy"},"content":{"rendered":"\n<p><strong>Pomys\u0142 w\u0142odarzy Nadarzyna okazuje si\u0119 zgodny z za\u0142o\u017ceniami. Z\u0142apani na gor\u0105cym uczynku \u015bmieciarze maj\u0105 jasny dow\u00f3d swoich przewinie\u0144. Jest masa mandat\u00f3w.<\/strong><\/p>\n\n\n\n<p>W trosce o \u015brodowisko i plag\u0119 os\u00f3b pozbywaj\u0105cych si\u0119 \u015bmieci w takich miejscach jak lasy, gmina Nadarzyn postanowi\u0142a walczy\u0107 z dzikimi wysypiskami. Rozwi\u0105zaniem tego problemu sta\u0142y si\u0119 fotopu\u0142apki. Instalacja urz\u0105dze\u0144 okazuje si\u0119 kluczowa w trosce o zachowanie porz\u0105dku na terenach zielonych. Dodatkowym \u201eatutem\u201d jest pi\u0119tnowanie tego rodzaju zachowa\u0144 i edukowanie spo\u0142ecze\u0144stwa.<\/p>\n\n\n\n<p>\u2013 M\u00f3wi\u0142em i pisa\u0142em, \u017ce \u201e\u015bmieciarzom\u201d, kt\u00f3rzy pozbywaj\u0105 si\u0119 swoich \u015bmieci w naszych lasach, przydro\u017cnych rowach czy przy drogach wydali\u015bmy wojn\u0119 \u2013 zaznacza w\u00f3jt gminy Nadarzyn Dariusz Zwoli\u0144ski.<\/p>\n\n\n\n<p>Obszary zielone, parki i lasy powinny by\u0107 miejscem odpoczynku, relaksu i regeneracji, nie za\u015b \u2013 obserwowania pi\u0119trz\u0105cych si\u0119 work\u00f3w ze \u015bmieciami. Dbanie o wizerunek zielonej przestrzeni powinien by\u0107 priorytetem wszystkich mieszka\u0144c\u00f3w.<\/p>\n\n\n\n<p>Efekty pojawi\u0142y si\u0119 bardzo szybko. \u015amieci znalaz\u0142y si\u0119 na ul. My\u015bliwskiej w Ru\u015bcu, ale stra\u017cnikom gminnym uda\u0142o si\u0119 ustali\u0107, kto jest w\u0142a\u015bcicielem odpad\u00f3w. Osoba odpowiedzialna za wyrzucenie \u015bmieci t\u0142umaczy\u0142a si\u0119, \u017ce odpady mia\u0142y trafi\u0107 do PSZOK, ale\u2026 no w\u0142a\u015bnie, nie trafi\u0142y. Ukarano go mandatem 500 z\u0142 oraz obowi\u0105zkiem usuni\u0119cia odpad\u00f3w.<\/p>\n\n\n\n<p>Kolejny przypadek dotyczy ul. S\u0119czkowej w Nadarzynie. Obywatel Rosji zamieszkuj\u0105cy w o\u015brodku dla uchod\u017ac\u00f3w za\u015bmieca\u0142 las. Z\u0142apany na gor\u0105cym uczynku zosta\u0142 ukarany mandatem w wysoko\u015bci 100 z\u0142.<\/p>\n\n\n\n<p>W\u00f3jt Nadarzyna zapowiada walk\u0119 z tego typu zachowaniami:<\/p>\n\n\n\n<p>\u2013 Liczb\u0119 fotopu\u0142apek b\u0119dziemy zwi\u0119ksza\u0107. Nikt uprawiaj\u0105cy ten proceder nie mo\u017ce czu\u0107 si\u0119 bezpieczny, poniewa\u017c pieni\u0105dze z mandat\u00f3w b\u0119dziemy przeznacza\u0107 na zakup kolejnych kamer \u2013 t\u0142umaczy w\u00f3jt Zwoli\u0144ski.<\/p>\n\n\n\n<p class=\"has-text-align-right\"><strong>(ak)<\/strong>, Fot.: <strong><em>Dariusz Zwoli\u0144ski, Facebook<\/em><\/strong><\/p>\n","protected":false},"excerpt":{"rendered":"<p>Pomys\u0142 w\u0142odarzy Nadarzyna okazuje si\u0119 zgodny z za\u0142o\u017ceniami. Z\u0142apani na gor\u0105cym uczynku \u015bmieciarze maj\u0105 jasny dow\u00f3d swoich przewinie\u0144. Jest masa mandat\u00f3w. W trosce o \u015brodowisko i plag\u0119 os\u00f3b pozbywaj\u0105cych si\u0119 \u015bmieci w takich miejscach jak lasy, gmina Nadarzyn postanowi\u0142a walczy\u0107 z dzikimi wysypiskami. Rozwi\u0105zaniem tego problemu sta\u0142y si\u0119 fotopu\u0142apki. Instalacja urz\u0105dze\u0144 okazuje si\u0119 kluczowa w [&hellip;]<\/p>\n","protected":false},"author":2,"featured_media":4438,"comment_status":"closed","ping_status":"open","sticky":false,"template":"","format":"standard","meta":{"footnotes":""},"categories":[5],"tags":[],"class_list":["post-4437","post","type-post","status-publish","format-standard","has-post-thumbnail","hentry","category-wiadomosci"],"_links":{"self":[{"href":"https:\/\/fleschmazowsza.com.pl\/index.php?rest_route=\/wp\/v2\/posts\/4437","targetHints":{"allow":["GET"]}}],"collection":[{"href":"https:\/\/fleschmazowsza.com.pl\/index.php?rest_route=\/wp\/v2\/posts"}],"about":[{"href":"https:\/\/fleschmazowsza.com.pl\/index.php?rest_route=\/wp\/v2\/types\/post"}],"author":[{"embeddable":true,"href":"https:\/\/fleschmazowsza.com.pl\/index.php?rest_route=\/wp\/v2\/users\/2"}],"replies":[{"embeddable":true,"href":"https:\/\/fleschmazowsza.com.pl\/index.php?rest_route=%2Fwp%2Fv2%2Fcomments&post=4437"}],"version-history":[{"count":1,"href":"https:\/\/fleschmazowsza.com.pl\/index.php?rest_route=\/wp\/v2\/posts\/4437\/revisions"}],"predecessor-version":[{"id":4439,"href":"https:\/\/fleschmazowsza.com.pl\/index.php?rest_route=\/wp\/v2\/posts\/4437\/revisions\/4439"}],"wp:featuredmedia":[{"embeddable":true,"href":"https:\/\/fleschmazowsza.com.pl\/index.php?rest_route=\/wp\/v2\/media\/4438"}],"wp:attachment":[{"href":"https:\/\/fleschmazowsza.com.pl\/index.php?rest_route=%2Fwp%2Fv2%2Fmedia&parent=4437"}],"wp:term":[{"taxonomy":"category","embeddable":true,"href":"https:\/\/fleschmazowsza.com.pl\/index.php?rest_route=%2Fwp%2Fv2%2Fcategories&post=4437"},{"taxonomy":"post_tag","embeddable":true,"href":"https:\/\/fleschmazowsza.com.pl\/index.php?rest_route=%2Fwp%2Fv2%2Ftags&post=4437"}],"curies":[{"name":"wp","href":"https:\/\/api.w.org\/{rel}","templated":true}]}}