{"id":4434,"date":"2021-09-10T13:13:22","date_gmt":"2021-09-10T12:13:22","guid":{"rendered":"http:\/\/fleschmazowsza.com.pl\/?p=4434"},"modified":"2021-09-10T13:13:23","modified_gmt":"2021-09-10T12:13:23","slug":"kulinarna-podroz-dookola-swiata-na-zakonczenie-lata","status":"publish","type":"post","link":"https:\/\/fleschmazowsza.com.pl\/?p=4434","title":{"rendered":"Kulinarna podr\u00f3\u017c dooko\u0142a \u015bwiata na zako\u0144czenie lata!"},"content":{"rendered":"\n<p><strong>Cho\u0107 lato zmierza ku ko\u0144cowi, pozytywna atmosfera w Pruszkowie trwa. Ju\u017c nied\u0142ugo przy Arenie Pruszk\u00f3w zaparkuj\u0105 restauracje na k\u00f3\u0142kach, w kt\u00f3rych przyrz\u0105dzane b\u0119d\u0105 dania rodem z Meksyku, Wietnamu, Gruzji czy Hiszpanii.<\/strong><\/p>\n\n\n\n<p>Mobilne restauracje w akompaniamencie ciep\u0142ego i s\u0142onecznego lata kontynuuj\u0105 swoj\u0105 podr\u00f3\u017c jak Polska d\u0142uga i szeroka. Nim nadejdzie jesie\u0144 zabior\u0105 Was na jeszcze jedn\u0105 smaczn\u0105 wycieczk\u0119.<br>Tym razem w Pruszkowie b\u0119dzie mo\u017cna popr\u00f3bowa\u0107 azjatyckich piero\u017ck\u00f3w dim sum i wietnamskich sajgonek. Fanom wyrazistszych smak\u00f3w polecane s\u0105 specja\u0142y meksyka\u0144skie: quesadille, tacos i burrito. Na jaki stopie\u0144 ostro\u015bci si\u0119 zdecydujecie?<\/p>\n\n\n\n<p>Nie braknie te\u017c przedstawicieli kuchni z r\u00f3\u017cnych zak\u0105tk\u00f3w Europy: gruzi\u0144skich chinkali, czyli piero\u017ck\u00f3w w kszta\u0142cie sakiewek, belgijskich frytek i hiszpa\u0144skich churros ze s\u0142odkimi dodatkami. B\u0119d\u0105c na Festiwalu Smak\u00f3w Food Truck\u00f3w nie mo\u017cna te\u017c omin\u0105\u0107 klasycznych burger\u00f3w i ameryka\u0144skich corn dog\u00f3w \u2013 par\u00f3wek w cie\u015bcie kukurydzianym, podawanych na patyku. Je\u015bli jeszcze nie mieli\u015bcie okazji ich spr\u00f3bowa\u0107, nie mo\u017cecie ich przegapi\u0107!<\/p>\n\n\n\n<p>Festiwal Smak\u00f3w Food Truck\u00f3w to nie tylko jedzenie, ale te\u017c atrakcje dodatkowe. I dzieci i doro\u015bli znajd\u0105 co\u015b dla siebie. Czas oczekiwania na jedzonko najprzyjemniej jest sp\u0119dzi\u0107 ze znajomymi w strefie chilloutu, a dzieciaki mog\u0105 pu\u015bci\u0107 wodze fantazji w strefie kreatywnej dla najm\u0142odszych.<\/p>\n\n\n\n<p>Niemal tradycyjnie zostanie wybrany najsmaczniejszy food truck wydarzenia. Kto zdob\u0119dzie ten tytu\u0142 tym razem? Decyzja nale\u017cy do go\u015bci.<\/p>\n\n\n\n<p>Chcecie wiedzie\u0107 wi\u0119cej? Koniecznie do\u0142\u0105czcie do strony wydarzenia, gdzie poznacie szczeg\u00f3\u0142y dotycz\u0105ce wystawc\u00f3w, zasad bezpiecze\u0144stwa i b\u0119dziecie mogli wzi\u0105\u0107 udzia\u0142 w wyj\u0105tkowo pysznych konkursach!<\/p>\n\n\n\n<p>Strona wydarzenia: facebook.com\/events\/531143341435392<br>Co? IV Festiwal Smak\u00f3w Food Truck\u00f3w w Pruszkowie<\/p>\n\n\n\n<p>Gdzie? Parking przy torze kolarskim Arena Pruszk\u00f3w<\/p>\n\n\n\n<p>Kiedy? 11-12 wrze\u015bnia w godzinach 12-21 (sobota) i 12-20 (niedziela)<\/p>\n\n\n\n<p>Partner: Browar Amber<br><\/p>\n\n\n\n<p class=\"has-text-align-right\"><strong>Magda Okulewicz<\/strong><br><strong><em>Senior Event Manager<\/em><\/strong><\/p>\n","protected":false},"excerpt":{"rendered":"<p>Cho\u0107 lato zmierza ku ko\u0144cowi, pozytywna atmosfera w Pruszkowie trwa. Ju\u017c nied\u0142ugo przy Arenie Pruszk\u00f3w zaparkuj\u0105 restauracje na k\u00f3\u0142kach, w kt\u00f3rych przyrz\u0105dzane b\u0119d\u0105 dania rodem z Meksyku, Wietnamu, Gruzji czy Hiszpanii. Mobilne restauracje w akompaniamencie ciep\u0142ego i s\u0142onecznego lata kontynuuj\u0105 swoj\u0105 podr\u00f3\u017c jak Polska d\u0142uga i szeroka. Nim nadejdzie jesie\u0144 zabior\u0105 Was na jeszcze jedn\u0105 [&hellip;]<\/p>\n","protected":false},"author":2,"featured_media":4435,"comment_status":"closed","ping_status":"open","sticky":false,"template":"","format":"standard","meta":{"footnotes":""},"categories":[5],"tags":[],"class_list":["post-4434","post","type-post","status-publish","format-standard","has-post-thumbnail","hentry","category-wiadomosci"],"_links":{"self":[{"href":"https:\/\/fleschmazowsza.com.pl\/index.php?rest_route=\/wp\/v2\/posts\/4434","targetHints":{"allow":["GET"]}}],"collection":[{"href":"https:\/\/fleschmazowsza.com.pl\/index.php?rest_route=\/wp\/v2\/posts"}],"about":[{"href":"https:\/\/fleschmazowsza.com.pl\/index.php?rest_route=\/wp\/v2\/types\/post"}],"author":[{"embeddable":true,"href":"https:\/\/fleschmazowsza.com.pl\/index.php?rest_route=\/wp\/v2\/users\/2"}],"replies":[{"embeddable":true,"href":"https:\/\/fleschmazowsza.com.pl\/index.php?rest_route=%2Fwp%2Fv2%2Fcomments&post=4434"}],"version-history":[{"count":1,"href":"https:\/\/fleschmazowsza.com.pl\/index.php?rest_route=\/wp\/v2\/posts\/4434\/revisions"}],"predecessor-version":[{"id":4436,"href":"https:\/\/fleschmazowsza.com.pl\/index.php?rest_route=\/wp\/v2\/posts\/4434\/revisions\/4436"}],"wp:featuredmedia":[{"embeddable":true,"href":"https:\/\/fleschmazowsza.com.pl\/index.php?rest_route=\/wp\/v2\/media\/4435"}],"wp:attachment":[{"href":"https:\/\/fleschmazowsza.com.pl\/index.php?rest_route=%2Fwp%2Fv2%2Fmedia&parent=4434"}],"wp:term":[{"taxonomy":"category","embeddable":true,"href":"https:\/\/fleschmazowsza.com.pl\/index.php?rest_route=%2Fwp%2Fv2%2Fcategories&post=4434"},{"taxonomy":"post_tag","embeddable":true,"href":"https:\/\/fleschmazowsza.com.pl\/index.php?rest_route=%2Fwp%2Fv2%2Ftags&post=4434"}],"curies":[{"name":"wp","href":"https:\/\/api.w.org\/{rel}","templated":true}]}}